{"id":7051,"date":"2021-08-04T18:06:44","date_gmt":"2021-08-04T21:06:44","guid":{"rendered":"https:\/\/radiorevelacionfm.cl\/?p=7051"},"modified":"2021-08-04T18:06:44","modified_gmt":"2021-08-04T21:06:44","slug":"mercado-del-retail-y-tiendas-especializadas-lo-mas-reclamado-en-aysen-este-2021","status":"publish","type":"post","link":"https:\/\/radiorevelacionfm.cl\/?p=7051","title":{"rendered":"Mercado del retail y tiendas especializadas lo m\u00e1s reclamado en Ays\u00e9n este 2021"},"content":{"rendered":"<div class=\"flex_column av_one_full  flex_column_div av-zero-column-padding first  avia-builder-el-0  el_before_av_one_full  avia-builder-el-first  \" style='border-radius:0px; '><div  class='avia-image-container  av-styling-    avia-builder-el-1  avia-builder-el-no-sibling  avia-align-center '  itemprop=\"image\" itemscope=\"itemscope\" itemtype=\"https:\/\/schema.org\/ImageObject\"  ><div class='avia-image-container-inner'><div class='avia-image-overlay-wrap'><img decoding=\"async\" class='wp-image-7052 avia-img-lazy-loading-not-7052 avia_image' src=\"https:\/\/radiorevelacionfm.cl\/wp-content\/uploads\/2021\/08\/Sernac-reclamos-1-1.jpg\" alt='' title='Sernac reclamos (1) (1)' height=\"600\" width=\"1068\"  itemprop=\"thumbnailUrl\" srcset=\"https:\/\/radiorevelacionfm.cl\/wp-content\/uploads\/2021\/08\/Sernac-reclamos-1-1.jpg 1068w, https:\/\/radiorevelacionfm.cl\/wp-content\/uploads\/2021\/08\/Sernac-reclamos-1-1-300x169.jpg 300w, https:\/\/radiorevelacionfm.cl\/wp-content\/uploads\/2021\/08\/Sernac-reclamos-1-1-1030x579.jpg 1030w, https:\/\/radiorevelacionfm.cl\/wp-content\/uploads\/2021\/08\/Sernac-reclamos-1-1-768x431.jpg 768w, https:\/\/radiorevelacionfm.cl\/wp-content\/uploads\/2021\/08\/Sernac-reclamos-1-1-705x396.jpg 705w, https:\/\/radiorevelacionfm.cl\/wp-content\/uploads\/2021\/08\/Sernac-reclamos-1-1-600x337.jpg 600w\" sizes=\"(max-width: 1068px) 100vw, 1068px\" \/><\/div><\/div><\/div><\/div><div class=\"flex_column av_one_full  flex_column_div av-zero-column-padding first  avia-builder-el-2  el_after_av_one_full  el_before_av_one_full  column-top-margin\" style='border-radius:0px; '><section class=\"av_textblock_section \"  itemscope=\"itemscope\" itemtype=\"https:\/\/schema.org\/BlogPosting\" itemprop=\"blogPost\" ><div class='avia_textblock  '   itemprop=\"text\" ><p style=\"text-align: center;\"><strong><span style=\"font-size: 18pt;\">Mercado del retail y tiendas especializadas lo m\u00e1s reclamado en Ays\u00e9n este 2021<\/span><\/strong><\/p>\n<div id=\"gtx-trans\" style=\"position: absolute; left: -50px; top: 4.31534px;\">\n<div class=\"gtx-trans-icon\"><\/div>\n<\/div>\n<\/div><\/section><\/div><div class=\"flex_column av_one_full  flex_column_div av-zero-column-padding first  avia-builder-el-4  el_after_av_one_full  el_before_av_hr  column-top-margin\" style='border-radius:0px; '><section class=\"av_textblock_section \"  itemscope=\"itemscope\" itemtype=\"https:\/\/schema.org\/BlogPosting\" itemprop=\"blogPost\" ><div class='avia_textblock  '   itemprop=\"text\" ><p style=\"text-align: justify;\">Desde el 1 de enero hasta el 30 de junio de este a\u00f1o 2021, el SERNAC recibi\u00f3 1.856 reclamos por parte de los consumidores de la regi\u00f3n de Ays\u00e9n.<\/p>\n<p style=\"text-align: justify;\">Entre los mercados m\u00e1s reclamados se encuentra el retail y tiendas especializadas, con 570 quejas, lo que representa un 30,71% del total en este periodo del a\u00f1o. Lo sigue el de telecomunicaciones con 413 lo que equivale a un 22,25% y el mercado financiero con 258 o un 13,95%.<\/p>\n<p style=\"text-align: justify;\">Respecto de las causas de los reclamos en general, la causa m\u00e1s mencionada es retardo en la entrega de lo comprado, con el 14,71%, acumulando 273 quejas.<\/p>\n<p style=\"text-align: justify;\">La segunda causal m\u00e1s reclamada se clasifica por problemas de se\u00f1al, lentitud o cortes injustificados de servicios con 208 quejas (11,21%).<\/p>\n<p style=\"text-align: justify;\"><strong>Herramientas ciudadanas<\/strong><\/p>\n<p style=\"text-align: justify;\">Durante el contexto de la emergencia sanitaria, el SERNAC ha creado diversas herramientas que van en beneficio de los consumidores y que se encuentran en el sitio web institucional www.sernac.cl.<\/p>\n<p style=\"text-align: justify;\">La Directora Regional del SERNAC, Francisca Ortiz, explic\u00f3 que \u201ctodas estas herramientas son un apoyo para los consumidores, pues les permite acceder a informaci\u00f3n \u00fatil, que les sirve para tomar mejores decisiones e incluso, hacer tr\u00e1mites como terminar contratos sin tener que realizar tr\u00e1mites presenciales. Los consumidores hoy m\u00e1s que nunca necesitan facilidades y no dificultades\u201d.<\/p>\n<p style=\"text-align: justify;\">Entre las herramientas, destaca el \u201cBolet\u00edn empresas\u201d, plataforma que dispone informaci\u00f3n del comportamiento de las empresas respecto a los reclamos. \u201cEl objetivo es que los consumidores sepan qui\u00e9n es qui\u00e9n en el mercado y premien con su compra o contrataci\u00f3n a las empresas que tienen mejor comportamiento frente a los reclamos\u201d, sostuvo la autoridad Regional.<\/p>\n<p style=\"text-align: justify;\"><strong>Bolet\u00edn Empresas:<\/strong> el primer buscador del comportamiento de las empresas que permitir\u00e1 a los consumidores conocer c\u00f3mo ha sido el historial de una determinada compa\u00f1\u00eda frente a los reclamos.<\/p>\n<p style=\"text-align: justify;\"><strong>\u201cMe Quiero Salir\u201d:<\/strong> plataforma digital que tiene como prop\u00f3sito facilitar a los consumidores terminar sus contratos con las empresas de telecomunicaciones y de seguros generales.<\/p>\n<p style=\"text-align: justify;\"><strong>Teleatenci\u00f3n:<\/strong> servicio para que las personas que lo requieran puedan ser atendidas por un ejecutivo de manera remota, con la misma calidad y cercan\u00eda de una atenci\u00f3n presencial.<\/p>\n<p style=\"text-align: justify;\"><strong>Buscador de bancos:<\/strong> los consumidores pueden acceder a la plataforma y buscar por instituci\u00f3n bancaria, regi\u00f3n y comuna, para acceder a un mapa georreferenciado con las sucursales disponibles y sus horarios de atenci\u00f3n.<\/p>\n<p style=\"text-align: justify;\"><strong>ACCIONES Y COMPENSACIONES <\/strong><\/p>\n<p style=\"text-align: justify;\">Durante el a\u00f1o pasado, el Servicio inici\u00f3 a nivel nacional 19 Procedimientos Voluntarios Colectivos con empresas de distintos mercados, los que suman un total de 38 casos desde la entrada en vigencia de la nueva Ley del Consumidor que regul\u00f3 dichas acciones extrajudiciales.<\/p>\n<p style=\"text-align: justify;\">Estos mecanismos extrajudiciales buscan lograr compensaciones sin tener que esperar los largos plazos de un juicio. De esta forma, se han obtenido cerca de 30 mil millones en compensaciones, dinero que ir\u00e1 en directo beneficio de m\u00e1s de 1 mill\u00f3n 300 mil personas.<\/p>\n<p style=\"text-align: justify;\">Asimismo, mediante avenimientos alcanzados en el marco de juicios colectivos, se logr\u00f3 la cifra hist\u00f3rica, de m\u00e1s de 11 mil millones en compensaciones, lo que benefici\u00f3 a 2 millones 754 mil personas.<\/p>\n<p style=\"text-align: justify;\">En suma, el Servicio logr\u00f3 en 2020 cerca de 40 mil millones en compensaciones por Procedimientos Voluntarios Colectivos y avenimientos.<\/p>\n<p style=\"text-align: justify;\">Adem\u00e1s, se presentaron demandas colectivas en contra de Falabella y Paris por el retardo en la entrega de productos en el mercado del comercio electr\u00f3nico y contra la empresa VTR en el mercado de las telecomunicaciones por la mala calidad del servicio entre otras acciones.<\/p>\n<p style=\"text-align: justify;\">Ante cualquier problema de consumo, los consumidores pueden recurrir al SERNAC visitando <a href=\"http:\/\/www.sernac.cl\">www.sernac.cl<\/a> o llamando al centro telef\u00f3nico 800 700 100.<\/p>\n<\/div><\/section><\/div><div  style='height:50px' class='hr hr-invisible   avia-builder-el-6  el_after_av_one_full  el_before_av_social_share '><span class='hr-inner ' ><span class='hr-inner-style'><\/span><\/span><\/div><\/p>\n<div  class='av-social-sharing-box  avia-builder-el-7  el_after_av_hr  el_before_av_hr  '><div class='av-share-box'><h5 class='av-share-link-description av-no-toc '>Compartir esta noticia<\/h5><ul class='av-share-box-list noLightbox'><li class='av-share-link av-social-link-facebook' ><a target=\"_blank\" aria-label=\"Compartir en Facebook\" href='https:\/\/www.facebook.com\/sharer.php?u=https:\/\/radiorevelacionfm.cl\/?p=7051&#038;t=Mercado%20del%20retail%20y%20tiendas%20especializadas%20lo%20m%C3%A1s%20reclamado%20en%20Ays%C3%A9n%20este%202021' aria-hidden='false' data-av_icon='\ue8f3' data-av_iconfont='entypo-fontello' title='' data-avia-related-tooltip='Compartir en Facebook' rel=\"noopener\"><span class='avia_hidden_link_text'>Compartir en Facebook<\/span><\/a><\/li><li class='av-share-link av-social-link-twitter' ><a target=\"_blank\" aria-label=\"Compartir en Twitter\" href='https:\/\/twitter.com\/share?text=Mercado%20del%20retail%20y%20tiendas%20especializadas%20lo%20m%C3%A1s%20reclamado%20en%20Ays%C3%A9n%20este%202021&#038;url=https:\/\/radiorevelacionfm.cl\/?p=7051' aria-hidden='false' data-av_icon='\ue8f1' data-av_iconfont='entypo-fontello' title='' data-avia-related-tooltip='Compartir en Twitter' rel=\"noopener\"><span class='avia_hidden_link_text'>Compartir en Twitter<\/span><\/a><\/li><li class='av-share-link av-social-link-whatsapp' ><a target=\"_blank\" aria-label=\"Compartir en Whatsapp\" href='https:\/\/api.whatsapp.com\/send?text=https:\/\/radiorevelacionfm.cl\/?p=7051' aria-hidden='false' data-av_icon='\uf232' data-av_iconfont='entypo-fontello' title='' data-avia-related-tooltip='Compartir en Whatsapp' rel=\"noopener\"><span class='avia_hidden_link_text'>Compartir en Whatsapp<\/span><\/a><\/li><li class='av-share-link av-social-link-linkedin' ><a target=\"_blank\" aria-label=\"Compartir en LinkedIn\" href='https:\/\/linkedin.com\/shareArticle?mini=true&#038;title=Mercado%20del%20retail%20y%20tiendas%20especializadas%20lo%20m%C3%A1s%20reclamado%20en%20Ays%C3%A9n%20este%202021&#038;url=https:\/\/radiorevelacionfm.cl\/?p=7051' aria-hidden='false' data-av_icon='\ue8fc' data-av_iconfont='entypo-fontello' title='' data-avia-related-tooltip='Compartir en LinkedIn' rel=\"noopener\"><span class='avia_hidden_link_text'>Compartir en LinkedIn<\/span><\/a><\/li><li class='av-share-link av-social-link-mail' ><a  aria-label=\"Compartir por correo\" href='mailto:?subject=Mercado%20del%20retail%20y%20tiendas%20especializadas%20lo%20m%C3%A1s%20reclamado%20en%20Ays%C3%A9n%20este%202021&#038;body=https:\/\/radiorevelacionfm.cl\/?p=7051' aria-hidden='false' data-av_icon='\ue805' data-av_iconfont='entypo-fontello' title='' data-avia-related-tooltip='Compartir por correo'><span class='avia_hidden_link_text'>Compartir por correo<\/span><\/a><\/li><\/ul><\/div><\/div>\n<div  style='height:50px' class='hr hr-invisible   avia-builder-el-8  el_after_av_social_share  el_before_av_comments_list '><span class='hr-inner ' ><span class='hr-inner-style'><\/span><\/span><\/div>\n<div  class='av-buildercomment  av-blog-meta-html-info-disabled av-blog-meta-tag-disabled  '><\/div>\n","protected":false},"excerpt":{"rendered":"","protected":false},"author":1,"featured_media":7052,"comment_status":"open","ping_status":"open","sticky":false,"template":"","format":"standard","meta":{"footnotes":""},"categories":[38],"tags":[],"class_list":["post-7051","post","type-post","status-publish","format-standard","has-post-thumbnail","hentry","category-regional"],"jetpack_featured_media_url":"https:\/\/radiorevelacionfm.cl\/wp-content\/uploads\/2021\/08\/Sernac-reclamos-1-1.jpg","_links":{"self":[{"href":"https:\/\/radiorevelacionfm.cl\/index.php?rest_route=\/wp\/v2\/posts\/7051","targetHints":{"allow":["GET"]}}],"collection":[{"href":"https:\/\/radiorevelacionfm.cl\/index.php?rest_route=\/wp\/v2\/posts"}],"about":[{"href":"https:\/\/radiorevelacionfm.cl\/index.php?rest_route=\/wp\/v2\/types\/post"}],"author":[{"embeddable":true,"href":"https:\/\/radiorevelacionfm.cl\/index.php?rest_route=\/wp\/v2\/users\/1"}],"replies":[{"embeddable":true,"href":"https:\/\/radiorevelacionfm.cl\/index.php?rest_route=%2Fwp%2Fv2%2Fcomments&post=7051"}],"version-history":[{"count":1,"href":"https:\/\/radiorevelacionfm.cl\/index.php?rest_route=\/wp\/v2\/posts\/7051\/revisions"}],"predecessor-version":[{"id":7053,"href":"https:\/\/radiorevelacionfm.cl\/index.php?rest_route=\/wp\/v2\/posts\/7051\/revisions\/7053"}],"wp:featuredmedia":[{"embeddable":true,"href":"https:\/\/radiorevelacionfm.cl\/index.php?rest_route=\/wp\/v2\/media\/7052"}],"wp:attachment":[{"href":"https:\/\/radiorevelacionfm.cl\/index.php?rest_route=%2Fwp%2Fv2%2Fmedia&parent=7051"}],"wp:term":[{"taxonomy":"category","embeddable":true,"href":"https:\/\/radiorevelacionfm.cl\/index.php?rest_route=%2Fwp%2Fv2%2Fcategories&post=7051"},{"taxonomy":"post_tag","embeddable":true,"href":"https:\/\/radiorevelacionfm.cl\/index.php?rest_route=%2Fwp%2Fv2%2Ftags&post=7051"}],"curies":[{"name":"wp","href":"https:\/\/api.w.org\/{rel}","templated":true}]}}