{"id":7048,"date":"2021-08-05T13:04:54","date_gmt":"2021-08-05T16:04:54","guid":{"rendered":"https:\/\/radiorevelacionfm.cl\/?p=7048"},"modified":"2021-08-05T13:04:54","modified_gmt":"2021-08-05T16:04:54","slug":"amplian-plazo-de-postulacion-para-convocatoria-nacional-de-ciencia-publica","status":"publish","type":"post","link":"https:\/\/radiorevelacionfm.cl\/?p=7048","title":{"rendered":"Ampl\u00edan plazo de postulaci\u00f3n para convocatoria nacional de Ciencia P\u00fablica"},"content":{"rendered":"<div class=\"flex_column av_one_full  flex_column_div av-zero-column-padding first  avia-builder-el-0  el_before_av_one_full  avia-builder-el-first  \" style='border-radius:0px; '><div  class='avia-image-container  av-styling-    avia-builder-el-1  avia-builder-el-no-sibling  avia-align-center '  itemprop=\"image\" itemscope=\"itemscope\" itemtype=\"https:\/\/schema.org\/ImageObject\"  ><div class='avia-image-container-inner'><div class='avia-image-overlay-wrap'><img decoding=\"async\" class='wp-image-7049 avia-img-lazy-loading-not-7049 avia_image' src=\"https:\/\/radiorevelacionfm.cl\/wp-content\/uploads\/2021\/08\/Ciencia-Publica-6-1-1.jpg\" alt='' title='Ciencia Publica 6 (1) (1)' height=\"600\" width=\"991\"  itemprop=\"thumbnailUrl\" srcset=\"https:\/\/radiorevelacionfm.cl\/wp-content\/uploads\/2021\/08\/Ciencia-Publica-6-1-1.jpg 991w, https:\/\/radiorevelacionfm.cl\/wp-content\/uploads\/2021\/08\/Ciencia-Publica-6-1-1-300x182.jpg 300w, https:\/\/radiorevelacionfm.cl\/wp-content\/uploads\/2021\/08\/Ciencia-Publica-6-1-1-768x465.jpg 768w, https:\/\/radiorevelacionfm.cl\/wp-content\/uploads\/2021\/08\/Ciencia-Publica-6-1-1-705x427.jpg 705w, https:\/\/radiorevelacionfm.cl\/wp-content\/uploads\/2021\/08\/Ciencia-Publica-6-1-1-600x363.jpg 600w\" sizes=\"(max-width: 991px) 100vw, 991px\" \/><\/div><\/div><\/div><\/div><div class=\"flex_column av_one_full  flex_column_div av-zero-column-padding first  avia-builder-el-2  el_after_av_one_full  el_before_av_one_full  column-top-margin\" style='border-radius:0px; '><section class=\"av_textblock_section \"  itemscope=\"itemscope\" itemtype=\"https:\/\/schema.org\/BlogPosting\" itemprop=\"blogPost\" ><div class='avia_textblock  '   itemprop=\"text\" ><p style=\"text-align: center;\"><strong><span style=\"font-size: 18pt;\">Ampl\u00edan plazo de postulaci\u00f3n para convocatoria nacional de Ciencia P\u00fablica <\/span><\/strong><\/p>\n<div id=\"gtx-trans\" style=\"position: absolute; left: -50px; top: 4.31534px;\">\n<div class=\"gtx-trans-icon\"><\/div>\n<\/div>\n<\/div><\/section><\/div><div class=\"flex_column av_one_full  flex_column_div av-zero-column-padding first  avia-builder-el-4  el_after_av_one_full  el_before_av_hr  column-top-margin\" style='border-radius:0px; '><section class=\"av_textblock_section \"  itemscope=\"itemscope\" itemtype=\"https:\/\/schema.org\/BlogPosting\" itemprop=\"blogPost\" ><div class='avia_textblock  '   itemprop=\"text\" ><p style=\"text-align: justify;\">El objetivo de la divisi\u00f3n Ciencia y Sociedad del MinCiencia, es promover la socializaci\u00f3n del conocimiento a trav\u00e9s del establecimiento de la arquitectura necesaria para facilitar su intercambio, diseminaci\u00f3n, integraci\u00f3n, aprendizaje y apropiaci\u00f3n social; poniendo \u00e9nfasis en la participaci\u00f3n y la articulaci\u00f3n de los distintos agentes sociales.<\/p>\n<p style=\"text-align: justify;\">En este contexto el programa Ciencia P\u00fablica busca generar espacios e instrumentos de socializaci\u00f3n del conocimiento fuera del sistema educativo, trabajo que se inici\u00f3 el a\u00f1o 2020 con el \u00abConcurso Nacional de Proyectos Ciencia P\u00fablica, de Divulgaci\u00f3n y Socializaci\u00f3n del Conocimiento\u00bb, y que en su versi\u00f3n 2021 duplica su financiamiento.<\/p>\n<p style=\"text-align: justify;\"><strong>Concursos Ciencia P\u00fablica<\/strong><\/p>\n<p style=\"text-align: justify;\">El Concurso Ciencia P\u00fablica de Espacios P\u00fablicos Regionales destinar\u00e1 $960 millones a proyectos de un m\u00e1ximo de $60 millones, que tengan por objetivo el desarrollo y\/o implementaci\u00f3n de espacios destinados a la divulgaci\u00f3n de la ciencia, tecnolog\u00eda, conocimiento e innovaci\u00f3n a trav\u00e9s de experiencias memorables abiertas al p\u00fablico. Se seleccionar\u00e1 un proyecto por regi\u00f3n.<\/p>\n<p style=\"text-align: justify;\">El Concurso Ciencia P\u00fablica de Productos de Divulgaci\u00f3n, destinar\u00e1 $810 millones a proyectos originales de m\u00e1ximo $30 millones que tengan por objetivo la creaci\u00f3n y\/o producci\u00f3n de material audiovisual, animaciones, obras esc\u00e9nicas, espect\u00e1culos, juegos y videojuegos, aplicaciones para dispositivos m\u00f3viles, podcast y publicaciones (libros, revistas), con contenidos cient\u00edficos.<\/p>\n<p style=\"text-align: justify;\">El Concurso Nacional Ciencia P\u00fablica de Proyectos Comunitarios destinar\u00e1 $160 millones a proyectos de m\u00e1ximo $8 millones, que busquen resolver problem\u00e1ticas y\/o generar conocimiento a partir de las necesidades e intereses de organizaciones comunitarias -como juntas de vecinos u organizaciones territoriales-, promoviendo la participaci\u00f3n de las mismas, y el trabajo con instituciones y\/o especialistas vinculados a la ciencia, tecnolog\u00eda, conocimiento e innovaci\u00f3n como centros de investigaci\u00f3n y universidades.<\/p>\n<p style=\"text-align: justify;\"><strong>\u00bfC\u00f3mo postular?<\/strong><\/p>\n<p style=\"text-align: justify;\">Hasta el 23 de agosto estar\u00e1n disponibles las bases en el sitio <a href=\"http:\/\/cienciapublica.cl\/concursos\/\">http:\/\/cienciapublica.cl\/concursos\/<\/a>. Las postulaciones se realizar\u00e1n a trav\u00e9s de la plataforma <a href=\"https:\/\/www.fondos.gob.cl\/\">https:\/\/www.fondos.gob.cl\/<\/a> a la que las y los postulantes deben registrarse previamente utilizando su Clave \u00danica.<\/p>\n<\/div><\/section><\/div><div  style='height:50px' class='hr hr-invisible   avia-builder-el-6  el_after_av_one_full  el_before_av_social_share '><span class='hr-inner ' ><span class='hr-inner-style'><\/span><\/span><\/div><\/p>\n<div  class='av-social-sharing-box  avia-builder-el-7  el_after_av_hr  el_before_av_hr  '><div class='av-share-box'><h5 class='av-share-link-description av-no-toc '>Compartir esta noticia<\/h5><ul class='av-share-box-list noLightbox'><li class='av-share-link av-social-link-facebook' ><a target=\"_blank\" aria-label=\"Compartir en Facebook\" href='https:\/\/www.facebook.com\/sharer.php?u=https:\/\/radiorevelacionfm.cl\/?p=7048&#038;t=Ampl%C3%ADan%20plazo%20de%20postulaci%C3%B3n%20para%20convocatoria%20nacional%20de%20Ciencia%20P%C3%BAblica' aria-hidden='false' data-av_icon='\ue8f3' data-av_iconfont='entypo-fontello' title='' data-avia-related-tooltip='Compartir en Facebook' rel=\"noopener\"><span class='avia_hidden_link_text'>Compartir en Facebook<\/span><\/a><\/li><li class='av-share-link av-social-link-twitter' ><a target=\"_blank\" aria-label=\"Compartir en Twitter\" href='https:\/\/twitter.com\/share?text=Ampl%C3%ADan%20plazo%20de%20postulaci%C3%B3n%20para%20convocatoria%20nacional%20de%20Ciencia%20P%C3%BAblica&#038;url=https:\/\/radiorevelacionfm.cl\/?p=7048' aria-hidden='false' data-av_icon='\ue8f1' data-av_iconfont='entypo-fontello' title='' data-avia-related-tooltip='Compartir en Twitter' rel=\"noopener\"><span class='avia_hidden_link_text'>Compartir en Twitter<\/span><\/a><\/li><li class='av-share-link av-social-link-whatsapp' ><a target=\"_blank\" aria-label=\"Compartir en Whatsapp\" href='https:\/\/api.whatsapp.com\/send?text=https:\/\/radiorevelacionfm.cl\/?p=7048' aria-hidden='false' data-av_icon='\uf232' data-av_iconfont='entypo-fontello' title='' data-avia-related-tooltip='Compartir en Whatsapp' rel=\"noopener\"><span class='avia_hidden_link_text'>Compartir en Whatsapp<\/span><\/a><\/li><li class='av-share-link av-social-link-linkedin' ><a target=\"_blank\" aria-label=\"Compartir en LinkedIn\" href='https:\/\/linkedin.com\/shareArticle?mini=true&#038;title=Ampl%C3%ADan%20plazo%20de%20postulaci%C3%B3n%20para%20convocatoria%20nacional%20de%20Ciencia%20P%C3%BAblica&#038;url=https:\/\/radiorevelacionfm.cl\/?p=7048' aria-hidden='false' data-av_icon='\ue8fc' data-av_iconfont='entypo-fontello' title='' data-avia-related-tooltip='Compartir en LinkedIn' rel=\"noopener\"><span class='avia_hidden_link_text'>Compartir en LinkedIn<\/span><\/a><\/li><li class='av-share-link av-social-link-mail' ><a  aria-label=\"Compartir por correo\" href='mailto:?subject=Ampl%C3%ADan%20plazo%20de%20postulaci%C3%B3n%20para%20convocatoria%20nacional%20de%20Ciencia%20P%C3%BAblica&#038;body=https:\/\/radiorevelacionfm.cl\/?p=7048' aria-hidden='false' data-av_icon='\ue805' data-av_iconfont='entypo-fontello' title='' data-avia-related-tooltip='Compartir por correo'><span class='avia_hidden_link_text'>Compartir por correo<\/span><\/a><\/li><\/ul><\/div><\/div>\n<div  style='height:50px' class='hr hr-invisible   avia-builder-el-8  el_after_av_social_share  el_before_av_comments_list '><span class='hr-inner ' ><span class='hr-inner-style'><\/span><\/span><\/div>\n<div  class='av-buildercomment  av-blog-meta-html-info-disabled av-blog-meta-tag-disabled  '><\/div>\n","protected":false},"excerpt":{"rendered":"","protected":false},"author":1,"featured_media":7049,"comment_status":"open","ping_status":"open","sticky":false,"template":"","format":"standard","meta":{"footnotes":""},"categories":[53],"tags":[],"class_list":["post-7048","post","type-post","status-publish","format-standard","has-post-thumbnail","hentry","category-ciencia"],"jetpack_featured_media_url":"https:\/\/radiorevelacionfm.cl\/wp-content\/uploads\/2021\/08\/Ciencia-Publica-6-1-1.jpg","_links":{"self":[{"href":"https:\/\/radiorevelacionfm.cl\/index.php?rest_route=\/wp\/v2\/posts\/7048","targetHints":{"allow":["GET"]}}],"collection":[{"href":"https:\/\/radiorevelacionfm.cl\/index.php?rest_route=\/wp\/v2\/posts"}],"about":[{"href":"https:\/\/radiorevelacionfm.cl\/index.php?rest_route=\/wp\/v2\/types\/post"}],"author":[{"embeddable":true,"href":"https:\/\/radiorevelacionfm.cl\/index.php?rest_route=\/wp\/v2\/users\/1"}],"replies":[{"embeddable":true,"href":"https:\/\/radiorevelacionfm.cl\/index.php?rest_route=%2Fwp%2Fv2%2Fcomments&post=7048"}],"version-history":[{"count":1,"href":"https:\/\/radiorevelacionfm.cl\/index.php?rest_route=\/wp\/v2\/posts\/7048\/revisions"}],"predecessor-version":[{"id":7050,"href":"https:\/\/radiorevelacionfm.cl\/index.php?rest_route=\/wp\/v2\/posts\/7048\/revisions\/7050"}],"wp:featuredmedia":[{"embeddable":true,"href":"https:\/\/radiorevelacionfm.cl\/index.php?rest_route=\/wp\/v2\/media\/7049"}],"wp:attachment":[{"href":"https:\/\/radiorevelacionfm.cl\/index.php?rest_route=%2Fwp%2Fv2%2Fmedia&parent=7048"}],"wp:term":[{"taxonomy":"category","embeddable":true,"href":"https:\/\/radiorevelacionfm.cl\/index.php?rest_route=%2Fwp%2Fv2%2Fcategories&post=7048"},{"taxonomy":"post_tag","embeddable":true,"href":"https:\/\/radiorevelacionfm.cl\/index.php?rest_route=%2Fwp%2Fv2%2Ftags&post=7048"}],"curies":[{"name":"wp","href":"https:\/\/api.w.org\/{rel}","templated":true}]}}