{"id":7045,"date":"2021-08-05T10:25:46","date_gmt":"2021-08-05T13:25:46","guid":{"rendered":"https:\/\/radiorevelacionfm.cl\/?p=7045"},"modified":"2021-08-05T10:25:46","modified_gmt":"2021-08-05T13:25:46","slug":"comenzaron-las-semanas-formativas-virtuales-futuro-tecnico-con-mas-de-390-estudiantes-conectados","status":"publish","type":"post","link":"https:\/\/radiorevelacionfm.cl\/?p=7045","title":{"rendered":"Comenzaron las Semanas Formativas Virtuales Futuro T\u00e9cnico con m\u00e1s de 390 estudiantes conectados"},"content":{"rendered":"<div class=\"flex_column av_one_full  flex_column_div av-zero-column-padding first  avia-builder-el-0  el_before_av_one_full  avia-builder-el-first  \" style='border-radius:0px; '><div  class='avia-image-container  av-styling-    avia-builder-el-1  avia-builder-el-no-sibling  avia-align-center '  itemprop=\"image\" itemscope=\"itemscope\" itemtype=\"https:\/\/schema.org\/ImageObject\"  ><div class='avia-image-container-inner'><div class='avia-image-overlay-wrap'><img decoding=\"async\" class='wp-image-7046 avia-img-lazy-loading-not-7046 avia_image' src=\"https:\/\/radiorevelacionfm.cl\/wp-content\/uploads\/2021\/08\/Semana-Formativa-Turismo-1-1.jpg\" alt='' title='Semana Formativa Turismo (1) (1)' height=\"600\" width=\"1067\"  itemprop=\"thumbnailUrl\" srcset=\"https:\/\/radiorevelacionfm.cl\/wp-content\/uploads\/2021\/08\/Semana-Formativa-Turismo-1-1.jpg 1067w, https:\/\/radiorevelacionfm.cl\/wp-content\/uploads\/2021\/08\/Semana-Formativa-Turismo-1-1-300x169.jpg 300w, https:\/\/radiorevelacionfm.cl\/wp-content\/uploads\/2021\/08\/Semana-Formativa-Turismo-1-1-1030x579.jpg 1030w, https:\/\/radiorevelacionfm.cl\/wp-content\/uploads\/2021\/08\/Semana-Formativa-Turismo-1-1-768x432.jpg 768w, https:\/\/radiorevelacionfm.cl\/wp-content\/uploads\/2021\/08\/Semana-Formativa-Turismo-1-1-705x396.jpg 705w, https:\/\/radiorevelacionfm.cl\/wp-content\/uploads\/2021\/08\/Semana-Formativa-Turismo-1-1-600x337.jpg 600w\" sizes=\"(max-width: 1067px) 100vw, 1067px\" \/><\/div><\/div><\/div><\/div><div class=\"flex_column av_one_full  flex_column_div av-zero-column-padding first  avia-builder-el-2  el_after_av_one_full  el_before_av_one_full  column-top-margin\" style='border-radius:0px; '><section class=\"av_textblock_section \"  itemscope=\"itemscope\" itemtype=\"https:\/\/schema.org\/BlogPosting\" itemprop=\"blogPost\" ><div class='avia_textblock  '   itemprop=\"text\" ><p style=\"text-align: center;\"><strong><span style=\"font-size: 18pt;\">Comenzaron las Semanas Formativas Virtuales Futuro T\u00e9cnico con m\u00e1s de 390 estudiantes conectados<\/span><\/strong><\/p>\n<div id=\"gtx-trans\" style=\"position: absolute; left: -50px; top: 4.31534px;\">\n<div class=\"gtx-trans-icon\"><\/div>\n<\/div>\n<\/div><\/section><\/div><div class=\"flex_column av_one_full  flex_column_div av-zero-column-padding first  avia-builder-el-4  el_after_av_one_full  el_before_av_hr  column-top-margin\" style='border-radius:0px; '><section class=\"av_textblock_section \"  itemscope=\"itemscope\" itemtype=\"https:\/\/schema.org\/BlogPosting\" itemprop=\"blogPost\" ><div class='avia_textblock  '   itemprop=\"text\" ><p class=\"v1MsoNormal\" style=\"text-align: justify;\">Las Semanas Formativas Virtuales son una oportunidad para que estudiantes de Educaci\u00f3n Media T\u00e9cnico Profesional puedan conectarse con expositores de diferentes industrias, trabajando el curr\u00edculo acad\u00e9mico de 3ero y 4to medio de los liceos t\u00e9cnicos. Esta primera semana \u2013del 2 al 6 de agosto- es el turno del rubro Turismo, Hoteler\u00eda y Gastronom\u00eda. Posteriormente vendr\u00e1n las \u00e1reas Agropecuaria, Construcci\u00f3n, Tecnolog\u00edas y Mantenci\u00f3n.<\/p>\n<p class=\"v1MsoNormal\" style=\"text-align: justify;\">Exposiciones motivacionales y t\u00e9cnicas de reconocidos empresarios locales como Fundaci\u00f3n Tompkins, Hoteles The Singular y Cumbres, Cervecer\u00eda Kunstmann y servicios p\u00fablicos como Conaf y Sernatur, entre otros, dan vida a la experiencia de esta semana.<\/p>\n<p class=\"v1MsoNormal\" style=\"text-align: justify;\">El\u00a0Seremi de Educaci\u00f3n de Ays\u00e9n Sergio Becerra Mera coment\u00f3 que \u201cEs destacable la consolidaci\u00f3n de la iniciativa de las semanas formativas insertas dentro del trabajo de la Red Futuro T\u00e9cnico Ays\u00e9n, particularmente en \u00e1reas como Turismo, Agropecuaria, Acuicultura, Tecnolog\u00edas y Construcci\u00f3n, todas actividades productivas priorizadas dentro de la estrategia de desarrollo regional\u201d.<\/p>\n<p class=\"v1MsoNormal\" style=\"text-align: justify;\">Por su parte, Bernardita Lazo, Jefa de Proyecto Futuro T\u00e9cnico en Ays\u00e9n evalu\u00f3 este primer d\u00eda e invit\u00f3 a los liceos TP de la regi\u00f3n a sumarse a las pr\u00f3ximas actividades. \u201cPartimos la primera charla con casi 400 conectados y esperamos que, al finalizar este intenso mes de actividades, haber llegado a m\u00e1s de 3 mil. Para ellas y ellos, es una oportunidad real de conversar directamente con los actores principales de las industrias en las que se est\u00e1n formando. Es una tremenda oportunidad para todos los estudiantes t\u00e9cnicos de la macrozona sur, por lo que los invito a estar atentos al calendario de actividades de agosto y sumarse.\u201d<\/p>\n<p class=\"v1MsoNormal\" style=\"text-align: justify;\"><b>Horas de pr\u00e1ctica profesional<\/b><\/p>\n<p class=\"v1MsoNormal\" style=\"text-align: justify;\">Aprovechando que el Mineduc actualiz\u00f3 el decreto de Alternancia, varios liceos de la macrozona presentaron a sus autoridades locales documentaci\u00f3n necesaria que permitir\u00e1 validar este proceso de formaci\u00f3n virtual como parte de las horas de pr\u00e1ctica profesional requeridas para la titulaci\u00f3n t\u00e9cnico profesional de sus estudiantes.<\/p>\n<p class=\"v1MsoNormal\" style=\"text-align: justify;\">Las charlas de las Semanas Formativas Virtuales ser\u00e1n transmitidas por los Fanpage de\u00a0<a href=\"https:\/\/www.facebook.com\/ONGCanales.cl\" target=\"_blank\" rel=\"noopener noreferrer\">ONG Canales<\/a>\u00a0y de\u00a0<a href=\"https:\/\/www.facebook.com\/FuturoTecnicoMacrozonalSur\" target=\"_blank\" rel=\"noopener noreferrer\">Futuro T\u00e9cnico Macrozona Sur<\/a><\/p>\n<\/div><\/section><\/div><div  style='height:50px' class='hr hr-invisible   avia-builder-el-6  el_after_av_one_full  el_before_av_social_share '><span class='hr-inner ' ><span class='hr-inner-style'><\/span><\/span><\/div><\/p>\n<div  class='av-social-sharing-box  avia-builder-el-7  el_after_av_hr  el_before_av_hr  '><div class='av-share-box'><h5 class='av-share-link-description av-no-toc '>Compartir esta noticia<\/h5><ul class='av-share-box-list noLightbox'><li class='av-share-link av-social-link-facebook' ><a target=\"_blank\" aria-label=\"Compartir en Facebook\" href='https:\/\/www.facebook.com\/sharer.php?u=https:\/\/radiorevelacionfm.cl\/?p=7045&#038;t=Comenzaron%20las%20Semanas%20Formativas%20Virtuales%20Futuro%20T%C3%A9cnico%20con%20m%C3%A1s%20de%20390%20estudiantes%20conectados' aria-hidden='false' data-av_icon='\ue8f3' data-av_iconfont='entypo-fontello' title='' data-avia-related-tooltip='Compartir en Facebook' rel=\"noopener\"><span class='avia_hidden_link_text'>Compartir en Facebook<\/span><\/a><\/li><li class='av-share-link av-social-link-twitter' ><a target=\"_blank\" aria-label=\"Compartir en Twitter\" href='https:\/\/twitter.com\/share?text=Comenzaron%20las%20Semanas%20Formativas%20Virtuales%20Futuro%20T%C3%A9cnico%20con%20m%C3%A1s%20de%20390%20estudiantes%20conectados&#038;url=https:\/\/radiorevelacionfm.cl\/?p=7045' aria-hidden='false' data-av_icon='\ue8f1' data-av_iconfont='entypo-fontello' title='' data-avia-related-tooltip='Compartir en Twitter' rel=\"noopener\"><span class='avia_hidden_link_text'>Compartir en Twitter<\/span><\/a><\/li><li class='av-share-link av-social-link-whatsapp' ><a target=\"_blank\" aria-label=\"Compartir en Whatsapp\" href='https:\/\/api.whatsapp.com\/send?text=https:\/\/radiorevelacionfm.cl\/?p=7045' aria-hidden='false' data-av_icon='\uf232' data-av_iconfont='entypo-fontello' title='' data-avia-related-tooltip='Compartir en Whatsapp' rel=\"noopener\"><span class='avia_hidden_link_text'>Compartir en Whatsapp<\/span><\/a><\/li><li class='av-share-link av-social-link-linkedin' ><a target=\"_blank\" aria-label=\"Compartir en LinkedIn\" href='https:\/\/linkedin.com\/shareArticle?mini=true&#038;title=Comenzaron%20las%20Semanas%20Formativas%20Virtuales%20Futuro%20T%C3%A9cnico%20con%20m%C3%A1s%20de%20390%20estudiantes%20conectados&#038;url=https:\/\/radiorevelacionfm.cl\/?p=7045' aria-hidden='false' data-av_icon='\ue8fc' data-av_iconfont='entypo-fontello' title='' data-avia-related-tooltip='Compartir en LinkedIn' rel=\"noopener\"><span class='avia_hidden_link_text'>Compartir en LinkedIn<\/span><\/a><\/li><li class='av-share-link av-social-link-mail' ><a  aria-label=\"Compartir por correo\" href='mailto:?subject=Comenzaron%20las%20Semanas%20Formativas%20Virtuales%20Futuro%20T%C3%A9cnico%20con%20m%C3%A1s%20de%20390%20estudiantes%20conectados&#038;body=https:\/\/radiorevelacionfm.cl\/?p=7045' aria-hidden='false' data-av_icon='\ue805' data-av_iconfont='entypo-fontello' title='' data-avia-related-tooltip='Compartir por correo'><span class='avia_hidden_link_text'>Compartir por correo<\/span><\/a><\/li><\/ul><\/div><\/div>\n<div  style='height:50px' class='hr hr-invisible   avia-builder-el-8  el_after_av_social_share  el_before_av_comments_list '><span class='hr-inner ' ><span class='hr-inner-style'><\/span><\/span><\/div>\n<div  class='av-buildercomment  av-blog-meta-html-info-disabled av-blog-meta-tag-disabled  '><\/div>\n","protected":false},"excerpt":{"rendered":"","protected":false},"author":1,"featured_media":7046,"comment_status":"open","ping_status":"open","sticky":false,"template":"","format":"standard","meta":{"footnotes":""},"categories":[49],"tags":[],"class_list":["post-7045","post","type-post","status-publish","format-standard","has-post-thumbnail","hentry","category-educacion"],"jetpack_featured_media_url":"https:\/\/radiorevelacionfm.cl\/wp-content\/uploads\/2021\/08\/Semana-Formativa-Turismo-1-1.jpg","_links":{"self":[{"href":"https:\/\/radiorevelacionfm.cl\/index.php?rest_route=\/wp\/v2\/posts\/7045","targetHints":{"allow":["GET"]}}],"collection":[{"href":"https:\/\/radiorevelacionfm.cl\/index.php?rest_route=\/wp\/v2\/posts"}],"about":[{"href":"https:\/\/radiorevelacionfm.cl\/index.php?rest_route=\/wp\/v2\/types\/post"}],"author":[{"embeddable":true,"href":"https:\/\/radiorevelacionfm.cl\/index.php?rest_route=\/wp\/v2\/users\/1"}],"replies":[{"embeddable":true,"href":"https:\/\/radiorevelacionfm.cl\/index.php?rest_route=%2Fwp%2Fv2%2Fcomments&post=7045"}],"version-history":[{"count":1,"href":"https:\/\/radiorevelacionfm.cl\/index.php?rest_route=\/wp\/v2\/posts\/7045\/revisions"}],"predecessor-version":[{"id":7047,"href":"https:\/\/radiorevelacionfm.cl\/index.php?rest_route=\/wp\/v2\/posts\/7045\/revisions\/7047"}],"wp:featuredmedia":[{"embeddable":true,"href":"https:\/\/radiorevelacionfm.cl\/index.php?rest_route=\/wp\/v2\/media\/7046"}],"wp:attachment":[{"href":"https:\/\/radiorevelacionfm.cl\/index.php?rest_route=%2Fwp%2Fv2%2Fmedia&parent=7045"}],"wp:term":[{"taxonomy":"category","embeddable":true,"href":"https:\/\/radiorevelacionfm.cl\/index.php?rest_route=%2Fwp%2Fv2%2Fcategories&post=7045"},{"taxonomy":"post_tag","embeddable":true,"href":"https:\/\/radiorevelacionfm.cl\/index.php?rest_route=%2Fwp%2Fv2%2Ftags&post=7045"}],"curies":[{"name":"wp","href":"https:\/\/api.w.org\/{rel}","templated":true}]}}