{"id":7040,"date":"2021-08-04T19:14:31","date_gmt":"2021-08-04T22:14:31","guid":{"rendered":"https:\/\/radiorevelacionfm.cl\/?p=7040"},"modified":"2021-08-04T19:14:31","modified_gmt":"2021-08-04T22:14:31","slug":"concejales-junto-a-representante-municipal-abordan-demandas-urgentes-del-sector-kilometro-26","status":"publish","type":"post","link":"https:\/\/radiorevelacionfm.cl\/?p=7040","title":{"rendered":"Concejales junto a representante municipal abordan demandas urgentes del sector Kilometro 26"},"content":{"rendered":"<div class=\"flex_column av_one_full  flex_column_div av-zero-column-padding first  avia-builder-el-0  el_before_av_one_full  avia-builder-el-first  \" style='border-radius:0px; '><div  class='avia-image-container  av-styling-    avia-builder-el-1  avia-builder-el-no-sibling  avia-align-center '  itemprop=\"image\" itemscope=\"itemscope\" itemtype=\"https:\/\/schema.org\/ImageObject\"  ><div class='avia-image-container-inner'><div class='avia-image-overlay-wrap'><img decoding=\"async\" class='wp-image-7043 avia-img-lazy-loading-not-7043 avia_image' src=\"https:\/\/radiorevelacionfm.cl\/wp-content\/uploads\/2021\/08\/IMG-KMCYMG3-1-1.jpeg\" alt='' title='IMG-KMCYMG3 (1) (1)' height=\"600\" width=\"802\"  itemprop=\"thumbnailUrl\" srcset=\"https:\/\/radiorevelacionfm.cl\/wp-content\/uploads\/2021\/08\/IMG-KMCYMG3-1-1.jpeg 802w, https:\/\/radiorevelacionfm.cl\/wp-content\/uploads\/2021\/08\/IMG-KMCYMG3-1-1-300x224.jpeg 300w, https:\/\/radiorevelacionfm.cl\/wp-content\/uploads\/2021\/08\/IMG-KMCYMG3-1-1-768x575.jpeg 768w, https:\/\/radiorevelacionfm.cl\/wp-content\/uploads\/2021\/08\/IMG-KMCYMG3-1-1-705x527.jpeg 705w, https:\/\/radiorevelacionfm.cl\/wp-content\/uploads\/2021\/08\/IMG-KMCYMG3-1-1-600x449.jpeg 600w\" sizes=\"(max-width: 802px) 100vw, 802px\" \/><\/div><\/div><\/div><\/div><div class=\"flex_column av_one_full  flex_column_div av-zero-column-padding first  avia-builder-el-2  el_after_av_one_full  el_before_av_one_full  column-top-margin\" style='border-radius:0px; '><section class=\"av_textblock_section \"  itemscope=\"itemscope\" itemtype=\"https:\/\/schema.org\/BlogPosting\" itemprop=\"blogPost\" ><div class='avia_textblock  '   itemprop=\"text\" ><p style=\"text-align: center;\"><strong><span style=\"font-size: 18pt;\">Concejales junto a representante municipal abordan demandas urgentes del sector Kilometro 26 <\/span><\/strong><\/p>\n<div id=\"gtx-trans\" style=\"position: absolute; left: -50px; top: 4.31534px;\">\n<div class=\"gtx-trans-icon\"><\/div>\n<\/div>\n<\/div><\/section><\/div><div class=\"flex_column av_one_full  flex_column_div av-zero-column-padding first  avia-builder-el-4  el_after_av_one_full  el_before_av_hr  column-top-margin\" style='border-radius:0px; '><section class=\"av_textblock_section \"  itemscope=\"itemscope\" itemtype=\"https:\/\/schema.org\/BlogPosting\" itemprop=\"blogPost\" ><div class='avia_textblock  '   itemprop=\"text\" ><p style=\"text-align: justify;\">Hasta una de las zonas rurales que bordean la capital de la comuna de Ays\u00e9n se trasladaron los concejales Jorge Figueroa y Gabriel Mu\u00f1oz en compa\u00f1\u00eda del jefe de gabinete de la Casa Edilicia, Marco Co\u00f1uecar, para reunirse con distintos vecinos del Km 26 y abordar las problem\u00e1ticas que presentan en materia de conectividad vial y de iluminaci\u00f3n del entorno comunitario. La cita tambi\u00e9n cont\u00f3 con la presencia del jefe de Vialidad en Puerto Ays\u00e9n, asumiendo un importante compromiso para mejorar las condiciones de tr\u00e1nsito en el lugar.<\/p>\n<p style=\"text-align: justify;\">Al respecto, el concejal Jorge Figueroa, junto con explicar la importancia que tiene para el cumplimiento de sus funciones atender las necesidades que presentan los vecinos en todas las zonas que componen la Comuna, relat\u00f3 lo realizado en el lugar donde existe el compromiso de mejorar, con la ayuda de maquinaria adecuada, el viernes 06 los caminos existentes. Adem\u00e1s, de expresar otro requerimiento sentido por los vecinos sobre la iluminaci\u00f3n, lo cual fue trabajado junto a personal de Aseo, Ornato y Medio Ambiente del municipio aysenino.<\/p>\n<p style=\"text-align: justify;\">Su par en el Concejo Municipal, Gabriel Mu\u00f1oz, coment\u00f3 que \u201chay muchas inquietudes de los vecinos, afortunadamente nos toc\u00f3 un lindo d\u00eda del cual podemos enterarnos y conversar con los vecinos de los alrededores de sus necesidades, tanto en luminaria, caminos, el cu\u00e1l est\u00e1 realmente mal\u00edsimo y se necesita la ayuda del municipio, de los concejales, del alcalde, en fin. Felices por contribuir y arreglando tambi\u00e9n la luminaria del Km 26 que es un sector altamente transitado y ya ma\u00f1ana estar\u00eda resuelto\u201d.<\/p>\n<p style=\"text-align: justify;\">Finalmente, el jefe de Vialidad en Puerto Ays\u00e9n, Jorge Barr\u00eda, detall\u00f3 que coincidi\u00f3 su presencia en el lugar para atender a otros requerimientos de los vecinos, pero que, de igual manera pudieron tratar algunas problem\u00e1ticas de conservaci\u00f3n que presenta esta zona. \u201cEl compromiso qued\u00f3 hecho, respecto a lo pendiente en cuanto a reperfilado simple en esta ruta, lo vamos a abordar el viernes siendo los tramos a trabajar los del sector de la ruta 240 hacia la pasarela a Torreones 1 y el otro tramo del cruce 240 a la pasarela Torreones 2\u201d sentenci\u00f3 encargado aysenino.<\/p>\n<\/div><\/section><\/div><div  style='height:50px' class='hr hr-invisible   avia-builder-el-6  el_after_av_one_full  el_before_av_social_share '><span class='hr-inner ' ><span class='hr-inner-style'><\/span><\/span><\/div><\/p>\n<div  class='av-social-sharing-box  avia-builder-el-7  el_after_av_hr  el_before_av_hr  '><div class='av-share-box'><h5 class='av-share-link-description av-no-toc '>Compartir esta noticia<\/h5><ul class='av-share-box-list noLightbox'><li class='av-share-link av-social-link-facebook' ><a target=\"_blank\" aria-label=\"Compartir en Facebook\" href='https:\/\/www.facebook.com\/sharer.php?u=https:\/\/radiorevelacionfm.cl\/?p=7040&#038;t=Concejales%20junto%20a%20representante%20municipal%20abordan%20demandas%20urgentes%20del%20sector%20Kilometro%2026' aria-hidden='false' data-av_icon='\ue8f3' data-av_iconfont='entypo-fontello' title='' data-avia-related-tooltip='Compartir en Facebook' rel=\"noopener\"><span class='avia_hidden_link_text'>Compartir en Facebook<\/span><\/a><\/li><li class='av-share-link av-social-link-twitter' ><a target=\"_blank\" aria-label=\"Compartir en Twitter\" href='https:\/\/twitter.com\/share?text=Concejales%20junto%20a%20representante%20municipal%20abordan%20demandas%20urgentes%20del%20sector%20Kilometro%2026&#038;url=https:\/\/radiorevelacionfm.cl\/?p=7040' aria-hidden='false' data-av_icon='\ue8f1' data-av_iconfont='entypo-fontello' title='' data-avia-related-tooltip='Compartir en Twitter' rel=\"noopener\"><span class='avia_hidden_link_text'>Compartir en Twitter<\/span><\/a><\/li><li class='av-share-link av-social-link-whatsapp' ><a target=\"_blank\" aria-label=\"Compartir en Whatsapp\" href='https:\/\/api.whatsapp.com\/send?text=https:\/\/radiorevelacionfm.cl\/?p=7040' aria-hidden='false' data-av_icon='\uf232' data-av_iconfont='entypo-fontello' title='' data-avia-related-tooltip='Compartir en Whatsapp' rel=\"noopener\"><span class='avia_hidden_link_text'>Compartir en Whatsapp<\/span><\/a><\/li><li class='av-share-link av-social-link-linkedin' ><a target=\"_blank\" aria-label=\"Compartir en LinkedIn\" href='https:\/\/linkedin.com\/shareArticle?mini=true&#038;title=Concejales%20junto%20a%20representante%20municipal%20abordan%20demandas%20urgentes%20del%20sector%20Kilometro%2026&#038;url=https:\/\/radiorevelacionfm.cl\/?p=7040' aria-hidden='false' data-av_icon='\ue8fc' data-av_iconfont='entypo-fontello' title='' data-avia-related-tooltip='Compartir en LinkedIn' rel=\"noopener\"><span class='avia_hidden_link_text'>Compartir en LinkedIn<\/span><\/a><\/li><li class='av-share-link av-social-link-mail' ><a  aria-label=\"Compartir por correo\" href='mailto:?subject=Concejales%20junto%20a%20representante%20municipal%20abordan%20demandas%20urgentes%20del%20sector%20Kilometro%2026&#038;body=https:\/\/radiorevelacionfm.cl\/?p=7040' aria-hidden='false' data-av_icon='\ue805' data-av_iconfont='entypo-fontello' title='' data-avia-related-tooltip='Compartir por correo'><span class='avia_hidden_link_text'>Compartir por correo<\/span><\/a><\/li><\/ul><\/div><\/div>\n<div  style='height:50px' class='hr hr-invisible   avia-builder-el-8  el_after_av_social_share  el_before_av_comments_list '><span class='hr-inner ' ><span class='hr-inner-style'><\/span><\/span><\/div>\n<div  class='av-buildercomment  av-blog-meta-html-info-disabled av-blog-meta-tag-disabled  '><\/div>\n","protected":false},"excerpt":{"rendered":"","protected":false},"author":1,"featured_media":7043,"comment_status":"open","ping_status":"open","sticky":false,"template":"","format":"standard","meta":{"footnotes":""},"categories":[47],"tags":[],"class_list":["post-7040","post","type-post","status-publish","format-standard","has-post-thumbnail","hentry","category-reportajes"],"jetpack_featured_media_url":"https:\/\/radiorevelacionfm.cl\/wp-content\/uploads\/2021\/08\/IMG-KMCYMG3-1-1.jpeg","_links":{"self":[{"href":"https:\/\/radiorevelacionfm.cl\/index.php?rest_route=\/wp\/v2\/posts\/7040","targetHints":{"allow":["GET"]}}],"collection":[{"href":"https:\/\/radiorevelacionfm.cl\/index.php?rest_route=\/wp\/v2\/posts"}],"about":[{"href":"https:\/\/radiorevelacionfm.cl\/index.php?rest_route=\/wp\/v2\/types\/post"}],"author":[{"embeddable":true,"href":"https:\/\/radiorevelacionfm.cl\/index.php?rest_route=\/wp\/v2\/users\/1"}],"replies":[{"embeddable":true,"href":"https:\/\/radiorevelacionfm.cl\/index.php?rest_route=%2Fwp%2Fv2%2Fcomments&post=7040"}],"version-history":[{"count":1,"href":"https:\/\/radiorevelacionfm.cl\/index.php?rest_route=\/wp\/v2\/posts\/7040\/revisions"}],"predecessor-version":[{"id":7044,"href":"https:\/\/radiorevelacionfm.cl\/index.php?rest_route=\/wp\/v2\/posts\/7040\/revisions\/7044"}],"wp:featuredmedia":[{"embeddable":true,"href":"https:\/\/radiorevelacionfm.cl\/index.php?rest_route=\/wp\/v2\/media\/7043"}],"wp:attachment":[{"href":"https:\/\/radiorevelacionfm.cl\/index.php?rest_route=%2Fwp%2Fv2%2Fmedia&parent=7040"}],"wp:term":[{"taxonomy":"category","embeddable":true,"href":"https:\/\/radiorevelacionfm.cl\/index.php?rest_route=%2Fwp%2Fv2%2Fcategories&post=7040"},{"taxonomy":"post_tag","embeddable":true,"href":"https:\/\/radiorevelacionfm.cl\/index.php?rest_route=%2Fwp%2Fv2%2Ftags&post=7040"}],"curies":[{"name":"wp","href":"https:\/\/api.w.org\/{rel}","templated":true}]}}