{"id":7037,"date":"2021-08-04T16:30:14","date_gmt":"2021-08-04T19:30:14","guid":{"rendered":"https:\/\/radiorevelacionfm.cl\/?p=7037"},"modified":"2021-08-04T16:30:14","modified_gmt":"2021-08-04T19:30:14","slug":"alcalde-uribe-se-desplego-con-equipo-municipal-en-villa-manihuales-para-escuchar-demandas-comunitarias","status":"publish","type":"post","link":"https:\/\/radiorevelacionfm.cl\/?p=7037","title":{"rendered":"Alcalde Uribe se despleg\u00f3 con equipo municipal en Villa Ma\u00f1ihuales para escuchar demandas comunitarias"},"content":{"rendered":"<div class=\"flex_column av_one_full  flex_column_div av-zero-column-padding first  avia-builder-el-0  el_before_av_one_full  avia-builder-el-first  \" style='border-radius:0px; '><div  class='avia-image-container  av-styling-    avia-builder-el-1  avia-builder-el-no-sibling  avia-align-center '  itemprop=\"image\" itemscope=\"itemscope\" itemtype=\"https:\/\/schema.org\/ImageObject\"  ><div class='avia-image-container-inner'><div class='avia-image-overlay-wrap'><img decoding=\"async\" class='wp-image-7038 avia-img-lazy-loading-not-7038 avia_image' src=\"https:\/\/radiorevelacionfm.cl\/wp-content\/uploads\/2021\/08\/img-vmalcalde3-1_optimized.jpg\" alt='' title='img-vmalcalde3-(1)_optimized' height=\"600\" width=\"900\"  itemprop=\"thumbnailUrl\" srcset=\"https:\/\/radiorevelacionfm.cl\/wp-content\/uploads\/2021\/08\/img-vmalcalde3-1_optimized.jpg 900w, https:\/\/radiorevelacionfm.cl\/wp-content\/uploads\/2021\/08\/img-vmalcalde3-1_optimized-300x200.jpg 300w, https:\/\/radiorevelacionfm.cl\/wp-content\/uploads\/2021\/08\/img-vmalcalde3-1_optimized-768x512.jpg 768w, https:\/\/radiorevelacionfm.cl\/wp-content\/uploads\/2021\/08\/img-vmalcalde3-1_optimized-705x470.jpg 705w, https:\/\/radiorevelacionfm.cl\/wp-content\/uploads\/2021\/08\/img-vmalcalde3-1_optimized-600x400.jpg 600w\" sizes=\"(max-width: 900px) 100vw, 900px\" \/><\/div><\/div><\/div><\/div><div class=\"flex_column av_one_full  flex_column_div av-zero-column-padding first  avia-builder-el-2  el_after_av_one_full  el_before_av_one_full  column-top-margin\" style='border-radius:0px; '><section class=\"av_textblock_section \"  itemscope=\"itemscope\" itemtype=\"https:\/\/schema.org\/BlogPosting\" itemprop=\"blogPost\" ><div class='avia_textblock  '   itemprop=\"text\" ><p style=\"text-align: center;\"><strong><span style=\"font-size: 18pt;\">Alcalde Uribe se despleg\u00f3 con equipo municipal en Villa Ma\u00f1ihuales para escuchar demandas comunitarias<\/span><\/strong><\/p>\n<div id=\"gtx-trans\" style=\"position: absolute; left: -50px; top: 4.31534px;\">\n<div class=\"gtx-trans-icon\"><\/div>\n<\/div>\n<\/div><\/section><\/div><div class=\"flex_column av_one_full  flex_column_div av-zero-column-padding first  avia-builder-el-4  el_after_av_one_full  el_before_av_hr  column-top-margin\" style='border-radius:0px; '><section class=\"av_textblock_section \"  itemscope=\"itemscope\" itemtype=\"https:\/\/schema.org\/BlogPosting\" itemprop=\"blogPost\" ><div class='avia_textblock  '   itemprop=\"text\" ><p style=\"text-align: justify;\">Con profesionales de todas las \u00e1reas que componen la Casa Edilicia de Ays\u00e9n, la primera autoridad de la comuna porte\u00f1a, Julio Uribe Alvarado, se traslad\u00f3 hasta la localidad de Villa Ma\u00f1ihuales para sostener una intensa agenda de trabajo con los vecinos y vecinas acompa\u00f1ado por su representante en la zona, Beatriz Oyarzo, con quien escuch\u00f3 las principales problem\u00e1ticas que aquejan a los habitantes de la zona norte de la comuna de Ays\u00e9n. Los distintos asistentes valoraron la disposici\u00f3n del Edil para un trabajo mancomunado.<\/p>\n<p style=\"text-align: justify;\">En este sentido, el alcalde, Julio Uribe Alvarado, detall\u00f3 que \u201ceste es nuestro primer acercamiento con todos los dirigentes sociales. Fue una reuni\u00f3n muy importante donde dieron su parecer a diferentes requerimientos que hist\u00f3ricamente los han tratado de abordar con las autoridades, pero ven que estos no han sido acogidos, por lo tanto, es misi\u00f3n de este municipio el poder hoy d\u00eda ayudar en todas las materias que tienen deficiencias. Contento, una muy bonita reuni\u00f3n, hicimos visitas en terreno para solucionar diferentes problemas\u201d.<\/p>\n<p style=\"text-align: justify;\">Para el secretario de la Junta de Vecinos del sector Chacra, Esteban Reyes, el resultado del encuentro fue satisfactorio, argumentando que hoy buscan avanzar en las tareas pendientes de la gesti\u00f3n anterior para que puedan tener una soluci\u00f3n en materias como el alcantarillado y el Plan Regulador \u201ccontento por esto, esperamos que nuevamente nos volvamos a juntar con el alcalde y su grupo de trabajo que tiene y poder solucionar los problemas de nuestro sector y de todo Ma\u00f1ihuales\u201d.<\/p>\n<p style=\"text-align: justify;\">En la misma l\u00ednea, Gabriela Barrientos, integrante del Consejo Vecinal de Desarrollo que posee el programa de Recuperaci\u00f3n de Espacios P\u00fablicos, Quiero Mi Barrio, en la localidad coment\u00f3 la necesidad de avanzar en la soluci\u00f3n de demandas sentidas por la comunidad, acu\u00f1ando que \u201cNos gust\u00f3 mucho que haya un llamado a trabajar entre todos, entre los vecinos, la gente de la Delegaci\u00f3n en temas como la Tenencia Responsable de Mascotas que son del diario vivir y lo que m\u00e1s nos interesaba era el tema del alcantarillado, que llevamos a\u00f1os con el tema de los malos olores, la planta de alcantarillado no estaba trabajando\u201d.<\/p>\n<p style=\"text-align: justify;\">Finalmente, la tesorera de la unidad vecinal del sector Centro de Villa Ma\u00f1ihuales, Jeanette Rebolledo, junto con expresar su conformidad de conocer al nuevo Edil, valor\u00f3 la disposici\u00f3n que tiene este para efectuar sus intervenciones en la comunidad, lo que a su juicio representa \u201cotro toque\u201d en la administraci\u00f3n municipal, expresando que \u201cse nota que le va a ir s\u00faper bien y tiene buenas iniciativas, con un grupo muy bueno para trabajar\u201d, por lo que la dirigenta de la Junta de Vecinos espera que prontamente puedan volver a sostener una instancia similar con la primera autoridad de la comuna de Ays\u00e9n.<\/p>\n<\/div><\/section><\/div><div  style='height:50px' class='hr hr-invisible   avia-builder-el-6  el_after_av_one_full  el_before_av_social_share '><span class='hr-inner ' ><span class='hr-inner-style'><\/span><\/span><\/div><\/p>\n<div  class='av-social-sharing-box  avia-builder-el-7  el_after_av_hr  el_before_av_hr  '><div class='av-share-box'><h5 class='av-share-link-description av-no-toc '>Compartir esta noticia<\/h5><ul class='av-share-box-list noLightbox'><li class='av-share-link av-social-link-facebook' ><a target=\"_blank\" aria-label=\"Compartir en Facebook\" href='https:\/\/www.facebook.com\/sharer.php?u=https:\/\/radiorevelacionfm.cl\/?p=7037&#038;t=Alcalde%20Uribe%20se%20despleg%C3%B3%20con%20equipo%20municipal%20en%20Villa%20Ma%C3%B1ihuales%20para%20escuchar%20demandas%20comunitarias' aria-hidden='false' data-av_icon='\ue8f3' data-av_iconfont='entypo-fontello' title='' data-avia-related-tooltip='Compartir en Facebook' rel=\"noopener\"><span class='avia_hidden_link_text'>Compartir en Facebook<\/span><\/a><\/li><li class='av-share-link av-social-link-twitter' ><a target=\"_blank\" aria-label=\"Compartir en Twitter\" href='https:\/\/twitter.com\/share?text=Alcalde%20Uribe%20se%20despleg%C3%B3%20con%20equipo%20municipal%20en%20Villa%20Ma%C3%B1ihuales%20para%20escuchar%20demandas%20comunitarias&#038;url=https:\/\/radiorevelacionfm.cl\/?p=7037' aria-hidden='false' data-av_icon='\ue8f1' data-av_iconfont='entypo-fontello' title='' data-avia-related-tooltip='Compartir en Twitter' rel=\"noopener\"><span class='avia_hidden_link_text'>Compartir en Twitter<\/span><\/a><\/li><li class='av-share-link av-social-link-whatsapp' ><a target=\"_blank\" aria-label=\"Compartir en Whatsapp\" href='https:\/\/api.whatsapp.com\/send?text=https:\/\/radiorevelacionfm.cl\/?p=7037' aria-hidden='false' data-av_icon='\uf232' data-av_iconfont='entypo-fontello' title='' data-avia-related-tooltip='Compartir en Whatsapp' rel=\"noopener\"><span class='avia_hidden_link_text'>Compartir en Whatsapp<\/span><\/a><\/li><li class='av-share-link av-social-link-linkedin' ><a target=\"_blank\" aria-label=\"Compartir en LinkedIn\" href='https:\/\/linkedin.com\/shareArticle?mini=true&#038;title=Alcalde%20Uribe%20se%20despleg%C3%B3%20con%20equipo%20municipal%20en%20Villa%20Ma%C3%B1ihuales%20para%20escuchar%20demandas%20comunitarias&#038;url=https:\/\/radiorevelacionfm.cl\/?p=7037' aria-hidden='false' data-av_icon='\ue8fc' data-av_iconfont='entypo-fontello' title='' data-avia-related-tooltip='Compartir en LinkedIn' rel=\"noopener\"><span class='avia_hidden_link_text'>Compartir en LinkedIn<\/span><\/a><\/li><li class='av-share-link av-social-link-mail' ><a  aria-label=\"Compartir por correo\" href='mailto:?subject=Alcalde%20Uribe%20se%20despleg%C3%B3%20con%20equipo%20municipal%20en%20Villa%20Ma%C3%B1ihuales%20para%20escuchar%20demandas%20comunitarias&#038;body=https:\/\/radiorevelacionfm.cl\/?p=7037' aria-hidden='false' data-av_icon='\ue805' data-av_iconfont='entypo-fontello' title='' data-avia-related-tooltip='Compartir por correo'><span class='avia_hidden_link_text'>Compartir por correo<\/span><\/a><\/li><\/ul><\/div><\/div>\n<div  style='height:50px' class='hr hr-invisible   avia-builder-el-8  el_after_av_social_share  el_before_av_comments_list '><span class='hr-inner ' ><span class='hr-inner-style'><\/span><\/span><\/div>\n<div  class='av-buildercomment  av-blog-meta-html-info-disabled av-blog-meta-tag-disabled  '><\/div>\n","protected":false},"excerpt":{"rendered":"","protected":false},"author":1,"featured_media":7038,"comment_status":"open","ping_status":"open","sticky":false,"template":"","format":"standard","meta":{"footnotes":""},"categories":[38],"tags":[],"class_list":["post-7037","post","type-post","status-publish","format-standard","has-post-thumbnail","hentry","category-regional"],"jetpack_featured_media_url":"https:\/\/radiorevelacionfm.cl\/wp-content\/uploads\/2021\/08\/img-vmalcalde3-1_optimized.jpg","_links":{"self":[{"href":"https:\/\/radiorevelacionfm.cl\/index.php?rest_route=\/wp\/v2\/posts\/7037","targetHints":{"allow":["GET"]}}],"collection":[{"href":"https:\/\/radiorevelacionfm.cl\/index.php?rest_route=\/wp\/v2\/posts"}],"about":[{"href":"https:\/\/radiorevelacionfm.cl\/index.php?rest_route=\/wp\/v2\/types\/post"}],"author":[{"embeddable":true,"href":"https:\/\/radiorevelacionfm.cl\/index.php?rest_route=\/wp\/v2\/users\/1"}],"replies":[{"embeddable":true,"href":"https:\/\/radiorevelacionfm.cl\/index.php?rest_route=%2Fwp%2Fv2%2Fcomments&post=7037"}],"version-history":[{"count":1,"href":"https:\/\/radiorevelacionfm.cl\/index.php?rest_route=\/wp\/v2\/posts\/7037\/revisions"}],"predecessor-version":[{"id":7039,"href":"https:\/\/radiorevelacionfm.cl\/index.php?rest_route=\/wp\/v2\/posts\/7037\/revisions\/7039"}],"wp:featuredmedia":[{"embeddable":true,"href":"https:\/\/radiorevelacionfm.cl\/index.php?rest_route=\/wp\/v2\/media\/7038"}],"wp:attachment":[{"href":"https:\/\/radiorevelacionfm.cl\/index.php?rest_route=%2Fwp%2Fv2%2Fmedia&parent=7037"}],"wp:term":[{"taxonomy":"category","embeddable":true,"href":"https:\/\/radiorevelacionfm.cl\/index.php?rest_route=%2Fwp%2Fv2%2Fcategories&post=7037"},{"taxonomy":"post_tag","embeddable":true,"href":"https:\/\/radiorevelacionfm.cl\/index.php?rest_route=%2Fwp%2Fv2%2Ftags&post=7037"}],"curies":[{"name":"wp","href":"https:\/\/api.w.org\/{rel}","templated":true}]}}