{"id":7034,"date":"2021-08-04T14:55:20","date_gmt":"2021-08-04T17:55:20","guid":{"rendered":"https:\/\/radiorevelacionfm.cl\/?p=7034"},"modified":"2021-08-04T14:55:20","modified_gmt":"2021-08-04T17:55:20","slug":"autoridades-lanzan-campana-para-prevenir-violencia-contra-la-mujer-usala-pero-que-no-te-callen","status":"publish","type":"post","link":"https:\/\/radiorevelacionfm.cl\/?p=7034","title":{"rendered":"Autoridades lanzan campa\u00f1a para prevenir violencia contra la Mujer \u201c\u00dasala, pero que NO te callen\u201d"},"content":{"rendered":"<div class=\"flex_column av_one_full  flex_column_div av-zero-column-padding first  avia-builder-el-0  el_before_av_one_full  avia-builder-el-first  \" style='border-radius:0px; '><div  class='avia-image-container  av-styling-    avia-builder-el-1  avia-builder-el-no-sibling  avia-align-center '  itemprop=\"image\" itemscope=\"itemscope\" itemtype=\"https:\/\/schema.org\/ImageObject\"  ><div class='avia-image-container-inner'><div class='avia-image-overlay-wrap'><img decoding=\"async\" class='wp-image-7035 avia-img-lazy-loading-not-7035 avia_image' src=\"https:\/\/radiorevelacionfm.cl\/wp-content\/uploads\/2021\/08\/campana-1-1_optimized.jpg\" alt='' title='campa\u00f1a-1-(1)_optimized' height=\"600\" width=\"1002\"  itemprop=\"thumbnailUrl\" srcset=\"https:\/\/radiorevelacionfm.cl\/wp-content\/uploads\/2021\/08\/campana-1-1_optimized.jpg 1002w, https:\/\/radiorevelacionfm.cl\/wp-content\/uploads\/2021\/08\/campana-1-1_optimized-300x180.jpg 300w, https:\/\/radiorevelacionfm.cl\/wp-content\/uploads\/2021\/08\/campana-1-1_optimized-768x460.jpg 768w, https:\/\/radiorevelacionfm.cl\/wp-content\/uploads\/2021\/08\/campana-1-1_optimized-705x422.jpg 705w, https:\/\/radiorevelacionfm.cl\/wp-content\/uploads\/2021\/08\/campana-1-1_optimized-600x359.jpg 600w\" sizes=\"(max-width: 1002px) 100vw, 1002px\" \/><\/div><\/div><\/div><\/div><div class=\"flex_column av_one_full  flex_column_div av-zero-column-padding first  avia-builder-el-2  el_after_av_one_full  el_before_av_one_full  column-top-margin\" style='border-radius:0px; '><section class=\"av_textblock_section \"  itemscope=\"itemscope\" itemtype=\"https:\/\/schema.org\/BlogPosting\" itemprop=\"blogPost\" ><div class='avia_textblock  '   itemprop=\"text\" ><p style=\"text-align: center;\"><strong><span style=\"font-size: 18pt;\">Autoridades lanzan campa\u00f1a para prevenir violencia contra la Mujer \u201c\u00dasala, pero que NO te callen\u201d<\/span><\/strong><\/p>\n<div id=\"gtx-trans\" style=\"position: absolute; left: -50px; top: 4.31534px;\">\n<div class=\"gtx-trans-icon\"><\/div>\n<\/div>\n<\/div><\/section><\/div><div class=\"flex_column av_one_full  flex_column_div av-zero-column-padding first  avia-builder-el-4  el_after_av_one_full  el_before_av_hr  column-top-margin\" style='border-radius:0px; '><section class=\"av_textblock_section \"  itemscope=\"itemscope\" itemtype=\"https:\/\/schema.org\/BlogPosting\" itemprop=\"blogPost\" ><div class='avia_textblock  '   itemprop=\"text\" ><p style=\"text-align: justify;\">A pesar de la pandemia distintos servicios p\u00fablicos se han unido para realizar esta campa\u00f1a preventiva.<\/p>\n<p style=\"text-align: justify;\">Esta campa\u00f1a de sensibilizaci\u00f3n es impulsada por Carabineros de la Segunda Comisar\u00eda de Ays\u00e9n, a trav\u00e9s de la Oficina de violencia intrafamiliar, en conjunto con la Delegaci\u00f3n Presidencial Provincial, SERNAMEG, Ilustre Municipalidad y Barrios Comercial Entre Fiordos.<\/p>\n<p style=\"text-align: justify;\">En un punto de prensa realizado en Puerto Ays\u00e9n con las instituciones antes mencionadas se hizo el lanzamiento de la campa\u00f1a informativa \u201c\u00fasala, pero que NO te callen\u201d esto en clara alusi\u00f3n a que el uso de la mascarilla en tiempos de pandemia, no puede impedir el silencio de las mujeres ante un hecho de violencia contra ellas. Manuel Ortiz Delegado Presidencial Provincial mencionaba lo importante del trabajo colaborativo para realizar esta campa\u00f1a de difusi\u00f3n \u201ces un gran trabajo colaborativo y coordinado con Carabineros, con la DPPAys\u00e9n, con SERNAMEG, con la Municipalidad de Ays\u00e9n y tambi\u00e9n con barrios comerciales Entre Fiordos, este es un tremendo mensaje que esperamos sea recibido como corresponde y hacemos un llamado a seguir respetando el derecho de las mujeres y sobretodo cuid\u00e1ndolas que es lo m\u00e1s importante\u201d.<\/p>\n<p style=\"text-align: justify;\">El Mayor de Carabineros Patricio Bustos y quienes son los art\u00edfices de esta campa\u00f1a indicaba \u201cesta actividad la est\u00e1bamos organizando hace bastante tiempo, esto es algo muy provechoso a trav\u00e9s de nuestra oficina de violencia intrafamiliar darle a conocer a todas las mujeres que usen la mascarilla pero que no las callen y as\u00ed que se acerquen todas las mujeres para poder brindarles todo nuestro apoyo como Carabineros de Chile\u201d.<\/p>\n<p style=\"text-align: justify;\">Elizabeth Guti\u00e9rrez Directora Regional de SERNAMEG se\u00f1alaba de lo importante que es realizar este tipo de campa\u00f1as preventivas \u201cen esto nosotros tenemos que tomar conciencia que la prevenci\u00f3n es el eje angular del trabajo que desarrollamos, sin esto despu\u00e9s lamentamos situaciones por lo tanto la transformaci\u00f3n cultural tiene que ver con la educaci\u00f3n y por eso es este inicio de la campa\u00f1a\u201d.<\/p>\n<p style=\"text-align: justify;\">V\u00edctor Llanca Coordinador del Centro de la Mujer Na Alver\u00e9 tambi\u00e9n se sum\u00f3 con su equipo de profesionales a esta actividad \u201cpara nosotros es relevante esta iniciativa donde repartiremos folleter\u00eda en donde se encuentran nuestros n\u00fameros de ayuda, as\u00ed que es muy importante esta iniciativa\u201d.<\/p>\n<p style=\"text-align: justify;\">En tanto Ana Mar\u00eda Peed del Barrio Comercial Entre Fiordos de Puerto Ays\u00e9n nos se\u00f1alaba del importante apoyo que entregan en estas iniciativas que van en ayuda de la comunidad \u201cdesde que nos iniciamos hemos participado en todo este tipo de campa\u00f1as, sobre todo en prevenci\u00f3n a la mujer por el hecho que la mayor\u00eda de las socias del barrio comercial somos mujeres, es muy importante para nosotros que aquellas mujeres que sufren agresi\u00f3n sepan de los n\u00fameros de los tel\u00e9fonos que estar\u00e1n dispuestos en los locales comerciales\u201d.<\/p>\n<p style=\"text-align: justify;\">Finalmente se\u00f1alar que los n\u00fameros a disposici\u00f3n de la ciudadan\u00eda para realizar una denuncia y\/o pedir orientaci\u00f3n son los siguientes:<\/p>\n<p style=\"text-align: justify;\">SERNAMEG: 1455<\/p>\n<p style=\"text-align: justify;\">FONO FAMILIA: 149<\/p>\n<p style=\"text-align: justify;\">FONO CENTRO DE LA MUJER: 67-2-334845<\/p>\n<p style=\"text-align: justify;\">FONO DENUNCIA SEGURO: 600 400 0101<\/p>\n<\/div><\/section><\/div><div  style='height:50px' class='hr hr-invisible   avia-builder-el-6  el_after_av_one_full  el_before_av_social_share '><span class='hr-inner ' ><span class='hr-inner-style'><\/span><\/span><\/div><\/p>\n<div  class='av-social-sharing-box  avia-builder-el-7  el_after_av_hr  el_before_av_hr  '><div class='av-share-box'><h5 class='av-share-link-description av-no-toc '>Compartir esta noticia<\/h5><ul class='av-share-box-list noLightbox'><li class='av-share-link av-social-link-facebook' ><a target=\"_blank\" aria-label=\"Compartir en Facebook\" href='https:\/\/www.facebook.com\/sharer.php?u=https:\/\/radiorevelacionfm.cl\/?p=7034&#038;t=Autoridades%20lanzan%20campa%C3%B1a%20para%20prevenir%20violencia%20contra%20la%20Mujer%20%E2%80%9C%C3%9Asala%2C%20pero%20que%20NO%20te%20callen%E2%80%9D' aria-hidden='false' data-av_icon='\ue8f3' data-av_iconfont='entypo-fontello' title='' data-avia-related-tooltip='Compartir en Facebook' rel=\"noopener\"><span class='avia_hidden_link_text'>Compartir en Facebook<\/span><\/a><\/li><li class='av-share-link av-social-link-twitter' ><a target=\"_blank\" aria-label=\"Compartir en Twitter\" href='https:\/\/twitter.com\/share?text=Autoridades%20lanzan%20campa%C3%B1a%20para%20prevenir%20violencia%20contra%20la%20Mujer%20%E2%80%9C%C3%9Asala%2C%20pero%20que%20NO%20te%20callen%E2%80%9D&#038;url=https:\/\/radiorevelacionfm.cl\/?p=7034' aria-hidden='false' data-av_icon='\ue8f1' data-av_iconfont='entypo-fontello' title='' data-avia-related-tooltip='Compartir en Twitter' rel=\"noopener\"><span class='avia_hidden_link_text'>Compartir en Twitter<\/span><\/a><\/li><li class='av-share-link av-social-link-whatsapp' ><a target=\"_blank\" aria-label=\"Compartir en Whatsapp\" href='https:\/\/api.whatsapp.com\/send?text=https:\/\/radiorevelacionfm.cl\/?p=7034' aria-hidden='false' data-av_icon='\uf232' data-av_iconfont='entypo-fontello' title='' data-avia-related-tooltip='Compartir en Whatsapp' rel=\"noopener\"><span class='avia_hidden_link_text'>Compartir en Whatsapp<\/span><\/a><\/li><li class='av-share-link av-social-link-linkedin' ><a target=\"_blank\" aria-label=\"Compartir en LinkedIn\" href='https:\/\/linkedin.com\/shareArticle?mini=true&#038;title=Autoridades%20lanzan%20campa%C3%B1a%20para%20prevenir%20violencia%20contra%20la%20Mujer%20%E2%80%9C%C3%9Asala%2C%20pero%20que%20NO%20te%20callen%E2%80%9D&#038;url=https:\/\/radiorevelacionfm.cl\/?p=7034' aria-hidden='false' data-av_icon='\ue8fc' data-av_iconfont='entypo-fontello' title='' data-avia-related-tooltip='Compartir en LinkedIn' rel=\"noopener\"><span class='avia_hidden_link_text'>Compartir en LinkedIn<\/span><\/a><\/li><li class='av-share-link av-social-link-mail' ><a  aria-label=\"Compartir por correo\" href='mailto:?subject=Autoridades%20lanzan%20campa%C3%B1a%20para%20prevenir%20violencia%20contra%20la%20Mujer%20%E2%80%9C%C3%9Asala%2C%20pero%20que%20NO%20te%20callen%E2%80%9D&#038;body=https:\/\/radiorevelacionfm.cl\/?p=7034' aria-hidden='false' data-av_icon='\ue805' data-av_iconfont='entypo-fontello' title='' data-avia-related-tooltip='Compartir por correo'><span class='avia_hidden_link_text'>Compartir por correo<\/span><\/a><\/li><\/ul><\/div><\/div>\n<div  style='height:50px' class='hr hr-invisible   avia-builder-el-8  el_after_av_social_share  el_before_av_comments_list '><span class='hr-inner ' ><span class='hr-inner-style'><\/span><\/span><\/div>\n<div  class='av-buildercomment  av-blog-meta-html-info-disabled av-blog-meta-tag-disabled  '><\/div>\n","protected":false},"excerpt":{"rendered":"","protected":false},"author":1,"featured_media":7035,"comment_status":"open","ping_status":"open","sticky":false,"template":"","format":"standard","meta":{"footnotes":""},"categories":[38],"tags":[],"class_list":["post-7034","post","type-post","status-publish","format-standard","has-post-thumbnail","hentry","category-regional"],"jetpack_featured_media_url":"https:\/\/radiorevelacionfm.cl\/wp-content\/uploads\/2021\/08\/campana-1-1_optimized.jpg","_links":{"self":[{"href":"https:\/\/radiorevelacionfm.cl\/index.php?rest_route=\/wp\/v2\/posts\/7034","targetHints":{"allow":["GET"]}}],"collection":[{"href":"https:\/\/radiorevelacionfm.cl\/index.php?rest_route=\/wp\/v2\/posts"}],"about":[{"href":"https:\/\/radiorevelacionfm.cl\/index.php?rest_route=\/wp\/v2\/types\/post"}],"author":[{"embeddable":true,"href":"https:\/\/radiorevelacionfm.cl\/index.php?rest_route=\/wp\/v2\/users\/1"}],"replies":[{"embeddable":true,"href":"https:\/\/radiorevelacionfm.cl\/index.php?rest_route=%2Fwp%2Fv2%2Fcomments&post=7034"}],"version-history":[{"count":1,"href":"https:\/\/radiorevelacionfm.cl\/index.php?rest_route=\/wp\/v2\/posts\/7034\/revisions"}],"predecessor-version":[{"id":7036,"href":"https:\/\/radiorevelacionfm.cl\/index.php?rest_route=\/wp\/v2\/posts\/7034\/revisions\/7036"}],"wp:featuredmedia":[{"embeddable":true,"href":"https:\/\/radiorevelacionfm.cl\/index.php?rest_route=\/wp\/v2\/media\/7035"}],"wp:attachment":[{"href":"https:\/\/radiorevelacionfm.cl\/index.php?rest_route=%2Fwp%2Fv2%2Fmedia&parent=7034"}],"wp:term":[{"taxonomy":"category","embeddable":true,"href":"https:\/\/radiorevelacionfm.cl\/index.php?rest_route=%2Fwp%2Fv2%2Fcategories&post=7034"},{"taxonomy":"post_tag","embeddable":true,"href":"https:\/\/radiorevelacionfm.cl\/index.php?rest_route=%2Fwp%2Fv2%2Ftags&post=7034"}],"curies":[{"name":"wp","href":"https:\/\/api.w.org\/{rel}","templated":true}]}}