{"id":7030,"date":"2021-08-04T13:26:52","date_gmt":"2021-08-04T16:26:52","guid":{"rendered":"https:\/\/radiorevelacionfm.cl\/?p=7030"},"modified":"2021-08-04T13:26:52","modified_gmt":"2021-08-04T16:26:52","slug":"sala-cuna-y-jardin-infantil-aysen-chiquito-reinicia-sus-clases-presenciales-en-dos-dependencias-para-un-mejor-funcionamiento","status":"publish","type":"post","link":"https:\/\/radiorevelacionfm.cl\/?p=7030","title":{"rendered":"Sala Cuna y Jard\u00edn Infantil Ays\u00e9n Chiquito reinicia sus clases presenciales en dos dependencias para un mejor funcionamiento"},"content":{"rendered":"<div class=\"flex_column av_one_full  flex_column_div av-zero-column-padding first  avia-builder-el-0  el_before_av_one_full  avia-builder-el-first  \" style='border-radius:0px; '><div  class='avia-image-container  av-styling-    avia-builder-el-1  avia-builder-el-no-sibling  avia-align-center '  itemprop=\"image\" itemscope=\"itemscope\" itemtype=\"https:\/\/schema.org\/ImageObject\"  ><div class='avia-image-container-inner'><div class='avia-image-overlay-wrap'><img decoding=\"async\" class='wp-image-7031 avia-img-lazy-loading-not-7031 avia_image' src=\"https:\/\/radiorevelacionfm.cl\/wp-content\/uploads\/2021\/08\/Jardin-Chiquito1-1-1.jpg\" alt='' title='Jardin Chiquito1 (1) (1)' height=\"600\" width=\"800\"  itemprop=\"thumbnailUrl\" srcset=\"https:\/\/radiorevelacionfm.cl\/wp-content\/uploads\/2021\/08\/Jardin-Chiquito1-1-1.jpg 800w, https:\/\/radiorevelacionfm.cl\/wp-content\/uploads\/2021\/08\/Jardin-Chiquito1-1-1-300x225.jpg 300w, https:\/\/radiorevelacionfm.cl\/wp-content\/uploads\/2021\/08\/Jardin-Chiquito1-1-1-768x576.jpg 768w, https:\/\/radiorevelacionfm.cl\/wp-content\/uploads\/2021\/08\/Jardin-Chiquito1-1-1-705x529.jpg 705w, https:\/\/radiorevelacionfm.cl\/wp-content\/uploads\/2021\/08\/Jardin-Chiquito1-1-1-600x450.jpg 600w\" sizes=\"(max-width: 800px) 100vw, 800px\" \/><\/div><\/div><\/div><\/div><div class=\"flex_column av_one_full  flex_column_div av-zero-column-padding first  avia-builder-el-2  el_after_av_one_full  el_before_av_one_full  column-top-margin\" style='border-radius:0px; '><section class=\"av_textblock_section \"  itemscope=\"itemscope\" itemtype=\"https:\/\/schema.org\/BlogPosting\" itemprop=\"blogPost\" ><div class='avia_textblock  '   itemprop=\"text\" ><p style=\"text-align: center;\"><strong><span style=\"font-size: 18pt;\">Sala Cuna y Jard\u00edn Infantil Ays\u00e9n Chiquito reinicia sus clases presenciales en dos dependencias para un mejor funcionamiento <\/span><\/strong><\/p>\n<div id=\"gtx-trans\" style=\"position: absolute; left: -50px; top: 4.31534px;\">\n<div class=\"gtx-trans-icon\"><\/div>\n<\/div>\n<\/div><\/section><\/div><div class=\"flex_column av_one_full  flex_column_div av-zero-column-padding first  avia-builder-el-4  el_after_av_one_full  el_before_av_hr  column-top-margin\" style='border-radius:0px; '><section class=\"av_textblock_section \"  itemscope=\"itemscope\" itemtype=\"https:\/\/schema.org\/BlogPosting\" itemprop=\"blogPost\" ><div class='avia_textblock  '   itemprop=\"text\" ><p style=\"text-align: justify;\">Una primera semana de adaptaci\u00f3n ser\u00e1 la t\u00f3nica del inicio de segundo semestre acad\u00e9mico en el jard\u00edn infantil y sala cuna \u201cAys\u00e9n Chiquito\u201d, cuyos niveles medios est\u00e1n asistiendo a las dependencias que se han instalado a un costado de la Direcci\u00f3n de Educaci\u00f3n Municipal, mientras que los m\u00e1s peque\u00f1os contin\u00faan en la infraestructura original en el sector Pedro Aguirre Cerda en Puerto Ays\u00e9n que, por esto d\u00edas, es intervenida en el marco de un proyecto de Mejoramiento, cuyo t\u00e9rmino de obras se proyecta para los primeros d\u00edas de noviembre de 2021.<\/p>\n<p style=\"text-align: justify;\">De esta manera, a partir de este lunes los p\u00e1rvulos retornaron a su establecimiento, donde los esperaban sus t\u00edas junto a todo el equipo t\u00e9cnico y profesional, para jugar y continuar aprendiendo, con todas las medidas dispuestas por la autoridad sanitaria para evitar el Covid-19.<\/p>\n<p style=\"text-align: justify;\">\u201cEsta semana ser\u00e1 de adaptaci\u00f3n porque hace mucho tiempo no nos ve\u00edamos con nuestros ni\u00f1os, entre el traslado de dependencias y todo lo que ha pasado, aquello nos impidi\u00f3 realizar una actividad presencial con ellos. Por eso, ya el 9 de agosto comenzamos con jornada \u00fanica con dos grupos, quienes vendr\u00e1n d\u00eda por medio para poder darles apoyo a los pap\u00e1s en estos d\u00edas que son complejos\u201d, manifest\u00f3 la directora del jard\u00edn infantil V\u00eda Transferencia de Fondos (VTF) municipal, Ver\u00f3nica Z\u00fa\u00f1iga.<\/p>\n<p style=\"text-align: justify;\">En este sentido, ya a partir de la pr\u00f3xima semana el horario de clases iniciar\u00e1 a las 8.15 horas extendi\u00e9ndose hasta las 15.30 horas, funcionando de forma paralela en las dependencias DEM, en que se congregar\u00e1n los cuatro niveles medios -ni\u00f1os de entre dos a tres a\u00f1os 11 meses-, y en calle Mayer con Manuel Rodr\u00edguez, para los 20 lactantes que conforman el nivel sala cuna.<\/p>\n<p style=\"text-align: justify;\">Al respecto, \u201cnos estamos adaptando, viendo todo lo relativo a los protocolos, revis\u00e1ndolo para que no haya detalle alguno, el cual haremos llegar tambi\u00e9n a los pap\u00e1s. Y por supuesto, esperando que prontamente est\u00e9 listo el proyecto de mejoramiento para volver a nuestra casa\u201d, indic\u00f3 la directora de Ays\u00e9n Chiquito.<\/p>\n<p style=\"text-align: justify;\">Por su parte, el director (S) DEM, Freddy Moraga -quien este martes visit\u00f3 al equipo de trabajo y a los peque\u00f1os y peque\u00f1as de este jard\u00edn infantil-, agradeci\u00f3 a los padres que han enviado a sus hijos y llam\u00f3 a quienes no lo han hecho para que conf\u00eden en el trabajo que se viene realizando en pos del bienestar de cada uno de los alumnos. \u201cEn conversaciones que hemos sostenido con la directora hemos visto los detalles y es un gusto tenerlos cerca nuestro. Es importante que los pap\u00e1s sientan la confianza de traer a sus hijos, las condiciones est\u00e1n, obviamente siempre hay un grado de responsabilidad que los pap\u00e1s tambi\u00e9n mantengan en este tema relacionado con la pandemia, y que los ni\u00f1os vengan es super importante. La sociabilizaci\u00f3n que tienen los ni\u00f1os, interactuar entre ellos y con las t\u00edas es muy importante, y la condiciones est\u00e1n dadas en este establecimiento para ello\u201d.<\/p>\n<\/div><\/section><\/div><div  style='height:50px' class='hr hr-invisible   avia-builder-el-6  el_after_av_one_full  el_before_av_social_share '><span class='hr-inner ' ><span class='hr-inner-style'><\/span><\/span><\/div><\/p>\n<div  class='av-social-sharing-box  avia-builder-el-7  el_after_av_hr  el_before_av_hr  '><div class='av-share-box'><h5 class='av-share-link-description av-no-toc '>Compartir esta noticia<\/h5><ul class='av-share-box-list noLightbox'><li class='av-share-link av-social-link-facebook' ><a target=\"_blank\" aria-label=\"Compartir en Facebook\" href='https:\/\/www.facebook.com\/sharer.php?u=https:\/\/radiorevelacionfm.cl\/?p=7030&#038;t=Sala%20Cuna%20y%20Jard%C3%ADn%20Infantil%20Ays%C3%A9n%20Chiquito%20reinicia%20sus%20clases%20presenciales%20en%20dos%20dependencias%20para%20un%20mejor%20funcionamiento' aria-hidden='false' data-av_icon='\ue8f3' data-av_iconfont='entypo-fontello' title='' data-avia-related-tooltip='Compartir en Facebook' rel=\"noopener\"><span class='avia_hidden_link_text'>Compartir en Facebook<\/span><\/a><\/li><li class='av-share-link av-social-link-twitter' ><a target=\"_blank\" aria-label=\"Compartir en Twitter\" href='https:\/\/twitter.com\/share?text=Sala%20Cuna%20y%20Jard%C3%ADn%20Infantil%20Ays%C3%A9n%20Chiquito%20reinicia%20sus%20clases%20presenciales%20en%20dos%20dependencias%20para%20un%20mejor%20funcionamiento&#038;url=https:\/\/radiorevelacionfm.cl\/?p=7030' aria-hidden='false' data-av_icon='\ue8f1' data-av_iconfont='entypo-fontello' title='' data-avia-related-tooltip='Compartir en Twitter' rel=\"noopener\"><span class='avia_hidden_link_text'>Compartir en Twitter<\/span><\/a><\/li><li class='av-share-link av-social-link-whatsapp' ><a target=\"_blank\" aria-label=\"Compartir en Whatsapp\" href='https:\/\/api.whatsapp.com\/send?text=https:\/\/radiorevelacionfm.cl\/?p=7030' aria-hidden='false' data-av_icon='\uf232' data-av_iconfont='entypo-fontello' title='' data-avia-related-tooltip='Compartir en Whatsapp' rel=\"noopener\"><span class='avia_hidden_link_text'>Compartir en Whatsapp<\/span><\/a><\/li><li class='av-share-link av-social-link-linkedin' ><a target=\"_blank\" aria-label=\"Compartir en LinkedIn\" href='https:\/\/linkedin.com\/shareArticle?mini=true&#038;title=Sala%20Cuna%20y%20Jard%C3%ADn%20Infantil%20Ays%C3%A9n%20Chiquito%20reinicia%20sus%20clases%20presenciales%20en%20dos%20dependencias%20para%20un%20mejor%20funcionamiento&#038;url=https:\/\/radiorevelacionfm.cl\/?p=7030' aria-hidden='false' data-av_icon='\ue8fc' data-av_iconfont='entypo-fontello' title='' data-avia-related-tooltip='Compartir en LinkedIn' rel=\"noopener\"><span class='avia_hidden_link_text'>Compartir en LinkedIn<\/span><\/a><\/li><li class='av-share-link av-social-link-mail' ><a  aria-label=\"Compartir por correo\" href='mailto:?subject=Sala%20Cuna%20y%20Jard%C3%ADn%20Infantil%20Ays%C3%A9n%20Chiquito%20reinicia%20sus%20clases%20presenciales%20en%20dos%20dependencias%20para%20un%20mejor%20funcionamiento&#038;body=https:\/\/radiorevelacionfm.cl\/?p=7030' aria-hidden='false' data-av_icon='\ue805' data-av_iconfont='entypo-fontello' title='' data-avia-related-tooltip='Compartir por correo'><span class='avia_hidden_link_text'>Compartir por correo<\/span><\/a><\/li><\/ul><\/div><\/div>\n<div  style='height:50px' class='hr hr-invisible   avia-builder-el-8  el_after_av_social_share  el_before_av_comments_list '><span class='hr-inner ' ><span class='hr-inner-style'><\/span><\/span><\/div>\n<div  class='av-buildercomment  av-blog-meta-html-info-disabled av-blog-meta-tag-disabled  '><\/div>\n","protected":false},"excerpt":{"rendered":"","protected":false},"author":1,"featured_media":7031,"comment_status":"open","ping_status":"open","sticky":false,"template":"","format":"standard","meta":{"footnotes":""},"categories":[49],"tags":[],"class_list":["post-7030","post","type-post","status-publish","format-standard","has-post-thumbnail","hentry","category-educacion"],"jetpack_featured_media_url":"https:\/\/radiorevelacionfm.cl\/wp-content\/uploads\/2021\/08\/Jardin-Chiquito1-1-1.jpg","_links":{"self":[{"href":"https:\/\/radiorevelacionfm.cl\/index.php?rest_route=\/wp\/v2\/posts\/7030","targetHints":{"allow":["GET"]}}],"collection":[{"href":"https:\/\/radiorevelacionfm.cl\/index.php?rest_route=\/wp\/v2\/posts"}],"about":[{"href":"https:\/\/radiorevelacionfm.cl\/index.php?rest_route=\/wp\/v2\/types\/post"}],"author":[{"embeddable":true,"href":"https:\/\/radiorevelacionfm.cl\/index.php?rest_route=\/wp\/v2\/users\/1"}],"replies":[{"embeddable":true,"href":"https:\/\/radiorevelacionfm.cl\/index.php?rest_route=%2Fwp%2Fv2%2Fcomments&post=7030"}],"version-history":[{"count":1,"href":"https:\/\/radiorevelacionfm.cl\/index.php?rest_route=\/wp\/v2\/posts\/7030\/revisions"}],"predecessor-version":[{"id":7032,"href":"https:\/\/radiorevelacionfm.cl\/index.php?rest_route=\/wp\/v2\/posts\/7030\/revisions\/7032"}],"wp:featuredmedia":[{"embeddable":true,"href":"https:\/\/radiorevelacionfm.cl\/index.php?rest_route=\/wp\/v2\/media\/7031"}],"wp:attachment":[{"href":"https:\/\/radiorevelacionfm.cl\/index.php?rest_route=%2Fwp%2Fv2%2Fmedia&parent=7030"}],"wp:term":[{"taxonomy":"category","embeddable":true,"href":"https:\/\/radiorevelacionfm.cl\/index.php?rest_route=%2Fwp%2Fv2%2Fcategories&post=7030"},{"taxonomy":"post_tag","embeddable":true,"href":"https:\/\/radiorevelacionfm.cl\/index.php?rest_route=%2Fwp%2Fv2%2Ftags&post=7030"}],"curies":[{"name":"wp","href":"https:\/\/api.w.org\/{rel}","templated":true}]}}