{"id":7027,"date":"2021-08-04T12:06:59","date_gmt":"2021-08-04T15:06:59","guid":{"rendered":"https:\/\/radiorevelacionfm.cl\/?p=7027"},"modified":"2021-08-04T12:06:59","modified_gmt":"2021-08-04T15:06:59","slug":"entregan-permiso-de-ocupacion-de-la-enigmatica-isla-de-los-muertos-de-tortel","status":"publish","type":"post","link":"https:\/\/radiorevelacionfm.cl\/?p=7027","title":{"rendered":"Entregan permiso de ocupaci\u00f3n de la enigm\u00e1tica Isla de los Muertos de Tortel"},"content":{"rendered":"<div class=\"flex_column av_one_full  flex_column_div av-zero-column-padding first  avia-builder-el-0  el_before_av_one_full  avia-builder-el-first  \" style='border-radius:0px; '><div  class='avia-image-container  av-styling-    avia-builder-el-1  avia-builder-el-no-sibling  avia-align-center '  itemprop=\"image\" itemscope=\"itemscope\" itemtype=\"https:\/\/schema.org\/ImageObject\"  ><div class='avia-image-container-inner'><div class='avia-image-overlay-wrap'><img decoding=\"async\" class='wp-image-7028 avia-img-lazy-loading-not-7028 avia_image' src=\"https:\/\/radiorevelacionfm.cl\/wp-content\/uploads\/2021\/08\/isla-de-los-muertos-5-1_optimized.jpeg\" alt='' title='isla-de-los-muertos-5-(1)_optimized' height=\"600\" width=\"901\"  itemprop=\"thumbnailUrl\" srcset=\"https:\/\/radiorevelacionfm.cl\/wp-content\/uploads\/2021\/08\/isla-de-los-muertos-5-1_optimized.jpeg 901w, https:\/\/radiorevelacionfm.cl\/wp-content\/uploads\/2021\/08\/isla-de-los-muertos-5-1_optimized-300x200.jpeg 300w, https:\/\/radiorevelacionfm.cl\/wp-content\/uploads\/2021\/08\/isla-de-los-muertos-5-1_optimized-768x511.jpeg 768w, https:\/\/radiorevelacionfm.cl\/wp-content\/uploads\/2021\/08\/isla-de-los-muertos-5-1_optimized-705x469.jpeg 705w, https:\/\/radiorevelacionfm.cl\/wp-content\/uploads\/2021\/08\/isla-de-los-muertos-5-1_optimized-600x400.jpeg 600w\" sizes=\"(max-width: 901px) 100vw, 901px\" \/><\/div><\/div><\/div><\/div><div class=\"flex_column av_one_full  flex_column_div av-zero-column-padding first  avia-builder-el-2  el_after_av_one_full  el_before_av_one_full  column-top-margin\" style='border-radius:0px; '><section class=\"av_textblock_section \"  itemscope=\"itemscope\" itemtype=\"https:\/\/schema.org\/BlogPosting\" itemprop=\"blogPost\" ><div class='avia_textblock  '   itemprop=\"text\" ><p style=\"text-align: center;\"><strong><span style=\"font-size: 18pt;\">Entregan permiso de ocupaci\u00f3n de la enigm\u00e1tica Isla de los Muertos de Tortel<\/span><\/strong><\/p>\n<div id=\"gtx-trans\" style=\"position: absolute; left: -50px; top: 4.31534px;\">\n<div class=\"gtx-trans-icon\"><\/div>\n<\/div>\n<\/div><\/section><\/div><div class=\"flex_column av_one_full  flex_column_div av-zero-column-padding first  avia-builder-el-4  el_after_av_one_full  el_before_av_hr  column-top-margin\" style='border-radius:0px; '><section class=\"av_textblock_section \"  itemscope=\"itemscope\" itemtype=\"https:\/\/schema.org\/BlogPosting\" itemprop=\"blogPost\" ><div class='avia_textblock  '   itemprop=\"text\" ><p style=\"text-align: justify;\">Tortel es un lugar \u00fanico en la Patagonia chilena. En su caleta, habitan alrededor de 600 personas, no existen las calles y solo es posible recorrerlo a trav\u00e9s de sus interminables pasarelas y escaleras que dan forma a la ciudad. La energ\u00eda que envuelve el lugar es \u00fanica, as\u00ed como tambi\u00e9n la historia que hay tras la Isla de los Muertos, que se ubica a tres kil\u00f3metros de distancia y que intriga a todo aquel que la conozca.<\/p>\n<p style=\"text-align: justify;\">En su visita a Tortel, el subsecretario de Bienes Nacionales, \u00c1lvaro Pillado le entreg\u00f3 un permiso de ocupaci\u00f3n a la Municipalidad, para proteger y conservarla. \u201cLa Isla de los Muertos es parte de la historia de Tortel, es por eso que para el Ministerio de Bienes Nacionales es muy importante concretar este hito, entregar en administraci\u00f3n a la Municipalidad. Estamos muy agradecidos que hayan querido hacerse cargo, y ponerlo en valor y protegerlo. Hablamos de un Monumento Hist\u00f3rico y esperamos que podamos tener una mejor proyecci\u00f3n de la Isla y que m\u00e1s personas puedan visitarla\u201d, asegur\u00f3 el subsecretario de Bienes Nacionales, \u00c1lvaro Pillado.<\/p>\n<p style=\"text-align: justify;\">Para conocer el enigma de la Isla y la historia tras las m\u00e1s de 30 cruces que forman el cementerio, hay que remontarse entre los a\u00f1os 1904 y 1908. La historia cuenta que, en esos a\u00f1os, se estableci\u00f3 la Sociedad Explotadora del Baker, con fines forestales y fueron 120 hacheros chilotes y primeros colonos contratados, iban por seis meses a trabajar, pero muchos nunca salieron de ah\u00ed.<\/p>\n<p style=\"text-align: justify;\">\u201cCuando vengo a la isla, nunca dejo de sentir algo extra\u00f1o, algo especial. En \u00e9poca de turistas la visito todos los d\u00edas y siempre hay algo nuevo que me sorprende y alguna duda que surge. Llegar aqu\u00ed no es como estar en cualquier lugar, debe existir un respeto por estas personas que son parte de nuestra historia y en especial de la comunidad de Tortel\u201d, asegur\u00f3 Jorge Arratia, relator y habitante de Caleta Tortel al recorrer la Isla.<\/p>\n<p style=\"text-align: justify;\">Para conocerla, hay que viajar alrededor de 30 minutos en lancha por la desembocadura del R\u00edo Baker y al llegar, solo basta caminar un par de metros para sentir un aire distinto y develar el cementerio con las cruces originales de madera de Cipr\u00e9s y que representan a los trabajadores que fallecieron por intrigantes y misteriosas causas.<\/p>\n<p style=\"text-align: justify;\">Aunque no hay una versi\u00f3n oficial del motivo de las defunciones, hay algunas teor\u00edas. La primera dice que fueron causadas por la epidemia de escorbuto. Otra se\u00f1ala que fue producto de un envenenamiento accidental por ingesta con harina contaminada con antis\u00e1rnico.<\/p>\n<p style=\"text-align: justify;\">Tambi\u00e9n existe la hip\u00f3tesis de muerte intencional, a manos de la propia Compa\u00f1\u00eda para no pagar los sueldos a los trabajadores. Y la \u00faltima dice que una embarcaci\u00f3n efectivamente iba a rescatarlos, pero naufrag\u00f3 antes de llegar. En 1998, un equipo de arque\u00f3logos exhum\u00f3 una de las tumbas, sin embargo, no se encontraron osamentas para corroborar alguna teor\u00eda, dada la humedad o acidez del suelo.<\/p>\n<p style=\"text-align: justify;\">\u201cEn esa oportunidad tampoco se pudo determinar con exactitud las causas de la muerte, solo se encontraron 3 piezas dentales y 4 botones. Por eso, lo interesante de visitar la Isla es que uno puede hacer un juicio propio, sacar distintas conclusiones y crear nuevas preguntas de lo que pudo haber pasado con los colonos, simplemente observando lo que entrega el lugar\u201d, cont\u00f3 Jorge Arratia, relator y habitante de Caleta Tortel.<\/p>\n<p style=\"text-align: justify;\">Desde aquella tragedia han pasado m\u00e1s de 100 a\u00f1os, y en 2001 el lugar fue protegido como Monumento Nacional. En este sentido, la semana pasada, el subsecretario de Bienes Nacionales, \u00c1lvaro Pillado lleg\u00f3 hasta la Isla para entregarle un permiso de ocupaci\u00f3n de 3,9 hect\u00e1reas a la Municipalidad de Tortel, para que conserven el ecosistema y protejan la historia de la Isla, que antes de la pandemia recib\u00eda a miles de turistas.<\/p>\n<p style=\"text-align: justify;\">Sumado a sus valores hist\u00f3ricos, la Isla de los Muertos es un lugar \u00fanico que mezcla la vegetaci\u00f3n con un paisaje marcado por la cordillera nevada, con un ecosistema poco com\u00fan, una variada fauna, con bancos de especies de moluscos de agua dulce en peligro de extinci\u00f3n, lo que lo convierte en un lugar de alto inter\u00e9s cient\u00edfico adem\u00e1s de tur\u00edstico. \u201cComo administraci\u00f3n es un hito muy importante, porque ahora nos haremos cargo de las mantenciones, de su cuidado y podremos tener m\u00e1s informaci\u00f3n sobre el n\u00famero de personas que lo visitan y tambi\u00e9n podremos trabajar en colaboraci\u00f3n con los operadores tur\u00edsticos que trabajan en Tortel\u201d, cont\u00f3 el alcalde de Tortel, Abel Becerra.<\/p>\n<\/div><\/section><\/div><div  style='height:50px' class='hr hr-invisible   avia-builder-el-6  el_after_av_one_full  el_before_av_social_share '><span class='hr-inner ' ><span class='hr-inner-style'><\/span><\/span><\/div><\/p>\n<div  class='av-social-sharing-box  avia-builder-el-7  el_after_av_hr  el_before_av_hr  '><div class='av-share-box'><h5 class='av-share-link-description av-no-toc '>Compartir esta noticia<\/h5><ul class='av-share-box-list noLightbox'><li class='av-share-link av-social-link-facebook' ><a target=\"_blank\" aria-label=\"Compartir en Facebook\" href='https:\/\/www.facebook.com\/sharer.php?u=https:\/\/radiorevelacionfm.cl\/?p=7027&#038;t=Entregan%20permiso%20de%20ocupaci%C3%B3n%20de%20la%20enigm%C3%A1tica%20Isla%20de%20los%20Muertos%20de%20Tortel' aria-hidden='false' data-av_icon='\ue8f3' data-av_iconfont='entypo-fontello' title='' data-avia-related-tooltip='Compartir en Facebook' rel=\"noopener\"><span class='avia_hidden_link_text'>Compartir en Facebook<\/span><\/a><\/li><li class='av-share-link av-social-link-twitter' ><a target=\"_blank\" aria-label=\"Compartir en Twitter\" href='https:\/\/twitter.com\/share?text=Entregan%20permiso%20de%20ocupaci%C3%B3n%20de%20la%20enigm%C3%A1tica%20Isla%20de%20los%20Muertos%20de%20Tortel&#038;url=https:\/\/radiorevelacionfm.cl\/?p=7027' aria-hidden='false' data-av_icon='\ue8f1' data-av_iconfont='entypo-fontello' title='' data-avia-related-tooltip='Compartir en Twitter' rel=\"noopener\"><span class='avia_hidden_link_text'>Compartir en Twitter<\/span><\/a><\/li><li class='av-share-link av-social-link-whatsapp' ><a target=\"_blank\" aria-label=\"Compartir en Whatsapp\" href='https:\/\/api.whatsapp.com\/send?text=https:\/\/radiorevelacionfm.cl\/?p=7027' aria-hidden='false' data-av_icon='\uf232' data-av_iconfont='entypo-fontello' title='' data-avia-related-tooltip='Compartir en Whatsapp' rel=\"noopener\"><span class='avia_hidden_link_text'>Compartir en Whatsapp<\/span><\/a><\/li><li class='av-share-link av-social-link-linkedin' ><a target=\"_blank\" aria-label=\"Compartir en LinkedIn\" href='https:\/\/linkedin.com\/shareArticle?mini=true&#038;title=Entregan%20permiso%20de%20ocupaci%C3%B3n%20de%20la%20enigm%C3%A1tica%20Isla%20de%20los%20Muertos%20de%20Tortel&#038;url=https:\/\/radiorevelacionfm.cl\/?p=7027' aria-hidden='false' data-av_icon='\ue8fc' data-av_iconfont='entypo-fontello' title='' data-avia-related-tooltip='Compartir en LinkedIn' rel=\"noopener\"><span class='avia_hidden_link_text'>Compartir en LinkedIn<\/span><\/a><\/li><li class='av-share-link av-social-link-mail' ><a  aria-label=\"Compartir por correo\" href='mailto:?subject=Entregan%20permiso%20de%20ocupaci%C3%B3n%20de%20la%20enigm%C3%A1tica%20Isla%20de%20los%20Muertos%20de%20Tortel&#038;body=https:\/\/radiorevelacionfm.cl\/?p=7027' aria-hidden='false' data-av_icon='\ue805' data-av_iconfont='entypo-fontello' title='' data-avia-related-tooltip='Compartir por correo'><span class='avia_hidden_link_text'>Compartir por correo<\/span><\/a><\/li><\/ul><\/div><\/div>\n<div  style='height:50px' class='hr hr-invisible   avia-builder-el-8  el_after_av_social_share  el_before_av_comments_list '><span class='hr-inner ' ><span class='hr-inner-style'><\/span><\/span><\/div>\n<div  class='av-buildercomment  av-blog-meta-html-info-disabled av-blog-meta-tag-disabled  '><\/div>\n","protected":false},"excerpt":{"rendered":"","protected":false},"author":1,"featured_media":7028,"comment_status":"open","ping_status":"open","sticky":false,"template":"","format":"standard","meta":{"footnotes":""},"categories":[38],"tags":[],"class_list":["post-7027","post","type-post","status-publish","format-standard","has-post-thumbnail","hentry","category-regional"],"jetpack_featured_media_url":"https:\/\/radiorevelacionfm.cl\/wp-content\/uploads\/2021\/08\/isla-de-los-muertos-5-1_optimized.jpeg","_links":{"self":[{"href":"https:\/\/radiorevelacionfm.cl\/index.php?rest_route=\/wp\/v2\/posts\/7027","targetHints":{"allow":["GET"]}}],"collection":[{"href":"https:\/\/radiorevelacionfm.cl\/index.php?rest_route=\/wp\/v2\/posts"}],"about":[{"href":"https:\/\/radiorevelacionfm.cl\/index.php?rest_route=\/wp\/v2\/types\/post"}],"author":[{"embeddable":true,"href":"https:\/\/radiorevelacionfm.cl\/index.php?rest_route=\/wp\/v2\/users\/1"}],"replies":[{"embeddable":true,"href":"https:\/\/radiorevelacionfm.cl\/index.php?rest_route=%2Fwp%2Fv2%2Fcomments&post=7027"}],"version-history":[{"count":1,"href":"https:\/\/radiorevelacionfm.cl\/index.php?rest_route=\/wp\/v2\/posts\/7027\/revisions"}],"predecessor-version":[{"id":7029,"href":"https:\/\/radiorevelacionfm.cl\/index.php?rest_route=\/wp\/v2\/posts\/7027\/revisions\/7029"}],"wp:featuredmedia":[{"embeddable":true,"href":"https:\/\/radiorevelacionfm.cl\/index.php?rest_route=\/wp\/v2\/media\/7028"}],"wp:attachment":[{"href":"https:\/\/radiorevelacionfm.cl\/index.php?rest_route=%2Fwp%2Fv2%2Fmedia&parent=7027"}],"wp:term":[{"taxonomy":"category","embeddable":true,"href":"https:\/\/radiorevelacionfm.cl\/index.php?rest_route=%2Fwp%2Fv2%2Fcategories&post=7027"},{"taxonomy":"post_tag","embeddable":true,"href":"https:\/\/radiorevelacionfm.cl\/index.php?rest_route=%2Fwp%2Fv2%2Ftags&post=7027"}],"curies":[{"name":"wp","href":"https:\/\/api.w.org\/{rel}","templated":true}]}}