{"id":7024,"date":"2021-08-04T11:24:48","date_gmt":"2021-08-04T14:24:48","guid":{"rendered":"https:\/\/radiorevelacionfm.cl\/?p=7024"},"modified":"2021-08-04T11:24:48","modified_gmt":"2021-08-04T14:24:48","slug":"municipio-de-aysen-concreto-entrega-de-terrenos-para-proyectos-de-intervencion-comunitaria","status":"publish","type":"post","link":"https:\/\/radiorevelacionfm.cl\/?p=7024","title":{"rendered":"Municipio de Ays\u00e9n concret\u00f3 entrega de terrenos para proyectos de intervenci\u00f3n comunitaria"},"content":{"rendered":"<div class=\"flex_column av_one_full  flex_column_div av-zero-column-padding first  avia-builder-el-0  el_before_av_one_full  avia-builder-el-first  \" style='border-radius:0px; '><div  class='avia-image-container  av-styling-    avia-builder-el-1  avia-builder-el-no-sibling  avia-align-center '  itemprop=\"image\" itemscope=\"itemscope\" itemtype=\"https:\/\/schema.org\/ImageObject\"  ><div class='avia-image-container-inner'><div class='avia-image-overlay-wrap'><img decoding=\"async\" class='wp-image-7025 avia-img-lazy-loading-not-7025 avia_image' src=\"https:\/\/radiorevelacionfm.cl\/wp-content\/uploads\/2021\/08\/img-ds27ef2i_optimized.jpg\" alt='' title='img-ds27ef2i_optimized' height=\"669\" width=\"1025\"  itemprop=\"thumbnailUrl\" srcset=\"https:\/\/radiorevelacionfm.cl\/wp-content\/uploads\/2021\/08\/img-ds27ef2i_optimized.jpg 1025w, https:\/\/radiorevelacionfm.cl\/wp-content\/uploads\/2021\/08\/img-ds27ef2i_optimized-300x196.jpg 300w, https:\/\/radiorevelacionfm.cl\/wp-content\/uploads\/2021\/08\/img-ds27ef2i_optimized-768x501.jpg 768w, https:\/\/radiorevelacionfm.cl\/wp-content\/uploads\/2021\/08\/img-ds27ef2i_optimized-705x460.jpg 705w, https:\/\/radiorevelacionfm.cl\/wp-content\/uploads\/2021\/08\/img-ds27ef2i_optimized-600x392.jpg 600w\" sizes=\"(max-width: 1025px) 100vw, 1025px\" \/><\/div><\/div><\/div><\/div><div class=\"flex_column av_one_full  flex_column_div av-zero-column-padding first  avia-builder-el-2  el_after_av_one_full  el_before_av_one_full  column-top-margin\" style='border-radius:0px; '><section class=\"av_textblock_section \"  itemscope=\"itemscope\" itemtype=\"https:\/\/schema.org\/BlogPosting\" itemprop=\"blogPost\" ><div class='avia_textblock  '   itemprop=\"text\" ><p style=\"text-align: center;\"><strong><span style=\"font-size: 18pt;\">Municipio de Ays\u00e9n concret\u00f3 entrega de terrenos para proyectos de intervenci\u00f3n comunitaria<\/span><\/strong><\/p>\n<div id=\"gtx-trans\" style=\"position: absolute; left: -50px; top: 4.31534px;\">\n<div class=\"gtx-trans-icon\"><\/div>\n<\/div>\n<\/div><\/section><\/div><div class=\"flex_column av_one_full  flex_column_div av-zero-column-padding first  avia-builder-el-4  el_after_av_one_full  el_before_av_hr  column-top-margin\" style='border-radius:0px; '><section class=\"av_textblock_section \"  itemscope=\"itemscope\" itemtype=\"https:\/\/schema.org\/BlogPosting\" itemprop=\"blogPost\" ><div class='avia_textblock  '   itemprop=\"text\" ><p style=\"text-align: justify;\">Tras el cambio de fase que permiti\u00f3 reunir a todos los integrantes involucrados un mismo lugar, se efectu\u00f3 en dependencias de la Ilustre Municipalidad de Ays\u00e9n la entrega formal de terrenos correspondiente a los proyectos formulados bajo la l\u00ednea de Equipamiento Comunitario del programa Hogar Mejor del Ministerio de Vivienda y Urbanismo. Los representantes de las organizaciones patrocinantes agradecieron el espacio de encuentro generado, en el cual se certific\u00f3 con los respectivos documentos, la materializaci\u00f3n de las faenas.<\/p>\n<p style=\"text-align: justify;\">Con la presencia del alcalde de Ays\u00e9n, Julio Uribe Alvarado; el Secretario Regional Ministerial de Vivienda, Diego Silva Barrera; el Director Regional de Serviu, Nelson Quinteros; la delegada de la oficina provincial, Gladys Salas y los representantes de las agrupaciones: Junta de Vecinos Camino Viejo, C\u00edrculo hijos y amigos de Chilo\u00e9, Uni\u00f3n Comunal de Adultos Mayores \u201ctrapananda\u201d y \u201cAgrupaci\u00f3n de amigos del Deporte Social y Cultural de Puerto Ays\u00e9n\u201d se procedi\u00f3 a realizar las respectivas firmas junto a los contratistas para iniciar el trabajo en los terrenos correspondientes.<\/p>\n<p style=\"text-align: justify;\">Al respecto, la primera autoridad de la comuna, Julio Uribe Alvarado, felicit\u00f3 a los profesionales que componen la Entidad Patrocinante Municipal, unidad responsable de los proyectos. Tambi\u00e9n agradeci\u00f3 al Minvu por los fondos obtenidos para ejecutar estas iniciativas. \u201cAs\u00ed es que, contento una ceremonia muy emotiva, esperar de que todo resulte de la mejor forma, que tengamos una buena ejecuci\u00f3n de los proyectos y que todos terminen en los tiempos que estaban predeterminados que son alrededor de marzo del pr\u00f3ximo a\u00f1o\u201d acu\u00f1\u00f3 el Edil.<\/p>\n<p style=\"text-align: justify;\">El Seremi de Vivienda y Urbanismo en la regi\u00f3n de Ays\u00e9n, Diego Silva Barrera, junto con relevar la importancia de este hito en la construcci\u00f3n comunal y abordar los mecanismo que operan para el Programa Hogar Mejor (DS 27) se\u00f1al\u00f3 que \u201cestamos muy contentos de este enorme trabajo que se est\u00e1 haciendo en coordinaci\u00f3n con el municipio. Se agradece porque fue el municipio quien levant\u00f3 estos proyectos junto a los vecinos, as\u00ed es que una inversi\u00f3n cercana a los 30.000 UF, algo no menor que tambi\u00e9n viene en lo que es la recuperaci\u00f3n econ\u00f3mica que est\u00e1 levantando el Ministerio de Vivienda y Urbanismo en conjunto con los municipios de la regi\u00f3n\u201d.<\/p>\n<p style=\"text-align: justify;\">Por su parte, la representante de la Uni\u00f3n Comunal de Adulto Mayor \u201cTrapananda\u201d, Cristina Ya\u00f1ez M\u00e9ndez, destac\u00f3 la alegr\u00eda que le genera llegar a esta instancia ad portas del inicio de la construcci\u00f3n de faenas de la infraestructura valorada en 8.334 UF, ya que describe que \u201cse ha trabajado mucho\u201d. En esa l\u00ednea la dirigenta social espera que la nueva edificaci\u00f3n contribuya con la labor que desarrollan. Agregando que \u201cle doy las bendiciones a las personas que vienen, que el se\u00f1or los acompa\u00f1e y que salgan adelante porque los adultos mayores vamos a seguir en el camino\u201d.<\/p>\n<p style=\"text-align: justify;\">En tanto, la dirigenta vecinal del sector Camino Viejo, Gladys Mar\u00edn Barr\u00eda, coment\u00f3 la felicidad que le embarga esta situaci\u00f3n, las esperanzas que tiene para el progreso de la unidad vecinal que representa, relatando las dif\u00edciles condiciones en las cuales deb\u00edan reunirse los habitantes de una zona hist\u00f3rica de Puerto Ays\u00e9n. El proyecto a desarrollar pretende en 240 d\u00edas h\u00e1biles, instalar una nueva infraestructura en la esquina de Quitralco con Camino Viejo y as\u00ed superar las brechas del pasado, por lo que, la presidenta del sector agradeci\u00f3 a quienes hicieron posible lograr este sue\u00f1o.<\/p>\n<p style=\"text-align: justify;\">Otra de la obras que se ejecutar\u00e1 tras el financiamiento obtenido en el Programa Hogar Mejor es el Mejoramiento de la Plaza de las Araucarias. Sobre esta materia, el dirigente de la agrupaci\u00f3n \u201cC\u00edrculo hijos y amigos de Chilo\u00e9\u201d, Jos\u00e9 Pincol Millacura, enfatiz\u00f3 en el valor patrimonial que tendr\u00e1 esta intervenci\u00f3n con motivo de rememorar las bases culturales de la comuna de Ays\u00e9n. El valor aproximado de esta intervenci\u00f3n supera los 110 millones de pesos.<\/p>\n<p style=\"text-align: justify;\">Finalmente, tras los patrocinios correspondientes, se llevar\u00e1 adelante el mejoramiento de la Plazoleta de la Virgen ubicada en el sector de Gabriela Mistral, tras conseguir el apoyo de la Agrupaci\u00f3n de amigos del Deporte Social y Cultural de Puerto Ays\u00e9n; la construcci\u00f3n del Cerro Mirador Norte con el impulso otorgador por la Junta de Vecinos del sector Hospital y el mejoramiento de la actual Plaza de la Poblaci\u00f3n Desaf\u00edo Justo gracias a la intervenci\u00f3n de la unidad vecinal del sector.<\/p>\n<\/div><\/section><\/div><div  style='height:50px' class='hr hr-invisible   avia-builder-el-6  el_after_av_one_full  el_before_av_social_share '><span class='hr-inner ' ><span class='hr-inner-style'><\/span><\/span><\/div><\/p>\n<div  class='av-social-sharing-box  avia-builder-el-7  el_after_av_hr  el_before_av_hr  '><div class='av-share-box'><h5 class='av-share-link-description av-no-toc '>Compartir esta noticia<\/h5><ul class='av-share-box-list noLightbox'><li class='av-share-link av-social-link-facebook' ><a target=\"_blank\" aria-label=\"Compartir en Facebook\" href='https:\/\/www.facebook.com\/sharer.php?u=https:\/\/radiorevelacionfm.cl\/?p=7024&#038;t=Municipio%20de%20Ays%C3%A9n%20concret%C3%B3%20entrega%20de%20terrenos%20para%20proyectos%20de%20intervenci%C3%B3n%20comunitaria' aria-hidden='false' data-av_icon='\ue8f3' data-av_iconfont='entypo-fontello' title='' data-avia-related-tooltip='Compartir en Facebook' rel=\"noopener\"><span class='avia_hidden_link_text'>Compartir en Facebook<\/span><\/a><\/li><li class='av-share-link av-social-link-twitter' ><a target=\"_blank\" aria-label=\"Compartir en Twitter\" href='https:\/\/twitter.com\/share?text=Municipio%20de%20Ays%C3%A9n%20concret%C3%B3%20entrega%20de%20terrenos%20para%20proyectos%20de%20intervenci%C3%B3n%20comunitaria&#038;url=https:\/\/radiorevelacionfm.cl\/?p=7024' aria-hidden='false' data-av_icon='\ue8f1' data-av_iconfont='entypo-fontello' title='' data-avia-related-tooltip='Compartir en Twitter' rel=\"noopener\"><span class='avia_hidden_link_text'>Compartir en Twitter<\/span><\/a><\/li><li class='av-share-link av-social-link-whatsapp' ><a target=\"_blank\" aria-label=\"Compartir en Whatsapp\" href='https:\/\/api.whatsapp.com\/send?text=https:\/\/radiorevelacionfm.cl\/?p=7024' aria-hidden='false' data-av_icon='\uf232' data-av_iconfont='entypo-fontello' title='' data-avia-related-tooltip='Compartir en Whatsapp' rel=\"noopener\"><span class='avia_hidden_link_text'>Compartir en Whatsapp<\/span><\/a><\/li><li class='av-share-link av-social-link-linkedin' ><a target=\"_blank\" aria-label=\"Compartir en LinkedIn\" href='https:\/\/linkedin.com\/shareArticle?mini=true&#038;title=Municipio%20de%20Ays%C3%A9n%20concret%C3%B3%20entrega%20de%20terrenos%20para%20proyectos%20de%20intervenci%C3%B3n%20comunitaria&#038;url=https:\/\/radiorevelacionfm.cl\/?p=7024' aria-hidden='false' data-av_icon='\ue8fc' data-av_iconfont='entypo-fontello' title='' data-avia-related-tooltip='Compartir en LinkedIn' rel=\"noopener\"><span class='avia_hidden_link_text'>Compartir en LinkedIn<\/span><\/a><\/li><li class='av-share-link av-social-link-mail' ><a  aria-label=\"Compartir por correo\" href='mailto:?subject=Municipio%20de%20Ays%C3%A9n%20concret%C3%B3%20entrega%20de%20terrenos%20para%20proyectos%20de%20intervenci%C3%B3n%20comunitaria&#038;body=https:\/\/radiorevelacionfm.cl\/?p=7024' aria-hidden='false' data-av_icon='\ue805' data-av_iconfont='entypo-fontello' title='' data-avia-related-tooltip='Compartir por correo'><span class='avia_hidden_link_text'>Compartir por correo<\/span><\/a><\/li><\/ul><\/div><\/div>\n<div  style='height:50px' class='hr hr-invisible   avia-builder-el-8  el_after_av_social_share  el_before_av_comments_list '><span class='hr-inner ' ><span class='hr-inner-style'><\/span><\/span><\/div>\n<div  class='av-buildercomment  av-blog-meta-html-info-disabled av-blog-meta-tag-disabled  '><\/div>\n","protected":false},"excerpt":{"rendered":"","protected":false},"author":1,"featured_media":7025,"comment_status":"open","ping_status":"open","sticky":false,"template":"","format":"standard","meta":{"footnotes":""},"categories":[38],"tags":[],"class_list":["post-7024","post","type-post","status-publish","format-standard","has-post-thumbnail","hentry","category-regional"],"jetpack_featured_media_url":"https:\/\/radiorevelacionfm.cl\/wp-content\/uploads\/2021\/08\/img-ds27ef2i_optimized.jpg","_links":{"self":[{"href":"https:\/\/radiorevelacionfm.cl\/index.php?rest_route=\/wp\/v2\/posts\/7024","targetHints":{"allow":["GET"]}}],"collection":[{"href":"https:\/\/radiorevelacionfm.cl\/index.php?rest_route=\/wp\/v2\/posts"}],"about":[{"href":"https:\/\/radiorevelacionfm.cl\/index.php?rest_route=\/wp\/v2\/types\/post"}],"author":[{"embeddable":true,"href":"https:\/\/radiorevelacionfm.cl\/index.php?rest_route=\/wp\/v2\/users\/1"}],"replies":[{"embeddable":true,"href":"https:\/\/radiorevelacionfm.cl\/index.php?rest_route=%2Fwp%2Fv2%2Fcomments&post=7024"}],"version-history":[{"count":1,"href":"https:\/\/radiorevelacionfm.cl\/index.php?rest_route=\/wp\/v2\/posts\/7024\/revisions"}],"predecessor-version":[{"id":7026,"href":"https:\/\/radiorevelacionfm.cl\/index.php?rest_route=\/wp\/v2\/posts\/7024\/revisions\/7026"}],"wp:featuredmedia":[{"embeddable":true,"href":"https:\/\/radiorevelacionfm.cl\/index.php?rest_route=\/wp\/v2\/media\/7025"}],"wp:attachment":[{"href":"https:\/\/radiorevelacionfm.cl\/index.php?rest_route=%2Fwp%2Fv2%2Fmedia&parent=7024"}],"wp:term":[{"taxonomy":"category","embeddable":true,"href":"https:\/\/radiorevelacionfm.cl\/index.php?rest_route=%2Fwp%2Fv2%2Fcategories&post=7024"},{"taxonomy":"post_tag","embeddable":true,"href":"https:\/\/radiorevelacionfm.cl\/index.php?rest_route=%2Fwp%2Fv2%2Ftags&post=7024"}],"curies":[{"name":"wp","href":"https:\/\/api.w.org\/{rel}","templated":true}]}}