{"id":7021,"date":"2021-08-04T17:06:34","date_gmt":"2021-08-04T20:06:34","guid":{"rendered":"https:\/\/radiorevelacionfm.cl\/?p=7021"},"modified":"2021-08-04T17:06:34","modified_gmt":"2021-08-04T20:06:34","slug":"mineduc-inicia-consulta-nacional-para-elaborar-hoja-de-ruta-por-los-proximos-4-anos","status":"publish","type":"post","link":"https:\/\/radiorevelacionfm.cl\/?p=7021","title":{"rendered":"Mineduc inicia consulta nacional para elaborar hoja de ruta por los pr\u00f3ximos 4 a\u00f1os"},"content":{"rendered":"<div class=\"flex_column av_one_full  flex_column_div av-zero-column-padding first  avia-builder-el-0  el_before_av_one_full  avia-builder-el-first  \" style='border-radius:0px; '><div  class='avia-image-container  av-styling-    avia-builder-el-1  avia-builder-el-no-sibling  avia-align-center '  itemprop=\"image\" itemscope=\"itemscope\" itemtype=\"https:\/\/schema.org\/ImageObject\"  ><div class='avia-image-container-inner'><div class='avia-image-overlay-wrap'><img decoding=\"async\" class='wp-image-7022 avia-img-lazy-loading-not-7022 avia_image' src=\"https:\/\/radiorevelacionfm.cl\/wp-content\/uploads\/2021\/08\/mineduc-foto-1-1_optimized.jpg\" alt='' title='mineduc-foto-1-(1)_optimized' height=\"600\" width=\"1021\"  itemprop=\"thumbnailUrl\" srcset=\"https:\/\/radiorevelacionfm.cl\/wp-content\/uploads\/2021\/08\/mineduc-foto-1-1_optimized.jpg 1021w, https:\/\/radiorevelacionfm.cl\/wp-content\/uploads\/2021\/08\/mineduc-foto-1-1_optimized-300x176.jpg 300w, https:\/\/radiorevelacionfm.cl\/wp-content\/uploads\/2021\/08\/mineduc-foto-1-1_optimized-768x451.jpg 768w, https:\/\/radiorevelacionfm.cl\/wp-content\/uploads\/2021\/08\/mineduc-foto-1-1_optimized-705x414.jpg 705w, https:\/\/radiorevelacionfm.cl\/wp-content\/uploads\/2021\/08\/mineduc-foto-1-1_optimized-600x353.jpg 600w\" sizes=\"(max-width: 1021px) 100vw, 1021px\" \/><\/div><\/div><\/div><\/div><div class=\"flex_column av_one_full  flex_column_div av-zero-column-padding first  avia-builder-el-2  el_after_av_one_full  el_before_av_one_full  column-top-margin\" style='border-radius:0px; '><section class=\"av_textblock_section \"  itemscope=\"itemscope\" itemtype=\"https:\/\/schema.org\/BlogPosting\" itemprop=\"blogPost\" ><div class='avia_textblock  '   itemprop=\"text\" ><p style=\"text-align: center;\"><strong><span style=\"font-size: 18pt;\">Mineduc inicia consulta nacional para elaborar hoja de ruta por los pr\u00f3ximos 4 a\u00f1os<\/span><\/strong><\/p>\n<div id=\"gtx-trans\" style=\"position: absolute; left: -50px; top: 4.31534px;\">\n<div class=\"gtx-trans-icon\"><\/div>\n<\/div>\n<\/div><\/section><\/div><div class=\"flex_column av_one_full  flex_column_div av-zero-column-padding first  avia-builder-el-4  el_after_av_one_full  el_before_av_hr  column-top-margin\" style='border-radius:0px; '><section class=\"av_textblock_section \"  itemscope=\"itemscope\" itemtype=\"https:\/\/schema.org\/BlogPosting\" itemprop=\"blogPost\" ><div class='avia_textblock  '   itemprop=\"text\" ><p style=\"text-align: justify;\"><span lang=\"ES-MX\">Desde este martes esta abierta la consulta ciudadana en el sitio <\/span><span lang=\"ES-MX\"><a href=\"https:\/\/juntos.mineduc.cl\/\" target=\"_blank\" rel=\"noopener noreferrer\">https:\/\/juntos.mineduc.cl\/<\/a><\/span><span lang=\"ES-MX\">\u00a0y luego se abrir\u00e1 un proceso de cabildos al que estar\u00e1n convocados representantes de todos los establecimientos educacionales del pa\u00eds.<\/span><\/p>\n<p class=\"v1MsoNormalCxSpMiddle\" style=\"text-align: justify;\">La interrupci\u00f3n prolongada de clases presenciales gener\u00f3 un grave impacto en los aprendizajes de los estudiantes y en su desarrollo socioemocional. Los datos obtenidos en el Diagn\u00f3stico Integral de Aprendizajes realizados en marzo de este a\u00f1o arrojaron que los estudiantes entre 6\u00b0 b\u00e1sico y 4\u00b0 medio no alcanzaron los conocimientos m\u00ednimos necesarios en lectura ni en matem\u00e1ticas.<\/p>\n<p class=\"v1MsoNormal\" style=\"text-align: justify;\">Es por eso que hoy las autoridades del Ministerio de Educaci\u00f3n lanzaron el plan \u00abJuntos, Chile se Recupera y Aprende\u00bb que busca involucrar la voz de la comunidad educativa para generar una propuesta de recuperaci\u00f3n del aprendizaje integral de los estudiantes en el sistema educativo para los pr\u00f3ximos 4 a\u00f1os, recogiendo, fortaleciendo y complementado las iniciativas que el Ministerio de Educaci\u00f3n ha implementado en la actualidad.<\/p>\n<p class=\"v1MsoNormal\" style=\"text-align: justify;\">\u00abLa pandemia gener\u00f3 un verdadero terremoto educacional en el sistema educativo, con un profundo impacto en los aprendizajes y en el bienestar ps\u00edquico y socioemocional de los ni\u00f1os, ni\u00f1as y j\u00f3venes del pa\u00eds. Hoy, los establecimientos educativos est\u00e1n volviendo de forma gradual a recibir a sus estudiantes, lo que es un paso fundamental para la recuperaci\u00f3n ya que nada reemplaza la experiencia que viven los millones de ni\u00f1os d\u00eda a d\u00eda en sus escuelas y jardines infantiles. Ahora, desde la sala de clases, nos toca poner todos nuestros esfuerzos en la recuperaci\u00f3n del aprendizaje integral de nuestros ni\u00f1os y j\u00f3venes, para que puedan tener un futuro que les d\u00e9 verdaderas oportunidades\u00bb, dijo hoy el ministro de Educaci\u00f3n, Ra\u00fal Figueroa.<\/p>\n<p class=\"v1MsoNormal\" style=\"text-align: justify;\">\u00abEs urgente enfrentar esta situaci\u00f3n para que la crisis educativa no se transforme en una crisis permanente que afecte el desarrollo, oportunidades futuras, y perjudique fuertemente los proyectos de vida de los estudiantes. Este proceso queremos hacerlo juntos, por eso convocamos a todos los chilenos y muy especialmente a los apoderados, profesores, directores, asistentes de la educaci\u00f3n y sostenedores para que juntos tracemos una hoja de ruta para los pr\u00f3ximos a\u00f1os\u00bb, agreg\u00f3 el ministro de la cartera.<\/p>\n<p class=\"v1MsoNormal\" style=\"text-align: justify;\">\u00abJuntos, Chile se recupera y aprende\u00bb consta de tres etapas:<\/p>\n<ol style=\"text-align: justify;\" type=\"1\">\n<li class=\"v1MsoNormalCxSpMiddle\"><b><span lang=\"ES-MX\">Consulta ciudadana<\/span><\/b><span lang=\"ES-MX\">\u00a0abierta a todos los chilenos o residentes en Chile mayores de 18 a\u00f1os en donde podr\u00e1n valorar las iniciativas que ya se encuentra realizando el Ministerio de Educaci\u00f3n, as\u00ed como realizar nuevas propuestas. Esta consulta se extender\u00e1 desde el 3 de agosto hasta el 3 de septiembre de manera digital\u00a0<\/span><span lang=\"ES\">en\u00a0<\/span><span lang=\"ES-MX\"><a href=\"http:\/\/www.juntos.mineduc.cl\/\" target=\"_blank\" rel=\"noopener noreferrer\"><span lang=\"ES\">www.juntos.mineduc.cl<\/span><\/a><\/span><span lang=\"ES-MX\">, y contar\u00e1 con el apoyo de Ayuda Mineduc y otros sistemas que permitir\u00e1n acercarse a los territorios y ayudar a participar a aquellas personas que requieran apoyo para responderla.<\/span><\/li>\n<li class=\"v1MsoNormalCxSpMiddle\"><b><span lang=\"ES-MX\">Cabildos<\/span><\/b>\u00a0a los que se convocar\u00e1 a representantes de todos los colegios y establecimientos de educaci\u00f3n parvularia existentes en el pa\u00eds, los que tendr\u00e1n expresiones digitales y presenciales en todas las regiones. Los directores de los colegios y jardines podr\u00e1n inscribir a representantes de su colegio; 2 directivos, 2 docentes, 1 estudiante y 1 apoderado, entre el 5 y 10 de agosto, a trav\u00e9s del sitio web del formulario enviado a todos los directores del pa\u00eds. Los cabildos se realizar\u00e1n entre el 23 de agosto y el 3 de septiembre.<\/li>\n<li class=\"v1MsoNormalCxSpMiddle\"><b><span lang=\"ES-MX\">Mesas de expertos<\/span><\/b><span lang=\"ES-MX\">\u00a0en donde se realizar\u00e1 un an\u00e1lisis y evaluaci\u00f3n de los resultados de la consulta ciudadana y cabildos.<\/span><\/li>\n<\/ol>\n<p class=\"v1MsoNormalCxSpMiddle\" style=\"text-align: justify;\">Despu\u00e9s del trabajo colaborativo entre la comunidad educativa, el Ministerio de educaci\u00f3n y otros actores relevantes del sistema educativo, se publicar\u00e1 una hoja de ruta para la recuperaci\u00f3n de los aprendizajes, desde hoy y para los pr\u00f3ximos 4 a\u00f1os. Los resultados de estos espacios de participaci\u00f3n se traducir\u00e1n en un documento que estar\u00e1 disponible en para toda la comunidad y cuyas propuestas comenzar\u00e1n a ser implementadas inmediatamente por parte del ministerio.<\/p>\n<\/div><\/section><\/div><div  style='height:50px' class='hr hr-invisible   avia-builder-el-6  el_after_av_one_full  el_before_av_social_share '><span class='hr-inner ' ><span class='hr-inner-style'><\/span><\/span><\/div><\/p>\n<div  class='av-social-sharing-box  avia-builder-el-7  el_after_av_hr  el_before_av_hr  '><div class='av-share-box'><h5 class='av-share-link-description av-no-toc '>Compartir esta noticia<\/h5><ul class='av-share-box-list noLightbox'><li class='av-share-link av-social-link-facebook' ><a target=\"_blank\" aria-label=\"Compartir en Facebook\" href='https:\/\/www.facebook.com\/sharer.php?u=https:\/\/radiorevelacionfm.cl\/?p=7021&#038;t=Mineduc%20inicia%20consulta%20nacional%20para%20elaborar%20hoja%20de%20ruta%20por%20los%20pr%C3%B3ximos%204%20a%C3%B1os' aria-hidden='false' data-av_icon='\ue8f3' data-av_iconfont='entypo-fontello' title='' data-avia-related-tooltip='Compartir en Facebook' rel=\"noopener\"><span class='avia_hidden_link_text'>Compartir en Facebook<\/span><\/a><\/li><li class='av-share-link av-social-link-twitter' ><a target=\"_blank\" aria-label=\"Compartir en Twitter\" href='https:\/\/twitter.com\/share?text=Mineduc%20inicia%20consulta%20nacional%20para%20elaborar%20hoja%20de%20ruta%20por%20los%20pr%C3%B3ximos%204%20a%C3%B1os&#038;url=https:\/\/radiorevelacionfm.cl\/?p=7021' aria-hidden='false' data-av_icon='\ue8f1' data-av_iconfont='entypo-fontello' title='' data-avia-related-tooltip='Compartir en Twitter' rel=\"noopener\"><span class='avia_hidden_link_text'>Compartir en Twitter<\/span><\/a><\/li><li class='av-share-link av-social-link-whatsapp' ><a target=\"_blank\" aria-label=\"Compartir en Whatsapp\" href='https:\/\/api.whatsapp.com\/send?text=https:\/\/radiorevelacionfm.cl\/?p=7021' aria-hidden='false' data-av_icon='\uf232' data-av_iconfont='entypo-fontello' title='' data-avia-related-tooltip='Compartir en Whatsapp' rel=\"noopener\"><span class='avia_hidden_link_text'>Compartir en Whatsapp<\/span><\/a><\/li><li class='av-share-link av-social-link-linkedin' ><a target=\"_blank\" aria-label=\"Compartir en LinkedIn\" href='https:\/\/linkedin.com\/shareArticle?mini=true&#038;title=Mineduc%20inicia%20consulta%20nacional%20para%20elaborar%20hoja%20de%20ruta%20por%20los%20pr%C3%B3ximos%204%20a%C3%B1os&#038;url=https:\/\/radiorevelacionfm.cl\/?p=7021' aria-hidden='false' data-av_icon='\ue8fc' data-av_iconfont='entypo-fontello' title='' data-avia-related-tooltip='Compartir en LinkedIn' rel=\"noopener\"><span class='avia_hidden_link_text'>Compartir en LinkedIn<\/span><\/a><\/li><li class='av-share-link av-social-link-mail' ><a  aria-label=\"Compartir por correo\" href='mailto:?subject=Mineduc%20inicia%20consulta%20nacional%20para%20elaborar%20hoja%20de%20ruta%20por%20los%20pr%C3%B3ximos%204%20a%C3%B1os&#038;body=https:\/\/radiorevelacionfm.cl\/?p=7021' aria-hidden='false' data-av_icon='\ue805' data-av_iconfont='entypo-fontello' title='' data-avia-related-tooltip='Compartir por correo'><span class='avia_hidden_link_text'>Compartir por correo<\/span><\/a><\/li><\/ul><\/div><\/div>\n<div  style='height:50px' class='hr hr-invisible   avia-builder-el-8  el_after_av_social_share  el_before_av_comments_list '><span class='hr-inner ' ><span class='hr-inner-style'><\/span><\/span><\/div>\n<div  class='av-buildercomment  av-blog-meta-html-info-disabled av-blog-meta-tag-disabled  '><\/div>\n","protected":false},"excerpt":{"rendered":"","protected":false},"author":1,"featured_media":7022,"comment_status":"open","ping_status":"open","sticky":false,"template":"","format":"standard","meta":{"footnotes":""},"categories":[49],"tags":[],"class_list":["post-7021","post","type-post","status-publish","format-standard","has-post-thumbnail","hentry","category-educacion"],"jetpack_featured_media_url":"https:\/\/radiorevelacionfm.cl\/wp-content\/uploads\/2021\/08\/mineduc-foto-1-1_optimized.jpg","_links":{"self":[{"href":"https:\/\/radiorevelacionfm.cl\/index.php?rest_route=\/wp\/v2\/posts\/7021","targetHints":{"allow":["GET"]}}],"collection":[{"href":"https:\/\/radiorevelacionfm.cl\/index.php?rest_route=\/wp\/v2\/posts"}],"about":[{"href":"https:\/\/radiorevelacionfm.cl\/index.php?rest_route=\/wp\/v2\/types\/post"}],"author":[{"embeddable":true,"href":"https:\/\/radiorevelacionfm.cl\/index.php?rest_route=\/wp\/v2\/users\/1"}],"replies":[{"embeddable":true,"href":"https:\/\/radiorevelacionfm.cl\/index.php?rest_route=%2Fwp%2Fv2%2Fcomments&post=7021"}],"version-history":[{"count":1,"href":"https:\/\/radiorevelacionfm.cl\/index.php?rest_route=\/wp\/v2\/posts\/7021\/revisions"}],"predecessor-version":[{"id":7023,"href":"https:\/\/radiorevelacionfm.cl\/index.php?rest_route=\/wp\/v2\/posts\/7021\/revisions\/7023"}],"wp:featuredmedia":[{"embeddable":true,"href":"https:\/\/radiorevelacionfm.cl\/index.php?rest_route=\/wp\/v2\/media\/7022"}],"wp:attachment":[{"href":"https:\/\/radiorevelacionfm.cl\/index.php?rest_route=%2Fwp%2Fv2%2Fmedia&parent=7021"}],"wp:term":[{"taxonomy":"category","embeddable":true,"href":"https:\/\/radiorevelacionfm.cl\/index.php?rest_route=%2Fwp%2Fv2%2Fcategories&post=7021"},{"taxonomy":"post_tag","embeddable":true,"href":"https:\/\/radiorevelacionfm.cl\/index.php?rest_route=%2Fwp%2Fv2%2Ftags&post=7021"}],"curies":[{"name":"wp","href":"https:\/\/api.w.org\/{rel}","templated":true}]}}