{"id":7018,"date":"2021-08-03T21:20:24","date_gmt":"2021-08-04T00:20:24","guid":{"rendered":"https:\/\/radiorevelacionfm.cl\/?p=7018"},"modified":"2021-08-03T21:20:24","modified_gmt":"2021-08-04T00:20:24","slug":"en-puerto-chacabuco-indagan-incendio-de-inmueble-y-detienen-a-sujeto-por-su-presunta-participacion-en-el-hecho","status":"publish","type":"post","link":"https:\/\/radiorevelacionfm.cl\/?p=7018","title":{"rendered":"En Puerto Chacabuco indagan incendio de inmueble y detienen a sujeto por su presunta participaci\u00f3n en el hecho"},"content":{"rendered":"<div class=\"flex_column av_one_full  flex_column_div av-zero-column-padding first  avia-builder-el-0  el_before_av_one_full  avia-builder-el-first  \" style='border-radius:0px; '><div  class='avia-image-container  av-styling-    avia-builder-el-1  avia-builder-el-no-sibling  avia-align-center '  itemprop=\"image\" itemscope=\"itemscope\" itemtype=\"https:\/\/schema.org\/ImageObject\"  ><div class='avia-image-container-inner'><div class='avia-image-overlay-wrap'><img decoding=\"async\" class='wp-image-7019 avia-img-lazy-loading-not-7019 avia_image' src=\"https:\/\/radiorevelacionfm.cl\/wp-content\/uploads\/2021\/08\/cff3904b-1-1.jpg\" alt='' title='cff3904b-(1) (1)' height=\"600\" width=\"800\"  itemprop=\"thumbnailUrl\" srcset=\"https:\/\/radiorevelacionfm.cl\/wp-content\/uploads\/2021\/08\/cff3904b-1-1.jpg 800w, https:\/\/radiorevelacionfm.cl\/wp-content\/uploads\/2021\/08\/cff3904b-1-1-300x225.jpg 300w, https:\/\/radiorevelacionfm.cl\/wp-content\/uploads\/2021\/08\/cff3904b-1-1-768x576.jpg 768w, https:\/\/radiorevelacionfm.cl\/wp-content\/uploads\/2021\/08\/cff3904b-1-1-705x529.jpg 705w, https:\/\/radiorevelacionfm.cl\/wp-content\/uploads\/2021\/08\/cff3904b-1-1-600x450.jpg 600w\" sizes=\"(max-width: 800px) 100vw, 800px\" \/><\/div><\/div><\/div><\/div><div class=\"flex_column av_one_full  flex_column_div av-zero-column-padding first  avia-builder-el-2  el_after_av_one_full  el_before_av_one_full  column-top-margin\" style='border-radius:0px; '><section class=\"av_textblock_section \"  itemscope=\"itemscope\" itemtype=\"https:\/\/schema.org\/BlogPosting\" itemprop=\"blogPost\" ><div class='avia_textblock  '   itemprop=\"text\" ><p style=\"text-align: center;\"><strong><span style=\"font-size: 18pt;\">En Puerto Chacabuco indagan incendio de inmueble y detienen a sujeto por su presunta participaci\u00f3n en el hecho<\/span><\/strong><\/p>\n<div id=\"gtx-trans\" style=\"position: absolute; left: -50px; top: 4.31534px;\">\n<div class=\"gtx-trans-icon\"><\/div>\n<\/div>\n<\/div><\/section><\/div><div class=\"flex_column av_one_full  flex_column_div av-zero-column-padding first  avia-builder-el-4  el_after_av_one_full  el_before_av_hr  column-top-margin\" style='border-radius:0px; '><section class=\"av_textblock_section \"  itemscope=\"itemscope\" itemtype=\"https:\/\/schema.org\/BlogPosting\" itemprop=\"blogPost\" ><div class='avia_textblock  '   itemprop=\"text\" ><p class=\"v1MsoNormal\" style=\"text-align: justify;\">Destruida en su totalidad result\u00f3 una vivienda producto de un incendio registrado esta madrugada en el sector El Salto en Puerto Chacabuco, situaci\u00f3n tras la cual Carabineros del Ret\u00e9n de la localidad detuvo a un sujeto imputado por su presunta participaci\u00f3n en este hecho, cuyas diligencias y peritajes \u2013en un trabajo coordinados con la Fiscal\u00eda- est\u00e1n siendo desarrolladas por el Laboratorio de Criminal\u00edstica Institucional (Labocar).<\/p>\n<p class=\"v1MsoNormal\" style=\"text-align: justify;\">El Teniente Jaime Esparza, Subcomisario de los Servicios de la Segunda Comisar\u00eda de Puerto Ays\u00e9n, indic\u00f3 que siendo aproximadamente las 03:20 horas, Carabineros se traslad\u00f3 hasta el Pasaje Eduardo Miranda, alertados por incendio en casa habitaci\u00f3n.<\/p>\n<p class=\"v1MsoNormal\" style=\"text-align: justify;\">\u00abPersonal policial se constituy\u00f3 en el lugar, verifica la situaci\u00f3n y efectividad de los hechos. Luego de indagaciones se pudo tener antecedentes de que este incendio habr\u00eda sido provocado por terceras personas. Dentro de las actuaciones aut\u00f3nomas que realiza personal policial en el lugar, se logra la detenci\u00f3n de una persona adulta, quien \u2013con todos estos antecedentes- fue puesto a disposici\u00f3n del Ministerio P\u00fablico\u00bb, expres\u00f3.<\/p>\n<p class=\"v1MsoNormal\" style=\"text-align: justify;\">Antecedentes recopilados por Carabineros en el lugar dan cuenta que momentos antes un grupo de personas se habr\u00edan encontrado compartiendo en el lugar, instante en que, por causas que est\u00e1n siendo investigadas, se desat\u00f3 una reyerta en la cual uno de ellos \u2013seg\u00fan informaciones preliminares- habr\u00eda rociado alg\u00fan tipo de acelerante, tras lo cual se habr\u00eda desatado el incendio, situaci\u00f3n que est\u00e1 siendo investigada.<\/p>\n<p class=\"v1MsoNormal\" style=\"text-align: justify;\">Los antecedentes del procedimiento fueron remitidos a la Fiscal\u00eda, siendo dispuesta la concurrencia del Labocar, con la finalidad de efectuar la fijaci\u00f3n del sitio del suceso, sumado al levantamiento de muestras de material carbonizado con la finalidad de ser sometidas a pruebas de an\u00e1lisis qu\u00edmico y establecer de manera cient\u00edfica las circunstancias as\u00ed como la causa y origen de la emergencia.<\/p>\n<\/div><\/section><\/div><div  style='height:50px' class='hr hr-invisible   avia-builder-el-6  el_after_av_one_full  el_before_av_social_share '><span class='hr-inner ' ><span class='hr-inner-style'><\/span><\/span><\/div><\/p>\n<div  class='av-social-sharing-box  avia-builder-el-7  el_after_av_hr  el_before_av_hr  '><div class='av-share-box'><h5 class='av-share-link-description av-no-toc '>Compartir esta noticia<\/h5><ul class='av-share-box-list noLightbox'><li class='av-share-link av-social-link-facebook' ><a target=\"_blank\" aria-label=\"Compartir en Facebook\" href='https:\/\/www.facebook.com\/sharer.php?u=https:\/\/radiorevelacionfm.cl\/?p=7018&#038;t=En%20Puerto%20Chacabuco%20indagan%20incendio%20de%20inmueble%20y%20detienen%20a%20sujeto%20por%20su%20presunta%20participaci%C3%B3n%20en%20el%20hecho' aria-hidden='false' data-av_icon='\ue8f3' data-av_iconfont='entypo-fontello' title='' data-avia-related-tooltip='Compartir en Facebook' rel=\"noopener\"><span class='avia_hidden_link_text'>Compartir en Facebook<\/span><\/a><\/li><li class='av-share-link av-social-link-twitter' ><a target=\"_blank\" aria-label=\"Compartir en Twitter\" href='https:\/\/twitter.com\/share?text=En%20Puerto%20Chacabuco%20indagan%20incendio%20de%20inmueble%20y%20detienen%20a%20sujeto%20por%20su%20presunta%20participaci%C3%B3n%20en%20el%20hecho&#038;url=https:\/\/radiorevelacionfm.cl\/?p=7018' aria-hidden='false' data-av_icon='\ue8f1' data-av_iconfont='entypo-fontello' title='' data-avia-related-tooltip='Compartir en Twitter' rel=\"noopener\"><span class='avia_hidden_link_text'>Compartir en Twitter<\/span><\/a><\/li><li class='av-share-link av-social-link-whatsapp' ><a target=\"_blank\" aria-label=\"Compartir en Whatsapp\" href='https:\/\/api.whatsapp.com\/send?text=https:\/\/radiorevelacionfm.cl\/?p=7018' aria-hidden='false' data-av_icon='\uf232' data-av_iconfont='entypo-fontello' title='' data-avia-related-tooltip='Compartir en Whatsapp' rel=\"noopener\"><span class='avia_hidden_link_text'>Compartir en Whatsapp<\/span><\/a><\/li><li class='av-share-link av-social-link-linkedin' ><a target=\"_blank\" aria-label=\"Compartir en LinkedIn\" href='https:\/\/linkedin.com\/shareArticle?mini=true&#038;title=En%20Puerto%20Chacabuco%20indagan%20incendio%20de%20inmueble%20y%20detienen%20a%20sujeto%20por%20su%20presunta%20participaci%C3%B3n%20en%20el%20hecho&#038;url=https:\/\/radiorevelacionfm.cl\/?p=7018' aria-hidden='false' data-av_icon='\ue8fc' data-av_iconfont='entypo-fontello' title='' data-avia-related-tooltip='Compartir en LinkedIn' rel=\"noopener\"><span class='avia_hidden_link_text'>Compartir en LinkedIn<\/span><\/a><\/li><li class='av-share-link av-social-link-mail' ><a  aria-label=\"Compartir por correo\" href='mailto:?subject=En%20Puerto%20Chacabuco%20indagan%20incendio%20de%20inmueble%20y%20detienen%20a%20sujeto%20por%20su%20presunta%20participaci%C3%B3n%20en%20el%20hecho&#038;body=https:\/\/radiorevelacionfm.cl\/?p=7018' aria-hidden='false' data-av_icon='\ue805' data-av_iconfont='entypo-fontello' title='' data-avia-related-tooltip='Compartir por correo'><span class='avia_hidden_link_text'>Compartir por correo<\/span><\/a><\/li><\/ul><\/div><\/div>\n<div  style='height:50px' class='hr hr-invisible   avia-builder-el-8  el_after_av_social_share  el_before_av_comments_list '><span class='hr-inner ' ><span class='hr-inner-style'><\/span><\/span><\/div>\n<div  class='av-buildercomment  av-blog-meta-html-info-disabled av-blog-meta-tag-disabled  '><\/div>\n","protected":false},"excerpt":{"rendered":"","protected":false},"author":1,"featured_media":7019,"comment_status":"open","ping_status":"open","sticky":false,"template":"","format":"standard","meta":{"footnotes":""},"categories":[36],"tags":[],"class_list":["post-7018","post","type-post","status-publish","format-standard","has-post-thumbnail","hentry","category-policial"],"jetpack_featured_media_url":"https:\/\/radiorevelacionfm.cl\/wp-content\/uploads\/2021\/08\/cff3904b-1-1.jpg","_links":{"self":[{"href":"https:\/\/radiorevelacionfm.cl\/index.php?rest_route=\/wp\/v2\/posts\/7018","targetHints":{"allow":["GET"]}}],"collection":[{"href":"https:\/\/radiorevelacionfm.cl\/index.php?rest_route=\/wp\/v2\/posts"}],"about":[{"href":"https:\/\/radiorevelacionfm.cl\/index.php?rest_route=\/wp\/v2\/types\/post"}],"author":[{"embeddable":true,"href":"https:\/\/radiorevelacionfm.cl\/index.php?rest_route=\/wp\/v2\/users\/1"}],"replies":[{"embeddable":true,"href":"https:\/\/radiorevelacionfm.cl\/index.php?rest_route=%2Fwp%2Fv2%2Fcomments&post=7018"}],"version-history":[{"count":1,"href":"https:\/\/radiorevelacionfm.cl\/index.php?rest_route=\/wp\/v2\/posts\/7018\/revisions"}],"predecessor-version":[{"id":7020,"href":"https:\/\/radiorevelacionfm.cl\/index.php?rest_route=\/wp\/v2\/posts\/7018\/revisions\/7020"}],"wp:featuredmedia":[{"embeddable":true,"href":"https:\/\/radiorevelacionfm.cl\/index.php?rest_route=\/wp\/v2\/media\/7019"}],"wp:attachment":[{"href":"https:\/\/radiorevelacionfm.cl\/index.php?rest_route=%2Fwp%2Fv2%2Fmedia&parent=7018"}],"wp:term":[{"taxonomy":"category","embeddable":true,"href":"https:\/\/radiorevelacionfm.cl\/index.php?rest_route=%2Fwp%2Fv2%2Fcategories&post=7018"},{"taxonomy":"post_tag","embeddable":true,"href":"https:\/\/radiorevelacionfm.cl\/index.php?rest_route=%2Fwp%2Fv2%2Ftags&post=7018"}],"curies":[{"name":"wp","href":"https:\/\/api.w.org\/{rel}","templated":true}]}}