{"id":7011,"date":"2021-08-04T10:31:33","date_gmt":"2021-08-04T13:31:33","guid":{"rendered":"https:\/\/radiorevelacionfm.cl\/?p=7011"},"modified":"2021-08-04T10:31:33","modified_gmt":"2021-08-04T13:31:33","slug":"aquachile-y-liceo-politecnico-en-aysen-firman-importante-convenio-en-pos-de-la-educacion-tecnico-profesional","status":"publish","type":"post","link":"https:\/\/radiorevelacionfm.cl\/?p=7011","title":{"rendered":"AquaChile y Liceo Polit\u00e9cnico en Ays\u00e9n firman importante convenio en pos de la educaci\u00f3n t\u00e9cnico profesional"},"content":{"rendered":"<div class=\"flex_column av_one_full  flex_column_div av-zero-column-padding first  avia-builder-el-0  el_before_av_one_full  avia-builder-el-first  \" style='border-radius:0px; '><div  class='avia-image-container  av-styling-    avia-builder-el-1  avia-builder-el-no-sibling  avia-align-center '  itemprop=\"image\" itemscope=\"itemscope\" itemtype=\"https:\/\/schema.org\/ImageObject\"  ><div class='avia-image-container-inner'><div class='avia-image-overlay-wrap'><img decoding=\"async\" class='wp-image-7013 avia-img-lazy-loading-not-7013 avia_image' src=\"https:\/\/radiorevelacionfm.cl\/wp-content\/uploads\/2021\/08\/Convenio-Liceo-1-1.jpg\" alt='' title='Convenio Liceo (1) (1)' height=\"600\" width=\"1079\"  itemprop=\"thumbnailUrl\" srcset=\"https:\/\/radiorevelacionfm.cl\/wp-content\/uploads\/2021\/08\/Convenio-Liceo-1-1.jpg 1079w, https:\/\/radiorevelacionfm.cl\/wp-content\/uploads\/2021\/08\/Convenio-Liceo-1-1-300x167.jpg 300w, https:\/\/radiorevelacionfm.cl\/wp-content\/uploads\/2021\/08\/Convenio-Liceo-1-1-1030x573.jpg 1030w, https:\/\/radiorevelacionfm.cl\/wp-content\/uploads\/2021\/08\/Convenio-Liceo-1-1-768x427.jpg 768w, https:\/\/radiorevelacionfm.cl\/wp-content\/uploads\/2021\/08\/Convenio-Liceo-1-1-705x392.jpg 705w, https:\/\/radiorevelacionfm.cl\/wp-content\/uploads\/2021\/08\/Convenio-Liceo-1-1-600x334.jpg 600w\" sizes=\"(max-width: 1079px) 100vw, 1079px\" \/><\/div><\/div><\/div><\/div><div class=\"flex_column av_one_full  flex_column_div av-zero-column-padding first  avia-builder-el-2  el_after_av_one_full  el_before_av_one_full  column-top-margin\" style='border-radius:0px; '><section class=\"av_textblock_section \"  itemscope=\"itemscope\" itemtype=\"https:\/\/schema.org\/BlogPosting\" itemprop=\"blogPost\" ><div class='avia_textblock  '   itemprop=\"text\" ><p style=\"text-align: center;\"><strong><span style=\"font-size: 18pt;\">AquaChile y Liceo Polit\u00e9cnico en Ays\u00e9n firman importante convenio en pos de la educaci\u00f3n t\u00e9cnico profesional<\/span><\/strong><\/p>\n<div id=\"gtx-trans\" style=\"position: absolute; left: -50px; top: 4.31534px;\">\n<div class=\"gtx-trans-icon\"><\/div>\n<\/div>\n<\/div><\/section><\/div><div class=\"flex_column av_one_full  flex_column_div av-zero-column-padding first  avia-builder-el-4  el_after_av_one_full  el_before_av_hr  column-top-margin\" style='border-radius:0px; '><section class=\"av_textblock_section \"  itemscope=\"itemscope\" itemtype=\"https:\/\/schema.org\/BlogPosting\" itemprop=\"blogPost\" ><div class='avia_textblock  '   itemprop=\"text\" ><p style=\"text-align: justify;\">Con la finalidad de contribuir al desarrollo formativo de la educaci\u00f3n t\u00e9cnico profesional, vinculando a los estudiantes con los procesos productivos de la comuna de Ays\u00e9n, es que la empresa AquaChile y el Liceo Polit\u00e9cnico de Puerto Ays\u00e9n firmaron un convenio de colaboraci\u00f3n, buscando avanzar en el crecimiento sostenible en pos de la comunidad educativa que forma parte de este establecimiento educacional municipalizado.<\/p>\n<p style=\"text-align: justify;\">Es as\u00ed que a trav\u00e9s del trabajo coordinado entre ambas instituciones se propiciar\u00e1n acciones para la profesionalizaci\u00f3n de los estudiantes y egresados de este recinto estudiantil, generando un contacto temprano con el sector productivo y con ello, situar en contextos cotidianos las actividades de aprendizajes comprendidas en los planes de estudios. Lo anterior, se realizar\u00e1 mediante diversas estrategias como son visitas a terreno, relator\u00edas de expertos, pr\u00e1cticas y charlas t\u00e9cnicas, entre otras.<\/p>\n<p style=\"text-align: justify;\">A respecto, \u201cel compromiso de AquaChile es con la comunidad en la que estamos insertos, somos parte de ella y es por ello que, buscamos fortalecer y mejorar las competencias de la gente de Ays\u00e9n porque entendemos que el crecimiento productivo, va de la mano del crecimiento del capital humano y en ese sentido, nuestros esfuerzos ir\u00e1n siempre por contribuir a entregar las herramientas que permitan este desarrollo\u201d, se\u00f1al\u00f3 Ximena Sol\u00eds, Encargada de Comunidades Ays\u00e9n.<\/p>\n<p style=\"text-align: justify;\">Por su parte, la Directora del Liceo Polit\u00e9cnico de Puerto Ays\u00e9n, Mar\u00eda Celeste Rojas, valor\u00f3 los objetivos que permite esta alianza, indicando que \u201cestamos muy contentos y como liceo es bastante relevante porque nos va a permitir generar acercamientos con una empresa importante como es \u00e9sta dentro de la regi\u00f3n, generar mejores pr\u00e1cticas profesionales durante el segundo semestre e instancias concretas como es esta capacitaci\u00f3n en mantenimiento electromec\u00e1nico donde los egresados de la especialidad de mec\u00e1nica de nuestro liceo podr\u00e1n acceder, impactando ello en mejores condiciones salariales, por supuesto, al momento de incorporarse al mundo laboral. Realmente la vinculaci\u00f3n entre establecimientos educacionales y empresa es significativa, as\u00ed que esperamos continuar avanzando en esta l\u00ednea\u201d, culmin\u00f3 la directora.<\/p>\n<\/div><\/section><\/div><div  style='height:50px' class='hr hr-invisible   avia-builder-el-6  el_after_av_one_full  el_before_av_social_share '><span class='hr-inner ' ><span class='hr-inner-style'><\/span><\/span><\/div><\/p>\n<div  class='av-social-sharing-box  avia-builder-el-7  el_after_av_hr  el_before_av_hr  '><div class='av-share-box'><h5 class='av-share-link-description av-no-toc '>Compartir esta noticia<\/h5><ul class='av-share-box-list noLightbox'><li class='av-share-link av-social-link-facebook' ><a target=\"_blank\" aria-label=\"Compartir en Facebook\" href='https:\/\/www.facebook.com\/sharer.php?u=https:\/\/radiorevelacionfm.cl\/?p=7011&#038;t=AquaChile%20y%20Liceo%20Polit%C3%A9cnico%20en%20Ays%C3%A9n%20firman%20importante%20convenio%20en%20pos%20de%20la%20educaci%C3%B3n%20t%C3%A9cnico%20profesional' aria-hidden='false' data-av_icon='\ue8f3' data-av_iconfont='entypo-fontello' title='' data-avia-related-tooltip='Compartir en Facebook' rel=\"noopener\"><span class='avia_hidden_link_text'>Compartir en Facebook<\/span><\/a><\/li><li class='av-share-link av-social-link-twitter' ><a target=\"_blank\" aria-label=\"Compartir en Twitter\" href='https:\/\/twitter.com\/share?text=AquaChile%20y%20Liceo%20Polit%C3%A9cnico%20en%20Ays%C3%A9n%20firman%20importante%20convenio%20en%20pos%20de%20la%20educaci%C3%B3n%20t%C3%A9cnico%20profesional&#038;url=https:\/\/radiorevelacionfm.cl\/?p=7011' aria-hidden='false' data-av_icon='\ue8f1' data-av_iconfont='entypo-fontello' title='' data-avia-related-tooltip='Compartir en Twitter' rel=\"noopener\"><span class='avia_hidden_link_text'>Compartir en Twitter<\/span><\/a><\/li><li class='av-share-link av-social-link-whatsapp' ><a target=\"_blank\" aria-label=\"Compartir en Whatsapp\" href='https:\/\/api.whatsapp.com\/send?text=https:\/\/radiorevelacionfm.cl\/?p=7011' aria-hidden='false' data-av_icon='\uf232' data-av_iconfont='entypo-fontello' title='' data-avia-related-tooltip='Compartir en Whatsapp' rel=\"noopener\"><span class='avia_hidden_link_text'>Compartir en Whatsapp<\/span><\/a><\/li><li class='av-share-link av-social-link-linkedin' ><a target=\"_blank\" aria-label=\"Compartir en LinkedIn\" href='https:\/\/linkedin.com\/shareArticle?mini=true&#038;title=AquaChile%20y%20Liceo%20Polit%C3%A9cnico%20en%20Ays%C3%A9n%20firman%20importante%20convenio%20en%20pos%20de%20la%20educaci%C3%B3n%20t%C3%A9cnico%20profesional&#038;url=https:\/\/radiorevelacionfm.cl\/?p=7011' aria-hidden='false' data-av_icon='\ue8fc' data-av_iconfont='entypo-fontello' title='' data-avia-related-tooltip='Compartir en LinkedIn' rel=\"noopener\"><span class='avia_hidden_link_text'>Compartir en LinkedIn<\/span><\/a><\/li><li class='av-share-link av-social-link-mail' ><a  aria-label=\"Compartir por correo\" href='mailto:?subject=AquaChile%20y%20Liceo%20Polit%C3%A9cnico%20en%20Ays%C3%A9n%20firman%20importante%20convenio%20en%20pos%20de%20la%20educaci%C3%B3n%20t%C3%A9cnico%20profesional&#038;body=https:\/\/radiorevelacionfm.cl\/?p=7011' aria-hidden='false' data-av_icon='\ue805' data-av_iconfont='entypo-fontello' title='' data-avia-related-tooltip='Compartir por correo'><span class='avia_hidden_link_text'>Compartir por correo<\/span><\/a><\/li><\/ul><\/div><\/div>\n<div  style='height:50px' class='hr hr-invisible   avia-builder-el-8  el_after_av_social_share  el_before_av_comments_list '><span class='hr-inner ' ><span class='hr-inner-style'><\/span><\/span><\/div>\n<div  class='av-buildercomment  av-blog-meta-html-info-disabled av-blog-meta-tag-disabled  '><\/div>\n","protected":false},"excerpt":{"rendered":"","protected":false},"author":1,"featured_media":7013,"comment_status":"open","ping_status":"open","sticky":false,"template":"","format":"standard","meta":{"footnotes":""},"categories":[49],"tags":[],"class_list":["post-7011","post","type-post","status-publish","format-standard","has-post-thumbnail","hentry","category-educacion"],"jetpack_featured_media_url":"https:\/\/radiorevelacionfm.cl\/wp-content\/uploads\/2021\/08\/Convenio-Liceo-1-1.jpg","_links":{"self":[{"href":"https:\/\/radiorevelacionfm.cl\/index.php?rest_route=\/wp\/v2\/posts\/7011","targetHints":{"allow":["GET"]}}],"collection":[{"href":"https:\/\/radiorevelacionfm.cl\/index.php?rest_route=\/wp\/v2\/posts"}],"about":[{"href":"https:\/\/radiorevelacionfm.cl\/index.php?rest_route=\/wp\/v2\/types\/post"}],"author":[{"embeddable":true,"href":"https:\/\/radiorevelacionfm.cl\/index.php?rest_route=\/wp\/v2\/users\/1"}],"replies":[{"embeddable":true,"href":"https:\/\/radiorevelacionfm.cl\/index.php?rest_route=%2Fwp%2Fv2%2Fcomments&post=7011"}],"version-history":[{"count":1,"href":"https:\/\/radiorevelacionfm.cl\/index.php?rest_route=\/wp\/v2\/posts\/7011\/revisions"}],"predecessor-version":[{"id":7014,"href":"https:\/\/radiorevelacionfm.cl\/index.php?rest_route=\/wp\/v2\/posts\/7011\/revisions\/7014"}],"wp:featuredmedia":[{"embeddable":true,"href":"https:\/\/radiorevelacionfm.cl\/index.php?rest_route=\/wp\/v2\/media\/7013"}],"wp:attachment":[{"href":"https:\/\/radiorevelacionfm.cl\/index.php?rest_route=%2Fwp%2Fv2%2Fmedia&parent=7011"}],"wp:term":[{"taxonomy":"category","embeddable":true,"href":"https:\/\/radiorevelacionfm.cl\/index.php?rest_route=%2Fwp%2Fv2%2Fcategories&post=7011"},{"taxonomy":"post_tag","embeddable":true,"href":"https:\/\/radiorevelacionfm.cl\/index.php?rest_route=%2Fwp%2Fv2%2Ftags&post=7011"}],"curies":[{"name":"wp","href":"https:\/\/api.w.org\/{rel}","templated":true}]}}