{"id":7005,"date":"2021-08-04T11:16:58","date_gmt":"2021-08-04T14:16:58","guid":{"rendered":"https:\/\/radiorevelacionfm.cl\/?p=7005"},"modified":"2021-08-04T11:16:58","modified_gmt":"2021-08-04T14:16:58","slug":"abren-convocatoria-para-la-produccion-local-y-sostenible-de-insumos-nutricionales-en-el-sector-acuicola","status":"publish","type":"post","link":"https:\/\/radiorevelacionfm.cl\/?p=7005","title":{"rendered":"Abren convocatoria para la producci\u00f3n local y sostenible de insumos nutricionales en el sector Acu\u00edcola"},"content":{"rendered":"<div class=\"flex_column av_one_full  flex_column_div av-zero-column-padding first  avia-builder-el-0  el_before_av_one_full  avia-builder-el-first  \" style='border-radius:0px; '><div  class='avia-image-container  av-styling-    avia-builder-el-1  avia-builder-el-no-sibling  avia-align-center '  itemprop=\"image\" itemscope=\"itemscope\" itemtype=\"https:\/\/schema.org\/ImageObject\"  ><div class='avia-image-container-inner'><div class='avia-image-overlay-wrap'><img decoding=\"async\" class='wp-image-7006 avia-img-lazy-loading-not-7006 avia_image' src=\"https:\/\/radiorevelacionfm.cl\/wp-content\/uploads\/2021\/08\/Acuicultura-02-1-1.jpg\" alt='' title='Acuicultura - 02 (1) (1)' height=\"600\" width=\"900\"  itemprop=\"thumbnailUrl\" srcset=\"https:\/\/radiorevelacionfm.cl\/wp-content\/uploads\/2021\/08\/Acuicultura-02-1-1.jpg 900w, https:\/\/radiorevelacionfm.cl\/wp-content\/uploads\/2021\/08\/Acuicultura-02-1-1-300x200.jpg 300w, https:\/\/radiorevelacionfm.cl\/wp-content\/uploads\/2021\/08\/Acuicultura-02-1-1-768x512.jpg 768w, https:\/\/radiorevelacionfm.cl\/wp-content\/uploads\/2021\/08\/Acuicultura-02-1-1-705x470.jpg 705w, https:\/\/radiorevelacionfm.cl\/wp-content\/uploads\/2021\/08\/Acuicultura-02-1-1-600x400.jpg 600w\" sizes=\"(max-width: 900px) 100vw, 900px\" \/><\/div><\/div><\/div><\/div><div class=\"flex_column av_one_full  flex_column_div av-zero-column-padding first  avia-builder-el-2  el_after_av_one_full  el_before_av_one_full  column-top-margin\" style='border-radius:0px; '><section class=\"av_textblock_section \"  itemscope=\"itemscope\" itemtype=\"https:\/\/schema.org\/BlogPosting\" itemprop=\"blogPost\" ><div class='avia_textblock  '   itemprop=\"text\" ><p style=\"text-align: center;\"><strong><span style=\"font-size: 18pt;\">Abren convocatoria para la producci\u00f3n local y sostenible de insumos nutricionales en el sector Acu\u00edcola <\/span><\/strong><\/p>\n<div id=\"gtx-trans\" style=\"position: absolute; left: -50px; top: 4.31534px;\">\n<div class=\"gtx-trans-icon\"><\/div>\n<\/div>\n<\/div><\/section><\/div><div class=\"flex_column av_one_full  flex_column_div av-zero-column-padding first  avia-builder-el-4  el_after_av_one_full  el_before_av_hr  column-top-margin\" style='border-radius:0px; '><section class=\"av_textblock_section \"  itemscope=\"itemscope\" itemtype=\"https:\/\/schema.org\/BlogPosting\" itemprop=\"blogPost\" ><div class='avia_textblock  '   itemprop=\"text\" ><p style=\"text-align: justify;\"><strong><a href=\"https:\/\/www.corfo.cl\/sites\/cpp\/convocatorias\/pt_insumos_nutricionales_acuicultura\" data-saferedirecturl=\"https:\/\/www.google.com\/url?q=https:\/\/www.corfo.cl\/sites\/cpp\/convocatorias\/pt_insumos_nutricionales_acuicultura&amp;source=gmail&amp;ust=1628109940903000&amp;usg=AFQjCNFTHj65e9L7MQon8daNrpQRa2MdPA\">Programa Tecnol\u00f3gico para la Producci\u00f3n Local de Insumos Nutricionales Para la Acuicultura<\/a><\/strong>\u00a0es el nombre del programa lanzado por Corfo que busca\u00a0apoyar proyectos que permitan la producci\u00f3n en forma sustentable de especies de origen vegetal para abastecer al sector acu\u00edcola, en la Macrozona Sur Austral del pa\u00eds: La Araucan\u00eda, Los R\u00edos, Los Lagos, Ays\u00e9n y Magallanes.<\/p>\n<p style=\"text-align: justify;\">Omar Mu\u00f1oz Sierra, director de Corfo Ays\u00e9n, destac\u00f3 esta iniciativa porque \u201ces una oportunidad tremenda de alianza de trabajo colaborativo entre dos sectores productivos como es el agr\u00edcola y la acuicultura. En la Regi\u00f3n de Ays\u00e9n tenemos grandes valles productivos, pero a la vez tenemos canales que generan una gran cantidad de producci\u00f3n acu\u00edcola. Lo que queremos es estimular la producci\u00f3n de vegetales que sirvan como insumos nutricionales para la acuicultura y apuntar a mejorar la competitividad y la productividad de ambos sectores, con\u00a0resguardo del\u00a0medio ambiente y el buen uso de los recursos naturales, buscando una mayor sustentabilidad de ambas industrias y permitir un crecimiento m\u00e1s sostenible y sustentable en el tiempo\u201d.<\/p>\n<p style=\"text-align: justify;\">Por su parte, Hern\u00e1n Rebolledo Fern\u00e1ndez, representante de SalmonChile en Ays\u00e9n explic\u00f3 que el programa \u201cpermitir\u00e1\u00a0generar\u00a0todos los an\u00e1lisis y estudios vinculados a la innovaci\u00f3n,\u00a0validaci\u00f3n de dietas,\u00a0desarrollo de tecnolog\u00eda para hacer mucho m\u00e1s competitiva a la acuicultura a trav\u00e9s de la generaci\u00f3n de alimento de manera sustentable, reemplazando la especie animal, dentro de la dieta, a una especie vegetal. Esto har\u00e1 mucho m\u00e1s competitivo el desarrollo de la acuicultura, pero tambi\u00e9n podr\u00e1 generar escalamiento productivo entre dos\u00a0sectores particulares\u00a0como la agricultura y acuicultura en Ays\u00e9n, lo que puede ser una tremenda oportunidad en un futuro cercano, permitiendo compatibilizar sectores o\u00a0valles\u00a0que est\u00e1n dedicados a la ganader\u00eda con la acuicultura y generando nuevos emprendimientos y nuevas pymes para el desarrollo\u00a0regional\u201d.<\/p>\n<p style=\"text-align: justify;\">Joaqu\u00edn Martinez, empresario de Ays\u00e9n, relev\u00f3 la iniciativa como una nueva herramienta de desarrollo para el sector agr\u00edcola. \u201cEste programa abre una ventana para desarrollar la agricultura en Ays\u00e9n, que no es una actividad preponderante, sino que es la ganader\u00eda. Pero hoy, producto del cambio clim\u00e1tico y a trav\u00e9s de las nuevas tecnolog\u00edas, nuevas variedades y el conocimiento y tecnolog\u00eda que hemos ido adquiriendo los empresarios agr\u00edcolas, es factible producir en forma agr\u00edcola en los terrenos de Ays\u00e9n. Creo que es una tremenda herramienta para que le demos un despegue a la agricultura en la regi\u00f3n. Tanto empresas privadas como el sector p\u00fablico, a trav\u00e9s del INIA o diferentes institutos de investigaci\u00f3n, han demostrado que existe la posibilidad de desarrollar la agricultura, pero no existe mercado dentro de la regi\u00f3n o vol\u00famenes de consumo que la justifiquen en el tiempo. Por lo tanto, si podemos tener una planta elaboradora de alimentos de salmones ser\u00eda una excelente herramienta para que podamos desarrollar la agricultura en los campos de Ays\u00e9n\u201d.<\/p>\n<p style=\"text-align: justify;\"><strong>PROGRAMA TECNOL\u00d3GICO<\/strong><\/p>\n<p style=\"text-align: justify;\">En una primera etapa, este programa busca avanzar en l\u00edneas de innovaci\u00f3n para la industria acu\u00edcola, tales como: validaci\u00f3n de dietas en base a nuevos cultivos y variedades; reducci\u00f3n de costos en la producci\u00f3n de alimentos; mejoramiento e innovaci\u00f3n en la calidad nutricional de los insumos, reemplazando la base animal por vegetal; desarrollo de proveedores locales para el despliegue de una cadena de valor; entre otros.<\/p>\n<p style=\"text-align: justify;\">Corfo cofinanciar\u00e1 hasta el 60% del costo total del programa, con un tope de hasta 2 mil millones de pesos, para el fomento e innovaci\u00f3n del sector acu\u00edcola.<\/p>\n<p style=\"text-align: justify;\">A este llamado pueden postular personas jur\u00eddicas p\u00fablicas o privadas, con o sin fines de lucro.\u00a0<strong>La convocatoria estar\u00e1 abierta hasta el 23 de septiembre de 2021<\/strong>, a las 15:00 horas.<\/p>\n<p style=\"text-align: justify;\">Los interesados podr\u00e1n encontrar la informaci\u00f3n sobre requisitos y condiciones en el sitio web de la Corporaci\u00f3n\u00a0<a href=\"https:\/\/bit.ly\/3xjiak1\" data-saferedirecturl=\"https:\/\/www.google.com\/url?q=https:\/\/bit.ly\/3xjiak1&amp;source=gmail&amp;ust=1628109940903000&amp;usg=AFQjCNE3Vub4_It63-03CKAm7j2QGVozuA\">https:\/\/bit.ly\/3xjiak1<\/a><\/p>\n<\/div><\/section><\/div><div  style='height:50px' class='hr hr-invisible   avia-builder-el-6  el_after_av_one_full  el_before_av_social_share '><span class='hr-inner ' ><span class='hr-inner-style'><\/span><\/span><\/div><\/p>\n<div  class='av-social-sharing-box  avia-builder-el-7  el_after_av_hr  el_before_av_hr  '><div class='av-share-box'><h5 class='av-share-link-description av-no-toc '>Compartir esta noticia<\/h5><ul class='av-share-box-list noLightbox'><li class='av-share-link av-social-link-facebook' ><a target=\"_blank\" aria-label=\"Compartir en Facebook\" href='https:\/\/www.facebook.com\/sharer.php?u=https:\/\/radiorevelacionfm.cl\/?p=7005&#038;t=Abren%20convocatoria%20para%20la%20producci%C3%B3n%20local%20y%20sostenible%20de%20insumos%20nutricionales%20en%20el%20sector%20Acu%C3%ADcola' aria-hidden='false' data-av_icon='\ue8f3' data-av_iconfont='entypo-fontello' title='' data-avia-related-tooltip='Compartir en Facebook' rel=\"noopener\"><span class='avia_hidden_link_text'>Compartir en Facebook<\/span><\/a><\/li><li class='av-share-link av-social-link-twitter' ><a target=\"_blank\" aria-label=\"Compartir en Twitter\" href='https:\/\/twitter.com\/share?text=Abren%20convocatoria%20para%20la%20producci%C3%B3n%20local%20y%20sostenible%20de%20insumos%20nutricionales%20en%20el%20sector%20Acu%C3%ADcola&#038;url=https:\/\/radiorevelacionfm.cl\/?p=7005' aria-hidden='false' data-av_icon='\ue8f1' data-av_iconfont='entypo-fontello' title='' data-avia-related-tooltip='Compartir en Twitter' rel=\"noopener\"><span class='avia_hidden_link_text'>Compartir en Twitter<\/span><\/a><\/li><li class='av-share-link av-social-link-whatsapp' ><a target=\"_blank\" aria-label=\"Compartir en Whatsapp\" href='https:\/\/api.whatsapp.com\/send?text=https:\/\/radiorevelacionfm.cl\/?p=7005' aria-hidden='false' data-av_icon='\uf232' data-av_iconfont='entypo-fontello' title='' data-avia-related-tooltip='Compartir en Whatsapp' rel=\"noopener\"><span class='avia_hidden_link_text'>Compartir en Whatsapp<\/span><\/a><\/li><li class='av-share-link av-social-link-linkedin' ><a target=\"_blank\" aria-label=\"Compartir en LinkedIn\" href='https:\/\/linkedin.com\/shareArticle?mini=true&#038;title=Abren%20convocatoria%20para%20la%20producci%C3%B3n%20local%20y%20sostenible%20de%20insumos%20nutricionales%20en%20el%20sector%20Acu%C3%ADcola&#038;url=https:\/\/radiorevelacionfm.cl\/?p=7005' aria-hidden='false' data-av_icon='\ue8fc' data-av_iconfont='entypo-fontello' title='' data-avia-related-tooltip='Compartir en LinkedIn' rel=\"noopener\"><span class='avia_hidden_link_text'>Compartir en LinkedIn<\/span><\/a><\/li><li class='av-share-link av-social-link-mail' ><a  aria-label=\"Compartir por correo\" href='mailto:?subject=Abren%20convocatoria%20para%20la%20producci%C3%B3n%20local%20y%20sostenible%20de%20insumos%20nutricionales%20en%20el%20sector%20Acu%C3%ADcola&#038;body=https:\/\/radiorevelacionfm.cl\/?p=7005' aria-hidden='false' data-av_icon='\ue805' data-av_iconfont='entypo-fontello' title='' data-avia-related-tooltip='Compartir por correo'><span class='avia_hidden_link_text'>Compartir por correo<\/span><\/a><\/li><\/ul><\/div><\/div>\n<div  style='height:50px' class='hr hr-invisible   avia-builder-el-8  el_after_av_social_share  el_before_av_comments_list '><span class='hr-inner ' ><span class='hr-inner-style'><\/span><\/span><\/div>\n<div  class='av-buildercomment  av-blog-meta-html-info-disabled av-blog-meta-tag-disabled  '><\/div>\n","protected":false},"excerpt":{"rendered":"","protected":false},"author":1,"featured_media":7006,"comment_status":"open","ping_status":"open","sticky":false,"template":"","format":"standard","meta":{"footnotes":""},"categories":[60,38],"tags":[],"class_list":["post-7005","post","type-post","status-publish","format-standard","has-post-thumbnail","hentry","category-pesca","category-regional"],"jetpack_featured_media_url":"https:\/\/radiorevelacionfm.cl\/wp-content\/uploads\/2021\/08\/Acuicultura-02-1-1.jpg","_links":{"self":[{"href":"https:\/\/radiorevelacionfm.cl\/index.php?rest_route=\/wp\/v2\/posts\/7005","targetHints":{"allow":["GET"]}}],"collection":[{"href":"https:\/\/radiorevelacionfm.cl\/index.php?rest_route=\/wp\/v2\/posts"}],"about":[{"href":"https:\/\/radiorevelacionfm.cl\/index.php?rest_route=\/wp\/v2\/types\/post"}],"author":[{"embeddable":true,"href":"https:\/\/radiorevelacionfm.cl\/index.php?rest_route=\/wp\/v2\/users\/1"}],"replies":[{"embeddable":true,"href":"https:\/\/radiorevelacionfm.cl\/index.php?rest_route=%2Fwp%2Fv2%2Fcomments&post=7005"}],"version-history":[{"count":1,"href":"https:\/\/radiorevelacionfm.cl\/index.php?rest_route=\/wp\/v2\/posts\/7005\/revisions"}],"predecessor-version":[{"id":7007,"href":"https:\/\/radiorevelacionfm.cl\/index.php?rest_route=\/wp\/v2\/posts\/7005\/revisions\/7007"}],"wp:featuredmedia":[{"embeddable":true,"href":"https:\/\/radiorevelacionfm.cl\/index.php?rest_route=\/wp\/v2\/media\/7006"}],"wp:attachment":[{"href":"https:\/\/radiorevelacionfm.cl\/index.php?rest_route=%2Fwp%2Fv2%2Fmedia&parent=7005"}],"wp:term":[{"taxonomy":"category","embeddable":true,"href":"https:\/\/radiorevelacionfm.cl\/index.php?rest_route=%2Fwp%2Fv2%2Fcategories&post=7005"},{"taxonomy":"post_tag","embeddable":true,"href":"https:\/\/radiorevelacionfm.cl\/index.php?rest_route=%2Fwp%2Fv2%2Ftags&post=7005"}],"curies":[{"name":"wp","href":"https:\/\/api.w.org\/{rel}","templated":true}]}}