{"id":7002,"date":"2021-08-03T21:07:17","date_gmt":"2021-08-04T00:07:17","guid":{"rendered":"https:\/\/radiorevelacionfm.cl\/?p=7002"},"modified":"2021-08-03T21:07:17","modified_gmt":"2021-08-04T00:07:17","slug":"programa-accion-trabaja-con-pueblos-originarios-y-migrantes-en-coyhaique-y-familias-vulnerables-en-aysen","status":"publish","type":"post","link":"https:\/\/radiorevelacionfm.cl\/?p=7002","title":{"rendered":"Programa Acci\u00f3n trabaja con pueblos originarios y migrantes en Coyhaique y familias vulnerables en Ays\u00e9n"},"content":{"rendered":"<div class=\"flex_column av_one_full  flex_column_div av-zero-column-padding first  avia-builder-el-0  el_before_av_one_full  avia-builder-el-first  \" style='border-radius:0px; '><div  class='avia-image-container  av-styling-    avia-builder-el-1  avia-builder-el-no-sibling  avia-align-center '  itemprop=\"image\" itemscope=\"itemscope\" itemtype=\"https:\/\/schema.org\/ImageObject\"  ><div class='avia-image-container-inner'><div class='avia-image-overlay-wrap'><img decoding=\"async\" class='wp-image-7003 avia-img-lazy-loading-not-7003 avia_image' src=\"https:\/\/radiorevelacionfm.cl\/wp-content\/uploads\/2021\/08\/Accion-en-Familia-Migrantes-1-1.jpg\" alt='' title='Acci\u00f3n en Familia Migrantes (1) (1)' height=\"600\" width=\"1376\"  itemprop=\"thumbnailUrl\" srcset=\"https:\/\/radiorevelacionfm.cl\/wp-content\/uploads\/2021\/08\/Accion-en-Familia-Migrantes-1-1.jpg 1376w, https:\/\/radiorevelacionfm.cl\/wp-content\/uploads\/2021\/08\/Accion-en-Familia-Migrantes-1-1-300x131.jpg 300w, https:\/\/radiorevelacionfm.cl\/wp-content\/uploads\/2021\/08\/Accion-en-Familia-Migrantes-1-1-1030x449.jpg 1030w, https:\/\/radiorevelacionfm.cl\/wp-content\/uploads\/2021\/08\/Accion-en-Familia-Migrantes-1-1-768x335.jpg 768w, https:\/\/radiorevelacionfm.cl\/wp-content\/uploads\/2021\/08\/Accion-en-Familia-Migrantes-1-1-705x307.jpg 705w, https:\/\/radiorevelacionfm.cl\/wp-content\/uploads\/2021\/08\/Accion-en-Familia-Migrantes-1-1-600x262.jpg 600w\" sizes=\"(max-width: 1376px) 100vw, 1376px\" \/><\/div><\/div><\/div><\/div><div class=\"flex_column av_one_full  flex_column_div av-zero-column-padding first  avia-builder-el-2  el_after_av_one_full  el_before_av_one_full  column-top-margin\" style='border-radius:0px; '><section class=\"av_textblock_section \"  itemscope=\"itemscope\" itemtype=\"https:\/\/schema.org\/BlogPosting\" itemprop=\"blogPost\" ><div class='avia_textblock  '   itemprop=\"text\" ><p style=\"text-align: center;\"><strong><span style=\"font-size: 18pt;\">Programa Acci\u00f3n trabaja con pueblos originarios y migrantes en Coyhaique y familias vulnerables en Ays\u00e9n<\/span><\/strong><\/p>\n<div id=\"gtx-trans\" style=\"position: absolute; left: -50px; top: 4.31534px;\">\n<div class=\"gtx-trans-icon\"><\/div>\n<\/div>\n<\/div><\/section><\/div><div class=\"flex_column av_one_full  flex_column_div av-zero-column-padding first  avia-builder-el-4  el_after_av_one_full  el_before_av_hr  column-top-margin\" style='border-radius:0px; '><section class=\"av_textblock_section \"  itemscope=\"itemscope\" itemtype=\"https:\/\/schema.org\/BlogPosting\" itemprop=\"blogPost\" ><div class='avia_textblock  '   itemprop=\"text\" ><p style=\"text-align: justify;\">El programa Acci\u00f3n en Familia, financiado por el Fondo de Solidaridad e Inversi\u00f3n Social, FOSIS, en Coyhaique trabaja con pueblos originarios y migrantes, mientras que, en Puerto Ays\u00e9n, con familias vulnerables. Para la derivaci\u00f3n de familias se realiz\u00f3 un trabajo conjunto con la Seremi de Desarrollo Social y Familia, quien a su vez se coordin\u00f3 con Conadi, Asomisca y la Municipalidad de Ays\u00e9n.<\/p>\n<p style=\"text-align: justify;\">La intervenci\u00f3n y acompa\u00f1amiento psicosocial se lleva a cabo a trav\u00e9s de espacios de conversaci\u00f3n con las familias, para generar los cambios esperados y ser soporte durante la ejecuci\u00f3n de acciones aut\u00f3nomas que las familias realicen. La formaci\u00f3n y capacitaciones buscan aportar contenidos e informaci\u00f3n para reflexionar sobre las pr\u00e1cticas cotidianas. El financiamiento de una iniciativa familiar permite la adquisici\u00f3n de bienes, insumos o servicios para mejorar alguna condici\u00f3n de vulnerabilidad detectada en el proceso de reconocimiento familiar y plan de trabajo.<\/p>\n<p style=\"text-align: justify;\">En los talleres de formaci\u00f3n, incluidos en la intervenci\u00f3n de 9 meses que tiene este programa, se abordan tem\u00e1ticas como identidad familiar, comunicaci\u00f3n y normas claras, resoluci\u00f3n de conflictos, entre otras tem\u00e1ticas relacionadas al grupo objetivo, las que son priorizadas una vez que hayan sido detectadas como necesidades de las familias en proceso de reconocimiento familiar.<\/p>\n<p style=\"text-align: justify;\">M\u00f3nica Levicoy, usuaria del programa Acci\u00f3n de Coyhaique, valor\u00f3 positivamente la oportunidad de participar en este programa pensado en pueblos originarios. \u201cPara m\u00ed es importante porque es la primera vez que participo en un programa del FOSIS como mujer mapuche. Desde el comienzo, cuando me dijeron que hab\u00eda quedado seleccionada, comprend\u00ed lo esencial que es, con todo el contexto de la pandemia, compartir con los dem\u00e1s y poder expresar lo que uno siente, lo que pasa en la familia y las dificultades de cada uno. Asumo con harta responsabilidad participar en el programa y compartir con 22 familias, que esperamos ir conociendo m\u00e1s\u201d.<\/p>\n<p style=\"text-align: justify;\">\u201cQueremos destacar la ejecuci\u00f3n del programa Acci\u00f3n orientado en el fortalecimiento de la vida en familia que ejecuta FOSIS en el territorio, donde abordamos la intervenci\u00f3n y acompa\u00f1amiento psicosocial para las familias, adem\u00e1s de tem\u00e1ticas de formaci\u00f3n y financiamiento de iniciativas familiares. Tambi\u00e9n abordamos las habilidades parentales, la din\u00e1mica familiar, la educaci\u00f3n financiera, junto con promover la inclusi\u00f3n de ni\u00f1os, ni\u00f1as y adolescentes en el trabajo del hogar. Tratamos de implementar distintas miradas para fortalecer la calidad de vida de las familias de Ays\u00e9n\u201d, asegur\u00f3 Dominique Br\u00e4utigam, Directora Regional del FOSIS en Ays\u00e9n.<\/p>\n<p style=\"text-align: justify;\">Marcelo J\u00e9lvez, Seremi de Desarrollo Social y Familia de Ays\u00e9n, recalc\u00f3 que \u201ceste programa tiene tres l\u00edneas de trabajo: Pueblos originarios, migrantes y familias de Ays\u00e9n. De esta manera, logramos sostener un trabajo conjunto entre el FOSIS, Desarrollo Social y Familia, junto a profesionales de Conadi y la Municipalidad de Ays\u00e9n, con quienes identificamos a los usuarios de esta iniciativa. En total son 64 familias que por nueve meses tendr\u00e1n talleres de acompa\u00f1amiento con tem\u00e1ticas de identidad familiar, resoluci\u00f3n de conflicto, entre otras, m\u00e1s un capital para mejorar su calidad de vida\u201d.<\/p>\n<p style=\"text-align: justify;\">Rosa Ch\u00e1vez, usuaria Acci\u00f3n de Puerto Ays\u00e9n, se\u00f1al\u00f3 que \u201cen nuestra familia vivimos hace siete a\u00f1os con nuestra abuela, que se encuentra postrada. A trav\u00e9s del programa hemos aprendido harto sobre los cuidados que hay que tener, para apoyarnos a nosotros tambi\u00e9n, como cuidadores. Tambi\u00e9n para integrarla, hablar sobre lo que nos pasa, porque no ha sido f\u00e1cil. As\u00ed lograr tener conversaciones desde el coraz\u00f3n, por la unidad de nuestra familia. Gracias al programa hemos podido mejorar nuestras relaciones interpersonales y compartir con otras familias, aprender de ellas, porque nunca dejamos de aprender. El FOSIS nos ha brindado esta oportunidad para poder conocer a otras familias y compartir nuestros temas, logrando fortalecer nuestra familia\u201d.<\/p>\n<p style=\"text-align: justify;\">Para el 2021, este programa busca promover un \u00e9nfasis en la mirada familiar y en el abordaje de la ni\u00f1ez. Esto conlleva un foco en la promoci\u00f3n de la corresponsabilidad y la inclusi\u00f3n de ni\u00f1os, ni\u00f1as y adolescentes en el trabajo dentro de los hogares y en intervenciones comunitarias.<\/p>\n<\/div><\/section><\/div><div  style='height:50px' class='hr hr-invisible   avia-builder-el-6  el_after_av_one_full  el_before_av_social_share '><span class='hr-inner ' ><span class='hr-inner-style'><\/span><\/span><\/div><\/p>\n<div  class='av-social-sharing-box  avia-builder-el-7  el_after_av_hr  el_before_av_hr  '><div class='av-share-box'><h5 class='av-share-link-description av-no-toc '>Compartir esta noticia<\/h5><ul class='av-share-box-list noLightbox'><li class='av-share-link av-social-link-facebook' ><a target=\"_blank\" aria-label=\"Compartir en Facebook\" href='https:\/\/www.facebook.com\/sharer.php?u=https:\/\/radiorevelacionfm.cl\/?p=7002&#038;t=Programa%20Acci%C3%B3n%20trabaja%20con%20pueblos%20originarios%20y%20migrantes%20en%20Coyhaique%20y%20familias%20vulnerables%20en%20Ays%C3%A9n' aria-hidden='false' data-av_icon='\ue8f3' data-av_iconfont='entypo-fontello' title='' data-avia-related-tooltip='Compartir en Facebook' rel=\"noopener\"><span class='avia_hidden_link_text'>Compartir en Facebook<\/span><\/a><\/li><li class='av-share-link av-social-link-twitter' ><a target=\"_blank\" aria-label=\"Compartir en Twitter\" href='https:\/\/twitter.com\/share?text=Programa%20Acci%C3%B3n%20trabaja%20con%20pueblos%20originarios%20y%20migrantes%20en%20Coyhaique%20y%20familias%20vulnerables%20en%20Ays%C3%A9n&#038;url=https:\/\/radiorevelacionfm.cl\/?p=7002' aria-hidden='false' data-av_icon='\ue8f1' data-av_iconfont='entypo-fontello' title='' data-avia-related-tooltip='Compartir en Twitter' rel=\"noopener\"><span class='avia_hidden_link_text'>Compartir en Twitter<\/span><\/a><\/li><li class='av-share-link av-social-link-whatsapp' ><a target=\"_blank\" aria-label=\"Compartir en Whatsapp\" href='https:\/\/api.whatsapp.com\/send?text=https:\/\/radiorevelacionfm.cl\/?p=7002' aria-hidden='false' data-av_icon='\uf232' data-av_iconfont='entypo-fontello' title='' data-avia-related-tooltip='Compartir en Whatsapp' rel=\"noopener\"><span class='avia_hidden_link_text'>Compartir en Whatsapp<\/span><\/a><\/li><li class='av-share-link av-social-link-linkedin' ><a target=\"_blank\" aria-label=\"Compartir en LinkedIn\" href='https:\/\/linkedin.com\/shareArticle?mini=true&#038;title=Programa%20Acci%C3%B3n%20trabaja%20con%20pueblos%20originarios%20y%20migrantes%20en%20Coyhaique%20y%20familias%20vulnerables%20en%20Ays%C3%A9n&#038;url=https:\/\/radiorevelacionfm.cl\/?p=7002' aria-hidden='false' data-av_icon='\ue8fc' data-av_iconfont='entypo-fontello' title='' data-avia-related-tooltip='Compartir en LinkedIn' rel=\"noopener\"><span class='avia_hidden_link_text'>Compartir en LinkedIn<\/span><\/a><\/li><li class='av-share-link av-social-link-mail' ><a  aria-label=\"Compartir por correo\" href='mailto:?subject=Programa%20Acci%C3%B3n%20trabaja%20con%20pueblos%20originarios%20y%20migrantes%20en%20Coyhaique%20y%20familias%20vulnerables%20en%20Ays%C3%A9n&#038;body=https:\/\/radiorevelacionfm.cl\/?p=7002' aria-hidden='false' data-av_icon='\ue805' data-av_iconfont='entypo-fontello' title='' data-avia-related-tooltip='Compartir por correo'><span class='avia_hidden_link_text'>Compartir por correo<\/span><\/a><\/li><\/ul><\/div><\/div>\n<div  style='height:50px' class='hr hr-invisible   avia-builder-el-8  el_after_av_social_share  el_before_av_comments_list '><span class='hr-inner ' ><span class='hr-inner-style'><\/span><\/span><\/div>\n<div  class='av-buildercomment  av-blog-meta-html-info-disabled av-blog-meta-tag-disabled  '><\/div>\n","protected":false},"excerpt":{"rendered":"","protected":false},"author":1,"featured_media":7003,"comment_status":"open","ping_status":"open","sticky":false,"template":"","format":"standard","meta":{"footnotes":""},"categories":[38],"tags":[],"class_list":["post-7002","post","type-post","status-publish","format-standard","has-post-thumbnail","hentry","category-regional"],"jetpack_featured_media_url":"https:\/\/radiorevelacionfm.cl\/wp-content\/uploads\/2021\/08\/Accion-en-Familia-Migrantes-1-1.jpg","_links":{"self":[{"href":"https:\/\/radiorevelacionfm.cl\/index.php?rest_route=\/wp\/v2\/posts\/7002","targetHints":{"allow":["GET"]}}],"collection":[{"href":"https:\/\/radiorevelacionfm.cl\/index.php?rest_route=\/wp\/v2\/posts"}],"about":[{"href":"https:\/\/radiorevelacionfm.cl\/index.php?rest_route=\/wp\/v2\/types\/post"}],"author":[{"embeddable":true,"href":"https:\/\/radiorevelacionfm.cl\/index.php?rest_route=\/wp\/v2\/users\/1"}],"replies":[{"embeddable":true,"href":"https:\/\/radiorevelacionfm.cl\/index.php?rest_route=%2Fwp%2Fv2%2Fcomments&post=7002"}],"version-history":[{"count":1,"href":"https:\/\/radiorevelacionfm.cl\/index.php?rest_route=\/wp\/v2\/posts\/7002\/revisions"}],"predecessor-version":[{"id":7004,"href":"https:\/\/radiorevelacionfm.cl\/index.php?rest_route=\/wp\/v2\/posts\/7002\/revisions\/7004"}],"wp:featuredmedia":[{"embeddable":true,"href":"https:\/\/radiorevelacionfm.cl\/index.php?rest_route=\/wp\/v2\/media\/7003"}],"wp:attachment":[{"href":"https:\/\/radiorevelacionfm.cl\/index.php?rest_route=%2Fwp%2Fv2%2Fmedia&parent=7002"}],"wp:term":[{"taxonomy":"category","embeddable":true,"href":"https:\/\/radiorevelacionfm.cl\/index.php?rest_route=%2Fwp%2Fv2%2Fcategories&post=7002"},{"taxonomy":"post_tag","embeddable":true,"href":"https:\/\/radiorevelacionfm.cl\/index.php?rest_route=%2Fwp%2Fv2%2Ftags&post=7002"}],"curies":[{"name":"wp","href":"https:\/\/api.w.org\/{rel}","templated":true}]}}