{"id":6997,"date":"2021-08-03T19:43:03","date_gmt":"2021-08-03T22:43:03","guid":{"rendered":"https:\/\/radiorevelacionfm.cl\/?p=6997"},"modified":"2021-08-03T19:47:47","modified_gmt":"2021-08-03T22:47:47","slug":"invitan-a-ninos-as-de-toda-la-region-a-crear-y-enviar-videos-donde-demuestren-su-talento-en-el-baile","status":"publish","type":"post","link":"https:\/\/radiorevelacionfm.cl\/?p=6997","title":{"rendered":"Invitan a ni\u00f1os\/as de toda la regi\u00f3n a crear y enviar videos donde demuestren su talento en el baile"},"content":{"rendered":"<div class=\"flex_column av_one_full  flex_column_div av-zero-column-padding first  avia-builder-el-0  el_before_av_one_full  avia-builder-el-first  \" style='border-radius:0px; '><div  class='avia-image-container  av-styling-    avia-builder-el-1  avia-builder-el-no-sibling  avia-align-center '  itemprop=\"image\" itemscope=\"itemscope\" itemtype=\"https:\/\/schema.org\/ImageObject\"  ><div class='avia-image-container-inner'><div class='avia-image-overlay-wrap'><img decoding=\"async\" class='wp-image-7000 avia-img-lazy-loading-not-7000 avia_image' src=\"https:\/\/radiorevelacionfm.cl\/wp-content\/uploads\/2021\/08\/junji-2-1-1.jpg\" alt='' title='junji 2 (1) (1)' height=\"600\" width=\"842\"  itemprop=\"thumbnailUrl\" srcset=\"https:\/\/radiorevelacionfm.cl\/wp-content\/uploads\/2021\/08\/junji-2-1-1.jpg 842w, https:\/\/radiorevelacionfm.cl\/wp-content\/uploads\/2021\/08\/junji-2-1-1-300x214.jpg 300w, https:\/\/radiorevelacionfm.cl\/wp-content\/uploads\/2021\/08\/junji-2-1-1-768x547.jpg 768w, https:\/\/radiorevelacionfm.cl\/wp-content\/uploads\/2021\/08\/junji-2-1-1-260x185.jpg 260w, https:\/\/radiorevelacionfm.cl\/wp-content\/uploads\/2021\/08\/junji-2-1-1-705x502.jpg 705w, https:\/\/radiorevelacionfm.cl\/wp-content\/uploads\/2021\/08\/junji-2-1-1-600x428.jpg 600w\" sizes=\"(max-width: 842px) 100vw, 842px\" \/><\/div><\/div><\/div><\/div><div class=\"flex_column av_one_full  flex_column_div av-zero-column-padding first  avia-builder-el-2  el_after_av_one_full  el_before_av_one_full  column-top-margin\" style='border-radius:0px; '><section class=\"av_textblock_section \"  itemscope=\"itemscope\" itemtype=\"https:\/\/schema.org\/BlogPosting\" itemprop=\"blogPost\" ><div class='avia_textblock  '   itemprop=\"text\" ><p style=\"text-align: center;\"><strong><span style=\"font-size: 18pt;\">Invitan a ni\u00f1os\/as de toda la regi\u00f3n a crear y enviar videos donde demuestren su talento en el baile<\/span><\/strong><\/p>\n<div id=\"gtx-trans\" style=\"position: absolute; left: -50px; top: 4.31534px;\">\n<div class=\"gtx-trans-icon\"><\/div>\n<\/div>\n<\/div><\/section><\/div><\/p>\n<div class=\"flex_column av_one_full  flex_column_div av-zero-column-padding first  avia-builder-el-4  el_after_av_one_full  el_before_av_hr  column-top-margin\" style='border-radius:0px; '><section class=\"av_textblock_section \"  itemscope=\"itemscope\" itemtype=\"https:\/\/schema.org\/BlogPosting\" itemprop=\"blogPost\" ><div class='avia_textblock  '   itemprop=\"text\" ><p class=\"v1MsoNormal\" style=\"text-align: justify;\">En estos meses de aislamiento, los ni\u00f1os y ni\u00f1as han tenido que permanecer por mucho tiempo al interior de sus casas, por lo que esta iniciativa organizada por el Ministerio del Deporte e Instituto Nacional de Deportes regi\u00f3n de Ays\u00e9n,\u00a0 junto a la Junta Nacional de Jardines Infantiles invita al autocuidado mediante el baile y el juego de la mano de los recursos tecnol\u00f3gicos y digitales.<\/p>\n<p class=\"v1MsoNormal\" style=\"text-align: justify;\">El Seremi del Deporte, Rodrigo Cubilla Retamal, hizo un llamado a todas las ni\u00f1a y ni\u00f1os de la regi\u00f3n a participar en ese desaf\u00edo de baile y actividad f\u00edsica se\u00f1alando adem\u00e1s \u00abel desaf\u00edo consiste en grabar con el celular un v\u00eddeo de no m\u00e1s de 45 segundos, bailando una coreograf\u00eda, convocatoria que va dirigida a estudiantes y educaci\u00f3n parvularia, pertenecientes a las comunidades educativas regionales\u00bb. Asimismo, a\u00f1adi\u00f3 \u00aba trav\u00e9s de Facebook Mindep y Junji Ays\u00e9n se comparti\u00f3 un video ejecutado por dos profesores del IND que realizan talleres a trav\u00e9s del Programa Crecer en Movimiento, en la que invitan a ni\u00f1as y ni\u00f1os a \u00a0participar y realizan una coreograf\u00eda similar\u00bb.<\/p>\n<p class=\"v1MsoNormal\" style=\"text-align: justify;\">Por su parte el Director Regional de JUNJI, Sergio Herrera precis\u00f3 \u00abestamos muy contentos y agradecidos con la invitaci\u00f3n de Mindep e IND Ays\u00e9n que nos permite invitar a las familias, ni\u00f1os y ni\u00f1as a una actividad sana, entretenida y que adem\u00e1s aporta much\u00edsimo al trabajo en equipo, creando una coreograf\u00eda y participando con el baile que es una actividad que favorece el ejercicio cardiovascular, mejora el sentido del equilibrio, la coordinaci\u00f3n, flexibilidad y la concentraci\u00f3n, adem\u00e1s crea h\u00e1bitos entre nuestros ni\u00f1os y ni\u00f1as para que d\u00eda de ma\u00f1ana sean adultos saludables\u00bb.<\/p>\n<p class=\"v1MsoNormal\" style=\"text-align: justify;\"><u>Requisitos<\/u><\/p>\n<p class=\"v1MsoNormal\" style=\"text-align: justify;\">Crear un video a trav\u00e9s del celular de m\u00e1ximo 45 segundos, enviarlo a trav\u00e9s de Whatsapp\u00a0+56 953358582 o al mail\u00a0<a href=\"mailto:lorena.sandoval@ind.cl\" rel=\"noreferrer\">lorena.sandoval@ind.cl<\/a>\u00a0y\/o\u00a0<a href=\"mailto:ccarmonag@junji.cl\" rel=\"noreferrer\">ccarmonag@junji.cl<\/a>, indicando nombre comuna y edad. Respecto a las categor\u00edas estas\u00a0 son hasta 5 a\u00f1os, 6 a 9 a\u00f1os y 10 a 13 a\u00f1os.<\/p>\n<p class=\"v1MsoNormal\" style=\"text-align: justify;\">El\u00a0plazo de recepci\u00f3n de los videos ser\u00e1 hasta el viernes 6 de agosto a las 12.00, los videos ser\u00e1n exhibidos el nuestros Fanpage Mindep Ays\u00e9n y JUNJI Ays\u00e9n y entre los participantes sortear\u00e1n premios y kits deportivos.<\/p>\n<div style=\"text-align: justify;\"><\/div>\n<\/div><\/section><\/div>\n<div  style='height:50px' class='hr hr-invisible   avia-builder-el-6  el_after_av_one_full  el_before_av_social_share '><span class='hr-inner ' ><span class='hr-inner-style'><\/span><\/span><\/div>\n<div  class='av-social-sharing-box  avia-builder-el-7  el_after_av_hr  el_before_av_hr  '><div class='av-share-box'><h5 class='av-share-link-description av-no-toc '>Compartir esta noticia<\/h5><ul class='av-share-box-list noLightbox'><li class='av-share-link av-social-link-facebook' ><a target=\"_blank\" aria-label=\"Compartir en Facebook\" href='https:\/\/www.facebook.com\/sharer.php?u=https:\/\/radiorevelacionfm.cl\/?p=6997&#038;t=Invitan%20a%20ni%C3%B1os%2Fas%20de%20toda%20la%20regi%C3%B3n%20a%20crear%20y%20enviar%20videos%20donde%20demuestren%20su%20talento%20en%20el%20baile' aria-hidden='false' data-av_icon='\ue8f3' data-av_iconfont='entypo-fontello' title='' data-avia-related-tooltip='Compartir en Facebook' rel=\"noopener\"><span class='avia_hidden_link_text'>Compartir en Facebook<\/span><\/a><\/li><li class='av-share-link av-social-link-twitter' ><a target=\"_blank\" aria-label=\"Compartir en Twitter\" href='https:\/\/twitter.com\/share?text=Invitan%20a%20ni%C3%B1os%2Fas%20de%20toda%20la%20regi%C3%B3n%20a%20crear%20y%20enviar%20videos%20donde%20demuestren%20su%20talento%20en%20el%20baile&#038;url=https:\/\/radiorevelacionfm.cl\/?p=6997' aria-hidden='false' data-av_icon='\ue8f1' data-av_iconfont='entypo-fontello' title='' data-avia-related-tooltip='Compartir en Twitter' rel=\"noopener\"><span class='avia_hidden_link_text'>Compartir en Twitter<\/span><\/a><\/li><li class='av-share-link av-social-link-whatsapp' ><a target=\"_blank\" aria-label=\"Compartir en Whatsapp\" href='https:\/\/api.whatsapp.com\/send?text=https:\/\/radiorevelacionfm.cl\/?p=6997' aria-hidden='false' data-av_icon='\uf232' data-av_iconfont='entypo-fontello' title='' data-avia-related-tooltip='Compartir en Whatsapp' rel=\"noopener\"><span class='avia_hidden_link_text'>Compartir en Whatsapp<\/span><\/a><\/li><li class='av-share-link av-social-link-linkedin' ><a target=\"_blank\" aria-label=\"Compartir en LinkedIn\" href='https:\/\/linkedin.com\/shareArticle?mini=true&#038;title=Invitan%20a%20ni%C3%B1os%2Fas%20de%20toda%20la%20regi%C3%B3n%20a%20crear%20y%20enviar%20videos%20donde%20demuestren%20su%20talento%20en%20el%20baile&#038;url=https:\/\/radiorevelacionfm.cl\/?p=6997' aria-hidden='false' data-av_icon='\ue8fc' data-av_iconfont='entypo-fontello' title='' data-avia-related-tooltip='Compartir en LinkedIn' rel=\"noopener\"><span class='avia_hidden_link_text'>Compartir en LinkedIn<\/span><\/a><\/li><li class='av-share-link av-social-link-mail' ><a  aria-label=\"Compartir por correo\" href='mailto:?subject=Invitan%20a%20ni%C3%B1os%2Fas%20de%20toda%20la%20regi%C3%B3n%20a%20crear%20y%20enviar%20videos%20donde%20demuestren%20su%20talento%20en%20el%20baile&#038;body=https:\/\/radiorevelacionfm.cl\/?p=6997' aria-hidden='false' data-av_icon='\ue805' data-av_iconfont='entypo-fontello' title='' data-avia-related-tooltip='Compartir por correo'><span class='avia_hidden_link_text'>Compartir por correo<\/span><\/a><\/li><\/ul><\/div><\/div>\n<div  style='height:50px' class='hr hr-invisible   avia-builder-el-8  el_after_av_social_share  el_before_av_comments_list '><span class='hr-inner ' ><span class='hr-inner-style'><\/span><\/span><\/div>\n<div  class='av-buildercomment  av-blog-meta-html-info-disabled av-blog-meta-tag-disabled  '><\/div>\n","protected":false},"excerpt":{"rendered":"","protected":false},"author":1,"featured_media":7000,"comment_status":"open","ping_status":"open","sticky":false,"template":"","format":"standard","meta":{"footnotes":""},"categories":[40],"tags":[],"class_list":["post-6997","post","type-post","status-publish","format-standard","has-post-thumbnail","hentry","category-deportes"],"jetpack_featured_media_url":"https:\/\/radiorevelacionfm.cl\/wp-content\/uploads\/2021\/08\/junji-2-1-1.jpg","_links":{"self":[{"href":"https:\/\/radiorevelacionfm.cl\/index.php?rest_route=\/wp\/v2\/posts\/6997","targetHints":{"allow":["GET"]}}],"collection":[{"href":"https:\/\/radiorevelacionfm.cl\/index.php?rest_route=\/wp\/v2\/posts"}],"about":[{"href":"https:\/\/radiorevelacionfm.cl\/index.php?rest_route=\/wp\/v2\/types\/post"}],"author":[{"embeddable":true,"href":"https:\/\/radiorevelacionfm.cl\/index.php?rest_route=\/wp\/v2\/users\/1"}],"replies":[{"embeddable":true,"href":"https:\/\/radiorevelacionfm.cl\/index.php?rest_route=%2Fwp%2Fv2%2Fcomments&post=6997"}],"version-history":[{"count":2,"href":"https:\/\/radiorevelacionfm.cl\/index.php?rest_route=\/wp\/v2\/posts\/6997\/revisions"}],"predecessor-version":[{"id":7001,"href":"https:\/\/radiorevelacionfm.cl\/index.php?rest_route=\/wp\/v2\/posts\/6997\/revisions\/7001"}],"wp:featuredmedia":[{"embeddable":true,"href":"https:\/\/radiorevelacionfm.cl\/index.php?rest_route=\/wp\/v2\/media\/7000"}],"wp:attachment":[{"href":"https:\/\/radiorevelacionfm.cl\/index.php?rest_route=%2Fwp%2Fv2%2Fmedia&parent=6997"}],"wp:term":[{"taxonomy":"category","embeddable":true,"href":"https:\/\/radiorevelacionfm.cl\/index.php?rest_route=%2Fwp%2Fv2%2Fcategories&post=6997"},{"taxonomy":"post_tag","embeddable":true,"href":"https:\/\/radiorevelacionfm.cl\/index.php?rest_route=%2Fwp%2Fv2%2Ftags&post=6997"}],"curies":[{"name":"wp","href":"https:\/\/api.w.org\/{rel}","templated":true}]}}