{"id":6994,"date":"2021-08-04T10:16:38","date_gmt":"2021-08-04T13:16:38","guid":{"rendered":"https:\/\/radiorevelacionfm.cl\/?p=6994"},"modified":"2021-08-04T10:16:38","modified_gmt":"2021-08-04T13:16:38","slug":"explora-aysen-abre-inscripciones-para-taller-sobre-aves-dirigido-a-docentes-de-educacion-basica","status":"publish","type":"post","link":"https:\/\/radiorevelacionfm.cl\/?p=6994","title":{"rendered":"Explora Ays\u00e9n abre inscripciones para taller sobre aves dirigido a docentes de educaci\u00f3n b\u00e1sica"},"content":{"rendered":"<div class=\"flex_column av_one_full  flex_column_div av-zero-column-padding first  avia-builder-el-0  el_before_av_one_full  avia-builder-el-first  \" style='border-radius:0px; '><div  class='avia-image-container  av-styling-    avia-builder-el-1  avia-builder-el-no-sibling  avia-align-center '  itemprop=\"image\" itemscope=\"itemscope\" itemtype=\"https:\/\/schema.org\/ImageObject\"  ><div class='avia-image-container-inner'><div class='avia-image-overlay-wrap'><img decoding=\"async\" class='wp-image-6995 avia-img-lazy-loading-not-6995 avia_image' src=\"https:\/\/radiorevelacionfm.cl\/wp-content\/uploads\/2021\/08\/bannerweb-taller-aves-1-1.png\" alt='' title='bannerweb-taller-aves (1) (1)' height=\"600\" width=\"938\"  itemprop=\"thumbnailUrl\" srcset=\"https:\/\/radiorevelacionfm.cl\/wp-content\/uploads\/2021\/08\/bannerweb-taller-aves-1-1.png 938w, https:\/\/radiorevelacionfm.cl\/wp-content\/uploads\/2021\/08\/bannerweb-taller-aves-1-1-300x192.png 300w, https:\/\/radiorevelacionfm.cl\/wp-content\/uploads\/2021\/08\/bannerweb-taller-aves-1-1-768x491.png 768w, https:\/\/radiorevelacionfm.cl\/wp-content\/uploads\/2021\/08\/bannerweb-taller-aves-1-1-705x451.png 705w, https:\/\/radiorevelacionfm.cl\/wp-content\/uploads\/2021\/08\/bannerweb-taller-aves-1-1-600x384.png 600w\" sizes=\"(max-width: 938px) 100vw, 938px\" \/><\/div><\/div><\/div><\/div><div class=\"flex_column av_one_full  flex_column_div av-zero-column-padding first  avia-builder-el-2  el_after_av_one_full  el_before_av_one_full  column-top-margin\" style='border-radius:0px; '><section class=\"av_textblock_section \"  itemscope=\"itemscope\" itemtype=\"https:\/\/schema.org\/BlogPosting\" itemprop=\"blogPost\" ><div class='avia_textblock  '   itemprop=\"text\" ><p style=\"text-align: center;\"><strong><span style=\"font-size: 18pt;\">Explora Ays\u00e9n abre inscripciones para taller sobre aves dirigido a docentes de educaci\u00f3n b\u00e1sica<\/span><\/strong><\/p>\n<div id=\"gtx-trans\" style=\"position: absolute; left: -50px; top: 4.31534px;\">\n<div class=\"gtx-trans-icon\"><\/div>\n<\/div>\n<\/div><\/section><\/div><div class=\"flex_column av_one_full  flex_column_div av-zero-column-padding first  avia-builder-el-4  el_after_av_one_full  el_before_av_hr  column-top-margin\" style='border-radius:0px; '><section class=\"av_textblock_section \"  itemscope=\"itemscope\" itemtype=\"https:\/\/schema.org\/BlogPosting\" itemprop=\"blogPost\" ><div class='avia_textblock  '   itemprop=\"text\" ><p style=\"text-align: justify;\">La Reserva Nacional R\u00edo Simpson es una de las 17 \u00c1reas Silvestres Protegidas de la regi\u00f3n de Ays\u00e9n, que alberga gran diversidad de especies vegetales y animales, muchas de ellas \u00fanicas en todo el mundo. Para visitar una regi\u00f3n que posee la mayor superficie de bosque nativo de Chile, es fundamental actuar de manera responsable con el entorno y conocer el impacto que tiene la intervenci\u00f3n humana en la naturaleza.<\/p>\n<p style=\"text-align: justify;\">Con esta impronta, el Proyecto Explora Ays\u00e9n del Ministerio de Ciencia, liderado por el Campus Patagonia de la Universidad Austral de Chile, realiz\u00f3 la propuesta virtual 2021 de la iniciativa \u201cParques y Reservas como Laboratorio Natural\u201d, la cual considera un conjunto de materiales para que los\/as docentes puedan utilizar con sus estudiantes y promover la apropiaci\u00f3n del conocimiento y la valoraci\u00f3n de la diversidad de especies presentes en las reservas naturales de la regi\u00f3n.<\/p>\n<p style=\"text-align: justify;\">\u00abParques y reservas como Laboratorio Natural, constituye una excelente oportunidad para conocer y valorar nuestro patrimonio natural regional, por medio de una serie de recursos y estrategias pedag\u00f3gicas que se adaptan a los distintos contextos de educaci\u00f3n remota y presencial, sincr\u00f3nica y asincr\u00f3nica. Con esta iniciativa las y los invitamos a convertir las aulas tradicionales en verdaderos laboratorios naturales\u00bb se\u00f1ala Paula Mar\u00edn, Encargada de Valoraci\u00f3n y Divulgaci\u00f3n del Proyecto Explora Ays\u00e9n.<\/p>\n<p style=\"text-align: justify;\">La ejecuci\u00f3n de la propuesta virtual de actividades comienza con el taller de transferencia metodol\u00f3gica \u201c<em>Aprendamos sobre aves de la Reserva Nacional R\u00edo Simpson<\/em>\u201d, dirigido a docentes de educaci\u00f3n b\u00e1sica, que se realizar\u00e1 el viernes 13 de agosto a las 16:00 horas. En esta actividad se dar\u00e1n a conocer caracter\u00edsticas y h\u00e1bitats de cuatro especies de aves presentes en la reserva: el viajero Fiof\u00edo, el curioso Chucao, la bulliciosa y colorida Cacha\u00f1a y el habitante de r\u00edos y humedales, Mart\u00edn Pescador.<\/p>\n<p>Durante el taller se presentar\u00e1n los distintos recursos y estrategias a los que los\/as docentes podr\u00e1n acceder y se explicar\u00e1 la forma de obtener este material y una orientaci\u00f3n para su uso. Adem\u00e1s, la jornada contar\u00e1 con la participaci\u00f3n de Carolina Y\u00e1\u00f1ez Rismondo, Bi\u00f3loga Marina de la Universidad de Valpara\u00edso y experta en aves, quien dar\u00e1 una charla para complementar el aprendizaje.<\/p>\n<ul>\n<li><strong>Gu\u00eda pedag\u00f3gica:<\/strong> Documento con sugerencia de actividades y propuestas de evaluaci\u00f3n para orientar tu trabajo.<\/li>\n<li><strong>Micro animaci\u00f3n:<\/strong> Video con interpretaci\u00f3n en lengua de se\u00f1as, ideal para aplicar en distintos contextos de aprendizaje.<\/li>\n<li><strong>Presentaci\u00f3n de apoyo:<\/strong> Informaci\u00f3n en formato PPT, para ayudarte a reforzar contenidos de la micro animaci\u00f3n.<\/li>\n<li><strong>Entrevista a cient\u00edfico\/a:<\/strong> C\u00e1psulas breves de video, para profundizar contenidos.<\/li>\n<li><strong>L\u00e1mina de actividades:<\/strong> Tr\u00edptico l\u00fadico e interactivo, de f\u00e1cil impresi\u00f3n.<\/li>\n<li><strong>Infograf\u00eda:<\/strong> Afiche que permite comparar y conocer m\u00e1s sobre las caracter\u00edsticas de la fauna local.<\/li>\n<\/ul>\n<p>Si est\u00e1s interesado\/a en participar de este taller y obtener los recursos pedag\u00f3gicos disponibles solo debes ingresar a la p\u00e1gina web <a href=\"http:\/\/www.explora.cl\/aysen\/\">www.explora.cl\/aysen\/<\/a> e inscribirte.<\/p>\n<\/div><\/section><\/div><div  style='height:50px' class='hr hr-invisible   avia-builder-el-6  el_after_av_one_full  el_before_av_social_share '><span class='hr-inner ' ><span class='hr-inner-style'><\/span><\/span><\/div><\/p>\n<div  class='av-social-sharing-box  avia-builder-el-7  el_after_av_hr  el_before_av_hr  '><div class='av-share-box'><h5 class='av-share-link-description av-no-toc '>Compartir esta noticia<\/h5><ul class='av-share-box-list noLightbox'><li class='av-share-link av-social-link-facebook' ><a target=\"_blank\" aria-label=\"Compartir en Facebook\" href='https:\/\/www.facebook.com\/sharer.php?u=https:\/\/radiorevelacionfm.cl\/?p=6994&#038;t=Explora%20Ays%C3%A9n%20abre%20inscripciones%20para%20taller%20sobre%20aves%20dirigido%20a%20docentes%20de%20educaci%C3%B3n%20b%C3%A1sica' aria-hidden='false' data-av_icon='\ue8f3' data-av_iconfont='entypo-fontello' title='' data-avia-related-tooltip='Compartir en Facebook' rel=\"noopener\"><span class='avia_hidden_link_text'>Compartir en Facebook<\/span><\/a><\/li><li class='av-share-link av-social-link-twitter' ><a target=\"_blank\" aria-label=\"Compartir en Twitter\" href='https:\/\/twitter.com\/share?text=Explora%20Ays%C3%A9n%20abre%20inscripciones%20para%20taller%20sobre%20aves%20dirigido%20a%20docentes%20de%20educaci%C3%B3n%20b%C3%A1sica&#038;url=https:\/\/radiorevelacionfm.cl\/?p=6994' aria-hidden='false' data-av_icon='\ue8f1' data-av_iconfont='entypo-fontello' title='' data-avia-related-tooltip='Compartir en Twitter' rel=\"noopener\"><span class='avia_hidden_link_text'>Compartir en Twitter<\/span><\/a><\/li><li class='av-share-link av-social-link-whatsapp' ><a target=\"_blank\" aria-label=\"Compartir en Whatsapp\" href='https:\/\/api.whatsapp.com\/send?text=https:\/\/radiorevelacionfm.cl\/?p=6994' aria-hidden='false' data-av_icon='\uf232' data-av_iconfont='entypo-fontello' title='' data-avia-related-tooltip='Compartir en Whatsapp' rel=\"noopener\"><span class='avia_hidden_link_text'>Compartir en Whatsapp<\/span><\/a><\/li><li class='av-share-link av-social-link-linkedin' ><a target=\"_blank\" aria-label=\"Compartir en LinkedIn\" href='https:\/\/linkedin.com\/shareArticle?mini=true&#038;title=Explora%20Ays%C3%A9n%20abre%20inscripciones%20para%20taller%20sobre%20aves%20dirigido%20a%20docentes%20de%20educaci%C3%B3n%20b%C3%A1sica&#038;url=https:\/\/radiorevelacionfm.cl\/?p=6994' aria-hidden='false' data-av_icon='\ue8fc' data-av_iconfont='entypo-fontello' title='' data-avia-related-tooltip='Compartir en LinkedIn' rel=\"noopener\"><span class='avia_hidden_link_text'>Compartir en LinkedIn<\/span><\/a><\/li><li class='av-share-link av-social-link-mail' ><a  aria-label=\"Compartir por correo\" href='mailto:?subject=Explora%20Ays%C3%A9n%20abre%20inscripciones%20para%20taller%20sobre%20aves%20dirigido%20a%20docentes%20de%20educaci%C3%B3n%20b%C3%A1sica&#038;body=https:\/\/radiorevelacionfm.cl\/?p=6994' aria-hidden='false' data-av_icon='\ue805' data-av_iconfont='entypo-fontello' title='' data-avia-related-tooltip='Compartir por correo'><span class='avia_hidden_link_text'>Compartir por correo<\/span><\/a><\/li><\/ul><\/div><\/div>\n<div  style='height:50px' class='hr hr-invisible   avia-builder-el-8  el_after_av_social_share  el_before_av_comments_list '><span class='hr-inner ' ><span class='hr-inner-style'><\/span><\/span><\/div>\n<div  class='av-buildercomment  av-blog-meta-html-info-disabled av-blog-meta-tag-disabled  '><\/div>\n","protected":false},"excerpt":{"rendered":"","protected":false},"author":1,"featured_media":6995,"comment_status":"open","ping_status":"open","sticky":false,"template":"","format":"standard","meta":{"footnotes":""},"categories":[49],"tags":[],"class_list":["post-6994","post","type-post","status-publish","format-standard","has-post-thumbnail","hentry","category-educacion"],"jetpack_featured_media_url":"https:\/\/radiorevelacionfm.cl\/wp-content\/uploads\/2021\/08\/bannerweb-taller-aves-1-1.png","_links":{"self":[{"href":"https:\/\/radiorevelacionfm.cl\/index.php?rest_route=\/wp\/v2\/posts\/6994","targetHints":{"allow":["GET"]}}],"collection":[{"href":"https:\/\/radiorevelacionfm.cl\/index.php?rest_route=\/wp\/v2\/posts"}],"about":[{"href":"https:\/\/radiorevelacionfm.cl\/index.php?rest_route=\/wp\/v2\/types\/post"}],"author":[{"embeddable":true,"href":"https:\/\/radiorevelacionfm.cl\/index.php?rest_route=\/wp\/v2\/users\/1"}],"replies":[{"embeddable":true,"href":"https:\/\/radiorevelacionfm.cl\/index.php?rest_route=%2Fwp%2Fv2%2Fcomments&post=6994"}],"version-history":[{"count":1,"href":"https:\/\/radiorevelacionfm.cl\/index.php?rest_route=\/wp\/v2\/posts\/6994\/revisions"}],"predecessor-version":[{"id":6996,"href":"https:\/\/radiorevelacionfm.cl\/index.php?rest_route=\/wp\/v2\/posts\/6994\/revisions\/6996"}],"wp:featuredmedia":[{"embeddable":true,"href":"https:\/\/radiorevelacionfm.cl\/index.php?rest_route=\/wp\/v2\/media\/6995"}],"wp:attachment":[{"href":"https:\/\/radiorevelacionfm.cl\/index.php?rest_route=%2Fwp%2Fv2%2Fmedia&parent=6994"}],"wp:term":[{"taxonomy":"category","embeddable":true,"href":"https:\/\/radiorevelacionfm.cl\/index.php?rest_route=%2Fwp%2Fv2%2Fcategories&post=6994"},{"taxonomy":"post_tag","embeddable":true,"href":"https:\/\/radiorevelacionfm.cl\/index.php?rest_route=%2Fwp%2Fv2%2Ftags&post=6994"}],"curies":[{"name":"wp","href":"https:\/\/api.w.org\/{rel}","templated":true}]}}