{"id":6990,"date":"2021-08-03T18:43:12","date_gmt":"2021-08-03T21:43:12","guid":{"rendered":"https:\/\/radiorevelacionfm.cl\/?p=6990"},"modified":"2021-08-03T18:48:49","modified_gmt":"2021-08-03T21:48:49","slug":"andrea-macias-cuestiono-plan-fronteras-protegidas-ante-perjuicios-para-habitantes-de-aysen","status":"publish","type":"post","link":"https:\/\/radiorevelacionfm.cl\/?p=6990","title":{"rendered":"Andrea Mac\u00edas cuestion\u00f3 Plan Fronteras Protegidas ante perjuicios para habitantes de Ays\u00e9n"},"content":{"rendered":"<div class=\"flex_column av_one_full  flex_column_div av-zero-column-padding first  avia-builder-el-0  el_before_av_one_full  avia-builder-el-first  \" style='border-radius:0px; '><div  class='avia-image-container  av-styling-    avia-builder-el-1  avia-builder-el-no-sibling  avia-align-center '  itemprop=\"image\" itemscope=\"itemscope\" itemtype=\"https:\/\/schema.org\/ImageObject\"  ><div class='avia-image-container-inner'><div class='avia-image-overlay-wrap'><img decoding=\"async\" class='wp-image-6991 avia-img-lazy-loading-not-6991 avia_image' src=\"https:\/\/radiorevelacionfm.cl\/wp-content\/uploads\/2021\/08\/Gobernadora-2021-07-30i-1-1.jpg\" alt='' title='Gobernadora 2021-07-30i (1) (1)' height=\"600\" width=\"965\"  itemprop=\"thumbnailUrl\" srcset=\"https:\/\/radiorevelacionfm.cl\/wp-content\/uploads\/2021\/08\/Gobernadora-2021-07-30i-1-1.jpg 965w, https:\/\/radiorevelacionfm.cl\/wp-content\/uploads\/2021\/08\/Gobernadora-2021-07-30i-1-1-300x187.jpg 300w, https:\/\/radiorevelacionfm.cl\/wp-content\/uploads\/2021\/08\/Gobernadora-2021-07-30i-1-1-768x478.jpg 768w, https:\/\/radiorevelacionfm.cl\/wp-content\/uploads\/2021\/08\/Gobernadora-2021-07-30i-1-1-705x438.jpg 705w, https:\/\/radiorevelacionfm.cl\/wp-content\/uploads\/2021\/08\/Gobernadora-2021-07-30i-1-1-600x373.jpg 600w\" sizes=\"(max-width: 965px) 100vw, 965px\" \/><\/div><\/div><\/div><\/div><div class=\"flex_column av_one_full  flex_column_div av-zero-column-padding first  avia-builder-el-2  el_after_av_one_full  el_before_av_one_full  column-top-margin\" style='border-radius:0px; '><section class=\"av_textblock_section \"  itemscope=\"itemscope\" itemtype=\"https:\/\/schema.org\/BlogPosting\" itemprop=\"blogPost\" ><div class='avia_textblock  '   itemprop=\"text\" ><p style=\"text-align: center;\"><strong><span style=\"font-size: 18pt;\">Andrea Mac\u00edas cuestion\u00f3 Plan Fronteras Protegidas ante perjuicios para habitantes de Ays\u00e9n<\/span><\/strong><\/p>\n<div id=\"gtx-trans\" style=\"position: absolute; left: -50px; top: 4.31534px;\">\n<div class=\"gtx-trans-icon\"><\/div>\n<\/div>\n<\/div><\/section><\/div><div class=\"flex_column av_one_full  flex_column_div av-zero-column-padding first  avia-builder-el-4  el_after_av_one_full  el_before_av_hr  column-top-margin\" style='border-radius:0px; '><section class=\"av_textblock_section \"  itemscope=\"itemscope\" itemtype=\"https:\/\/schema.org\/BlogPosting\" itemprop=\"blogPost\" ><div class='avia_textblock  '   itemprop=\"text\" ><p class=\"v1MsoNormal\" style=\"text-align: justify;\">Como una iniciativa centralista que desconoce la realidad de habitantes de los territorios extremos, calific\u00f3 la Gobernadora Regional de Ays\u00e9n, Andrea Mac\u00edas Palma, el Plan Fronteras Protegidas, impulsado por el Gobierno a trav\u00e9s del Ministerio de Salud.<\/p>\n<p class=\"v1MsoNormal\" style=\"text-align: justify;\">La normativa establece que cuando los viajeros regresen al pa\u00eds deber\u00e1n llegar al domicilio declarado en transporte privado en un m\u00e1ximo de 5 horas y de forma directa, para iniciar enseguida\u00a0una cuarentena obligatoria de 10 d\u00edas.<\/p>\n<p class=\"v1MsoNormal\" style=\"text-align: justify;\">\u00abEsta es una medida absolutamente centralista, que no piensa en cada uno de los territorios de nuestro pa\u00eds pero, particularmente, de las regiones extremas. Hemos tomado conocimiento de personas que son de la regi\u00f3n y que se han visto imposibilitadas de poder regresar, debido a que han sido obligados a permanecer durante diez d\u00edas en cuarentena en hoteles de tr\u00e1nsito, que deben cancelar ellos mismos, dado que este plan considera solo cinco horas de autorizaci\u00f3n para trasladarse desde el aeropuerto al lugar de residencia\u00bb, detall\u00f3 la Gobernadora de Ays\u00e9n.<\/p>\n<p class=\"v1MsoNormal\" style=\"text-align: justify;\">La autoridad aclar\u00f3 que nadie cuestiona la cuarentena, sino el acotado tiempo de traslado hacia el domicilio.<\/p>\n<p class=\"v1MsoNormal\" style=\"text-align: justify;\">\u00abAqu\u00ed nadie se opone a la necesidad de hacer una cuarentena, sino que, efectivamente, no por vivir en un lugar apartado, como la Regi\u00f3n de Ays\u00e9n, no puedan llevar adelante esta medida sanitaria en su casa. Medidas como esta nos siguen mostrando c\u00f3mo el centralismo se apodera en la decisi\u00f3n pol\u00edtica, en la toma de decisiones que afectan a las personas. No podemos ser tratados de manera diferente por vivir en un territorio aislado y el Estado debe comprenderlo\u00bb, puntualiz\u00f3.<\/p>\n<p class=\"v1MsoNormal\" style=\"text-align: justify;\">Entre las acciones que se est\u00e1n desarrollando para exponer la realidad regional a la autoridad sanitaria, se consideran gestiones con el Ministro de Salud, Enrique Paris, a fin de que eval\u00fae la situaci\u00f3n de residentes de Ays\u00e9n aquejados por la medida.<\/p>\n<\/div><\/section><\/div><div  style='height:50px' class='hr hr-invisible   avia-builder-el-6  el_after_av_one_full  el_before_av_social_share '><span class='hr-inner ' ><span class='hr-inner-style'><\/span><\/span><\/div><\/p>\n<div  class='av-social-sharing-box  avia-builder-el-7  el_after_av_hr  el_before_av_hr  '><div class='av-share-box'><h5 class='av-share-link-description av-no-toc '>Compartir esta noticia<\/h5><ul class='av-share-box-list noLightbox'><li class='av-share-link av-social-link-facebook' ><a target=\"_blank\" aria-label=\"Compartir en Facebook\" href='https:\/\/www.facebook.com\/sharer.php?u=https:\/\/radiorevelacionfm.cl\/?p=6990&#038;t=Andrea%20Mac%C3%ADas%20cuestion%C3%B3%20Plan%20Fronteras%20Protegidas%20ante%20perjuicios%20para%20habitantes%20de%20Ays%C3%A9n' aria-hidden='false' data-av_icon='\ue8f3' data-av_iconfont='entypo-fontello' title='' data-avia-related-tooltip='Compartir en Facebook' rel=\"noopener\"><span class='avia_hidden_link_text'>Compartir en Facebook<\/span><\/a><\/li><li class='av-share-link av-social-link-twitter' ><a target=\"_blank\" aria-label=\"Compartir en Twitter\" href='https:\/\/twitter.com\/share?text=Andrea%20Mac%C3%ADas%20cuestion%C3%B3%20Plan%20Fronteras%20Protegidas%20ante%20perjuicios%20para%20habitantes%20de%20Ays%C3%A9n&#038;url=https:\/\/radiorevelacionfm.cl\/?p=6990' aria-hidden='false' data-av_icon='\ue8f1' data-av_iconfont='entypo-fontello' title='' data-avia-related-tooltip='Compartir en Twitter' rel=\"noopener\"><span class='avia_hidden_link_text'>Compartir en Twitter<\/span><\/a><\/li><li class='av-share-link av-social-link-whatsapp' ><a target=\"_blank\" aria-label=\"Compartir en Whatsapp\" href='https:\/\/api.whatsapp.com\/send?text=https:\/\/radiorevelacionfm.cl\/?p=6990' aria-hidden='false' data-av_icon='\uf232' data-av_iconfont='entypo-fontello' title='' data-avia-related-tooltip='Compartir en Whatsapp' rel=\"noopener\"><span class='avia_hidden_link_text'>Compartir en Whatsapp<\/span><\/a><\/li><li class='av-share-link av-social-link-linkedin' ><a target=\"_blank\" aria-label=\"Compartir en LinkedIn\" href='https:\/\/linkedin.com\/shareArticle?mini=true&#038;title=Andrea%20Mac%C3%ADas%20cuestion%C3%B3%20Plan%20Fronteras%20Protegidas%20ante%20perjuicios%20para%20habitantes%20de%20Ays%C3%A9n&#038;url=https:\/\/radiorevelacionfm.cl\/?p=6990' aria-hidden='false' data-av_icon='\ue8fc' data-av_iconfont='entypo-fontello' title='' data-avia-related-tooltip='Compartir en LinkedIn' rel=\"noopener\"><span class='avia_hidden_link_text'>Compartir en LinkedIn<\/span><\/a><\/li><li class='av-share-link av-social-link-mail' ><a  aria-label=\"Compartir por correo\" href='mailto:?subject=Andrea%20Mac%C3%ADas%20cuestion%C3%B3%20Plan%20Fronteras%20Protegidas%20ante%20perjuicios%20para%20habitantes%20de%20Ays%C3%A9n&#038;body=https:\/\/radiorevelacionfm.cl\/?p=6990' aria-hidden='false' data-av_icon='\ue805' data-av_iconfont='entypo-fontello' title='' data-avia-related-tooltip='Compartir por correo'><span class='avia_hidden_link_text'>Compartir por correo<\/span><\/a><\/li><\/ul><\/div><\/div>\n<div  style='height:50px' class='hr hr-invisible   avia-builder-el-8  el_after_av_social_share  el_before_av_comments_list '><span class='hr-inner ' ><span class='hr-inner-style'><\/span><\/span><\/div>\n<div  class='av-buildercomment  av-blog-meta-html-info-disabled av-blog-meta-tag-disabled  '><\/div>\n","protected":false},"excerpt":{"rendered":"","protected":false},"author":1,"featured_media":6993,"comment_status":"open","ping_status":"open","sticky":false,"template":"","format":"standard","meta":{"footnotes":""},"categories":[38],"tags":[],"class_list":["post-6990","post","type-post","status-publish","format-standard","has-post-thumbnail","hentry","category-regional"],"jetpack_featured_media_url":"https:\/\/radiorevelacionfm.cl\/wp-content\/uploads\/2021\/08\/Gobernadora-2021-07-30i-2-1.jpg","_links":{"self":[{"href":"https:\/\/radiorevelacionfm.cl\/index.php?rest_route=\/wp\/v2\/posts\/6990","targetHints":{"allow":["GET"]}}],"collection":[{"href":"https:\/\/radiorevelacionfm.cl\/index.php?rest_route=\/wp\/v2\/posts"}],"about":[{"href":"https:\/\/radiorevelacionfm.cl\/index.php?rest_route=\/wp\/v2\/types\/post"}],"author":[{"embeddable":true,"href":"https:\/\/radiorevelacionfm.cl\/index.php?rest_route=\/wp\/v2\/users\/1"}],"replies":[{"embeddable":true,"href":"https:\/\/radiorevelacionfm.cl\/index.php?rest_route=%2Fwp%2Fv2%2Fcomments&post=6990"}],"version-history":[{"count":1,"href":"https:\/\/radiorevelacionfm.cl\/index.php?rest_route=\/wp\/v2\/posts\/6990\/revisions"}],"predecessor-version":[{"id":6992,"href":"https:\/\/radiorevelacionfm.cl\/index.php?rest_route=\/wp\/v2\/posts\/6990\/revisions\/6992"}],"wp:featuredmedia":[{"embeddable":true,"href":"https:\/\/radiorevelacionfm.cl\/index.php?rest_route=\/wp\/v2\/media\/6993"}],"wp:attachment":[{"href":"https:\/\/radiorevelacionfm.cl\/index.php?rest_route=%2Fwp%2Fv2%2Fmedia&parent=6990"}],"wp:term":[{"taxonomy":"category","embeddable":true,"href":"https:\/\/radiorevelacionfm.cl\/index.php?rest_route=%2Fwp%2Fv2%2Fcategories&post=6990"},{"taxonomy":"post_tag","embeddable":true,"href":"https:\/\/radiorevelacionfm.cl\/index.php?rest_route=%2Fwp%2Fv2%2Ftags&post=6990"}],"curies":[{"name":"wp","href":"https:\/\/api.w.org\/{rel}","templated":true}]}}