{"id":6987,"date":"2021-08-03T18:17:38","date_gmt":"2021-08-03T21:17:38","guid":{"rendered":"https:\/\/radiorevelacionfm.cl\/?p=6987"},"modified":"2021-08-03T18:17:38","modified_gmt":"2021-08-03T21:17:38","slug":"calisto-por-problemas-en-barcazas-en-chile-chico-es-fundamental-que-el-gobierno-asegure-que-esto-no-se-va-a-volver-a-repetir","status":"publish","type":"post","link":"https:\/\/radiorevelacionfm.cl\/?p=6987","title":{"rendered":"Calisto por problemas en barcazas en Chile Chico: \u201cEs fundamental que el Gobierno asegure que esto no se va a volver a repetir\u201d"},"content":{"rendered":"<div class=\"flex_column av_one_full  flex_column_div av-zero-column-padding first  avia-builder-el-0  el_before_av_one_full  avia-builder-el-first  \" style='border-radius:0px; '><div  class='avia-image-container  av-styling-    avia-builder-el-1  avia-builder-el-no-sibling  avia-align-center '  itemprop=\"image\" itemscope=\"itemscope\" itemtype=\"https:\/\/schema.org\/ImageObject\"  ><div class='avia-image-container-inner'><div class='avia-image-overlay-wrap'><img decoding=\"async\" class='wp-image-6988 avia-img-lazy-loading-not-6988 avia_image' src=\"https:\/\/radiorevelacionfm.cl\/wp-content\/uploads\/2021\/08\/Barcaza-Chch-1.jpg\" alt='' title='Barcaza Chch (1)' height=\"600\" width=\"751\"  itemprop=\"thumbnailUrl\" srcset=\"https:\/\/radiorevelacionfm.cl\/wp-content\/uploads\/2021\/08\/Barcaza-Chch-1.jpg 751w, https:\/\/radiorevelacionfm.cl\/wp-content\/uploads\/2021\/08\/Barcaza-Chch-1-300x240.jpg 300w, https:\/\/radiorevelacionfm.cl\/wp-content\/uploads\/2021\/08\/Barcaza-Chch-1-705x563.jpg 705w, https:\/\/radiorevelacionfm.cl\/wp-content\/uploads\/2021\/08\/Barcaza-Chch-1-600x479.jpg 600w\" sizes=\"(max-width: 751px) 100vw, 751px\" \/><\/div><\/div><\/div><\/div><div class=\"flex_column av_one_full  flex_column_div av-zero-column-padding first  avia-builder-el-2  el_after_av_one_full  el_before_av_one_full  column-top-margin\" style='border-radius:0px; '><section class=\"av_textblock_section \"  itemscope=\"itemscope\" itemtype=\"https:\/\/schema.org\/BlogPosting\" itemprop=\"blogPost\" ><div class='avia_textblock  '   itemprop=\"text\" ><p style=\"text-align: center;\"><strong><span style=\"font-size: 18pt;\">Calisto por problemas en barcazas en Chile Chico: \u201cEs fundamental que el Gobierno asegure que esto no se va a volver a repetir\u201d<\/span><\/strong><\/p>\n<div id=\"gtx-trans\" style=\"position: absolute; left: -50px; top: 4.31534px;\">\n<div class=\"gtx-trans-icon\"><\/div>\n<\/div>\n<\/div><\/section><\/div><div class=\"flex_column av_one_full  flex_column_div av-zero-column-padding first  avia-builder-el-4  el_after_av_one_full  el_before_av_hr  column-top-margin\" style='border-radius:0px; '><section class=\"av_textblock_section \"  itemscope=\"itemscope\" itemtype=\"https:\/\/schema.org\/BlogPosting\" itemprop=\"blogPost\" ><div class='avia_textblock  '   itemprop=\"text\" ><p style=\"font-weight: 400; text-align: justify;\">Luego que la barcaza Pilchero presentara una falla el\u00e9ctrica y quedara fuera de servicio al igual que la barcaza Tehuelche, dejando a la localidad de Chile Chico sin conectividad lacustre, el diputado Miguel \u00c1ngel Calisto y el concejal de la comuna, Ariel Keim, hicieron un llamado a implementar un plan de contingencia integral que no dependa de la empresa Somarco, sino que sea el Estado el que asegure la conectividad, adem\u00e1s de plantear la opci\u00f3n de adquirir una nueva barcaza.<\/p>\n<p style=\"font-weight: 400; text-align: justify;\">Seg\u00fan el diputado Calisto, \u201cla situaci\u00f3n vivida este lunes en la barcaza Pilchero es muy preocupante, principalmente por un tema de seguridad, porque si esta falla el\u00e9ctrica hubiese sucedido en medio del lago, quiz\u00e1s estar\u00edamos contando otra historia mucho m\u00e1s lamentable. Es fundamental que el Gobierno asegure que esto no se va a volver a repetir\u201d.<\/p>\n<p style=\"font-weight: 400; text-align: justify;\">\u201cUrge tener un plan de contingencia m\u00e1s elaborado que asegure la conectividad cuando sucedan este tipo de situaciones en que las dos barcazas est\u00e1n fuera de servicio. A\u00fan no hay claridad sobre lo que va a pasar con las personas que tienen que ir al m\u00e9dico en Coyhaique por tratamientos o ex\u00e1menes, o las mujeres embarazadas, porque es obvio que ellas no pueden hacer el recorrido de ocho horas en bus por la carretera austral\u201d, indic\u00f3.<\/p>\n<p style=\"font-weight: 400; text-align: justify;\">El legislador asegur\u00f3 que \u201ces momento que el Gobierno deje de improvisar y se establezca un plan de contingencia integral que considere todos los escenarios, y que sea el Estado el que asegure la conectividad, no la empresa que se gan\u00f3 la licitaci\u00f3n. Este plan debiera incluir poner a disposici\u00f3n buses, traslados a\u00e9reos y embarcaciones de la Armada para emergencias. Tambi\u00e9n es momento que pensemos en la opci\u00f3n de una nueva barcaza, con m\u00e1s y mejor tecnolog\u00eda. Todos estos temas se los plantee a la Ministra de Transporte en un oficio que enviamos\u201d.<\/p>\n<p style=\"font-weight: 400; text-align: justify;\">Por su parte, el concejal de la comuna Ariel Kleim, asegur\u00f3 que \u201ceste es un tema serio, que debe tratarse como tal. Esto no s\u00f3lo es conectividad, sino tambi\u00e9n seguridad de nuestros vecinos. Lo m\u00e1s importante, urge poder comprar una nueva barcaza que asegure una conectividad como corresponde, y cada vez que se deba realizar alguna mantenci\u00f3n programada o exista alguna falla, podamos tener una alternativa de conectividad\u201d.<\/p>\n<p style=\"font-weight: 400; text-align: justify;\">El Concejal se\u00f1al\u00f3 que \u201ceste es un trabajo que debemos hacer en conjunto, comunidad, y autoridades para poder sacar adelante esta iniciativa de una nueva embarcaci\u00f3n. Esperamos profundizar m\u00e1s en el tema y estaremos haciendo un seguimiento desde cerca para ver como evoluciona esta situaci\u00f3n\u201d.<\/p>\n<p style=\"font-weight: 400; text-align: justify;\">Finalmente, Nelly Alegr\u00eda, quien es dirigenta de Chile Chico y estaba en la barcaza Pilchero el d\u00eda que fall\u00f3, se\u00f1al\u00f3 que \u201cesto nos afecta totalmente, porque Chile Chico es una localidad muy aislada, este es nuestro medio de transporte, m\u00e1s a\u00fan ahora que est\u00e1 cerrada la frontera, porque se nos complica todo. Muchas personas no tienen veh\u00edculo propio para dar la vuelta al lago, y el bus particular los valores son alt\u00edsimos, porque son ocho horas de viaje. Estamos en total abandono\u201d.<\/p>\n<\/div><\/section><\/div><div  style='height:50px' class='hr hr-invisible   avia-builder-el-6  el_after_av_one_full  el_before_av_social_share '><span class='hr-inner ' ><span class='hr-inner-style'><\/span><\/span><\/div><\/p>\n<div  class='av-social-sharing-box  avia-builder-el-7  el_after_av_hr  el_before_av_hr  '><div class='av-share-box'><h5 class='av-share-link-description av-no-toc '>Compartir esta noticia<\/h5><ul class='av-share-box-list noLightbox'><li class='av-share-link av-social-link-facebook' ><a target=\"_blank\" aria-label=\"Compartir en Facebook\" href='https:\/\/www.facebook.com\/sharer.php?u=https:\/\/radiorevelacionfm.cl\/?p=6987&#038;t=Calisto%20por%20problemas%20en%20barcazas%20en%20Chile%20Chico%3A%20%E2%80%9CEs%20fundamental%20que%20el%20Gobierno%20asegure%20que%20esto%20no%20se%20va%20a%20volver%20a%20repetir%E2%80%9D' aria-hidden='false' data-av_icon='\ue8f3' data-av_iconfont='entypo-fontello' title='' data-avia-related-tooltip='Compartir en Facebook' rel=\"noopener\"><span class='avia_hidden_link_text'>Compartir en Facebook<\/span><\/a><\/li><li class='av-share-link av-social-link-twitter' ><a target=\"_blank\" aria-label=\"Compartir en Twitter\" href='https:\/\/twitter.com\/share?text=Calisto%20por%20problemas%20en%20barcazas%20en%20Chile%20Chico%3A%20%E2%80%9CEs%20fundamental%20que%20el%20Gobierno%20asegure%20que%20esto%20no%20se%20va%20a%20volver%20a%20repetir%E2%80%9D&#038;url=https:\/\/radiorevelacionfm.cl\/?p=6987' aria-hidden='false' data-av_icon='\ue8f1' data-av_iconfont='entypo-fontello' title='' data-avia-related-tooltip='Compartir en Twitter' rel=\"noopener\"><span class='avia_hidden_link_text'>Compartir en Twitter<\/span><\/a><\/li><li class='av-share-link av-social-link-whatsapp' ><a target=\"_blank\" aria-label=\"Compartir en Whatsapp\" href='https:\/\/api.whatsapp.com\/send?text=https:\/\/radiorevelacionfm.cl\/?p=6987' aria-hidden='false' data-av_icon='\uf232' data-av_iconfont='entypo-fontello' title='' data-avia-related-tooltip='Compartir en Whatsapp' rel=\"noopener\"><span class='avia_hidden_link_text'>Compartir en Whatsapp<\/span><\/a><\/li><li class='av-share-link av-social-link-linkedin' ><a target=\"_blank\" aria-label=\"Compartir en LinkedIn\" href='https:\/\/linkedin.com\/shareArticle?mini=true&#038;title=Calisto%20por%20problemas%20en%20barcazas%20en%20Chile%20Chico%3A%20%E2%80%9CEs%20fundamental%20que%20el%20Gobierno%20asegure%20que%20esto%20no%20se%20va%20a%20volver%20a%20repetir%E2%80%9D&#038;url=https:\/\/radiorevelacionfm.cl\/?p=6987' aria-hidden='false' data-av_icon='\ue8fc' data-av_iconfont='entypo-fontello' title='' data-avia-related-tooltip='Compartir en LinkedIn' rel=\"noopener\"><span class='avia_hidden_link_text'>Compartir en LinkedIn<\/span><\/a><\/li><li class='av-share-link av-social-link-mail' ><a  aria-label=\"Compartir por correo\" href='mailto:?subject=Calisto%20por%20problemas%20en%20barcazas%20en%20Chile%20Chico%3A%20%E2%80%9CEs%20fundamental%20que%20el%20Gobierno%20asegure%20que%20esto%20no%20se%20va%20a%20volver%20a%20repetir%E2%80%9D&#038;body=https:\/\/radiorevelacionfm.cl\/?p=6987' aria-hidden='false' data-av_icon='\ue805' data-av_iconfont='entypo-fontello' title='' data-avia-related-tooltip='Compartir por correo'><span class='avia_hidden_link_text'>Compartir por correo<\/span><\/a><\/li><\/ul><\/div><\/div>\n<div  style='height:50px' class='hr hr-invisible   avia-builder-el-8  el_after_av_social_share  el_before_av_comments_list '><span class='hr-inner ' ><span class='hr-inner-style'><\/span><\/span><\/div>\n<div  class='av-buildercomment  av-blog-meta-html-info-disabled av-blog-meta-tag-disabled  '><\/div>\n","protected":false},"excerpt":{"rendered":"","protected":false},"author":1,"featured_media":6988,"comment_status":"open","ping_status":"open","sticky":false,"template":"","format":"standard","meta":{"footnotes":""},"categories":[35],"tags":[],"class_list":["post-6987","post","type-post","status-publish","format-standard","has-post-thumbnail","hentry","category-politica"],"jetpack_featured_media_url":"https:\/\/radiorevelacionfm.cl\/wp-content\/uploads\/2021\/08\/Barcaza-Chch-1.jpg","_links":{"self":[{"href":"https:\/\/radiorevelacionfm.cl\/index.php?rest_route=\/wp\/v2\/posts\/6987","targetHints":{"allow":["GET"]}}],"collection":[{"href":"https:\/\/radiorevelacionfm.cl\/index.php?rest_route=\/wp\/v2\/posts"}],"about":[{"href":"https:\/\/radiorevelacionfm.cl\/index.php?rest_route=\/wp\/v2\/types\/post"}],"author":[{"embeddable":true,"href":"https:\/\/radiorevelacionfm.cl\/index.php?rest_route=\/wp\/v2\/users\/1"}],"replies":[{"embeddable":true,"href":"https:\/\/radiorevelacionfm.cl\/index.php?rest_route=%2Fwp%2Fv2%2Fcomments&post=6987"}],"version-history":[{"count":1,"href":"https:\/\/radiorevelacionfm.cl\/index.php?rest_route=\/wp\/v2\/posts\/6987\/revisions"}],"predecessor-version":[{"id":6989,"href":"https:\/\/radiorevelacionfm.cl\/index.php?rest_route=\/wp\/v2\/posts\/6987\/revisions\/6989"}],"wp:featuredmedia":[{"embeddable":true,"href":"https:\/\/radiorevelacionfm.cl\/index.php?rest_route=\/wp\/v2\/media\/6988"}],"wp:attachment":[{"href":"https:\/\/radiorevelacionfm.cl\/index.php?rest_route=%2Fwp%2Fv2%2Fmedia&parent=6987"}],"wp:term":[{"taxonomy":"category","embeddable":true,"href":"https:\/\/radiorevelacionfm.cl\/index.php?rest_route=%2Fwp%2Fv2%2Fcategories&post=6987"},{"taxonomy":"post_tag","embeddable":true,"href":"https:\/\/radiorevelacionfm.cl\/index.php?rest_route=%2Fwp%2Fv2%2Ftags&post=6987"}],"curies":[{"name":"wp","href":"https:\/\/api.w.org\/{rel}","templated":true}]}}