{"id":6984,"date":"2021-08-03T15:28:18","date_gmt":"2021-08-03T18:28:18","guid":{"rendered":"https:\/\/radiorevelacionfm.cl\/?p=6984"},"modified":"2021-08-03T15:28:18","modified_gmt":"2021-08-03T18:28:18","slug":"avanza-construccion-de-colectores-de-aguas-lluvias-en-puerto-aysen","status":"publish","type":"post","link":"https:\/\/radiorevelacionfm.cl\/?p=6984","title":{"rendered":"Avanza construcci\u00f3n de colectores de aguas lluvias en Puerto Ays\u00e9n"},"content":{"rendered":"<div class=\"flex_column av_one_full  flex_column_div av-zero-column-padding first  avia-builder-el-0  el_before_av_one_full  avia-builder-el-first  \" style='border-radius:0px; '><div  class='avia-image-container  av-styling-    avia-builder-el-1  avia-builder-el-no-sibling  avia-align-center '  itemprop=\"image\" itemscope=\"itemscope\" itemtype=\"https:\/\/schema.org\/ImageObject\"  ><div class='avia-image-container-inner'><div class='avia-image-overlay-wrap'><img decoding=\"async\" class='wp-image-6985 avia-img-lazy-loading-not-6985 avia_image' src=\"https:\/\/radiorevelacionfm.cl\/wp-content\/uploads\/2021\/08\/img_colectores-2-1_optimized.jpg\" alt='' title='img_colectores-(2)-(1)_optimized' height=\"600\" width=\"840\"  itemprop=\"thumbnailUrl\" srcset=\"https:\/\/radiorevelacionfm.cl\/wp-content\/uploads\/2021\/08\/img_colectores-2-1_optimized.jpg 840w, https:\/\/radiorevelacionfm.cl\/wp-content\/uploads\/2021\/08\/img_colectores-2-1_optimized-300x214.jpg 300w, https:\/\/radiorevelacionfm.cl\/wp-content\/uploads\/2021\/08\/img_colectores-2-1_optimized-768x549.jpg 768w, https:\/\/radiorevelacionfm.cl\/wp-content\/uploads\/2021\/08\/img_colectores-2-1_optimized-260x185.jpg 260w, https:\/\/radiorevelacionfm.cl\/wp-content\/uploads\/2021\/08\/img_colectores-2-1_optimized-705x504.jpg 705w, https:\/\/radiorevelacionfm.cl\/wp-content\/uploads\/2021\/08\/img_colectores-2-1_optimized-600x429.jpg 600w\" sizes=\"(max-width: 840px) 100vw, 840px\" \/><\/div><\/div><\/div><\/div><div class=\"flex_column av_one_full  flex_column_div av-zero-column-padding first  avia-builder-el-2  el_after_av_one_full  el_before_av_one_full  column-top-margin\" style='border-radius:0px; '><section class=\"av_textblock_section \"  itemscope=\"itemscope\" itemtype=\"https:\/\/schema.org\/BlogPosting\" itemprop=\"blogPost\" ><div class='avia_textblock  '   itemprop=\"text\" ><p style=\"text-align: center;\"><strong><span style=\"font-size: 18pt;\">Avanza construcci\u00f3n de colectores de aguas lluvias en Puerto Ays\u00e9n<\/span><\/strong><\/p>\n<div id=\"gtx-trans\" style=\"position: absolute; left: -50px; top: 4.31534px;\">\n<div class=\"gtx-trans-icon\"><\/div>\n<\/div>\n<\/div><\/section><\/div><div class=\"flex_column av_one_full  flex_column_div av-zero-column-padding first  avia-builder-el-4  el_after_av_one_full  el_before_av_hr  column-top-margin\" style='border-radius:0px; '><section class=\"av_textblock_section \"  itemscope=\"itemscope\" itemtype=\"https:\/\/schema.org\/BlogPosting\" itemprop=\"blogPost\" ><div class='avia_textblock  '   itemprop=\"text\" ><p style=\"text-align: justify;\">El Secretario Regional Ministerial de Obras P\u00fablicas N\u00e9stor Mera Mu\u00f1oz, inform\u00f3 que fue adjudicada esta semana la construcci\u00f3n del colector de aguas lluvias Gustavo Rubio, el que se sumar\u00e1 a los importantes avances que a la fecha presenta la construcci\u00f3n de cinco colectores de aguas lluvias en la ciudad de Puerto Ays\u00e9n a los que pr\u00f3ximamente se agregar\u00e1 \u00a0el colector Jorge Ibar que actualmente se encuentra en proceso de adjudicaci\u00f3n, totalizando 7 nuevos colectores de aguas lluvias que se construir\u00e1n en Puerto Ays\u00e9n con una inversi\u00f3n cercana a los $3.400 millones y que generar\u00e1n 60 empleos en forma directa.<\/p>\n<p style=\"text-align: justify;\">\u201cEn un escenario de permanente cambio clim\u00e1tico, la lluvia y c\u00f3mo \u00e9sta afecta a nuestros vecinos y ciudades se convierte en un factor preponderante a la hora de ir a trabajar, llegar a sus hogares o simplemente circular por las calles de una ciudad, por eso construir infraestructura de este tipo cobra sentido, porque tiene como finalidad\u00a0 apoyar a la comunidad en su quehacer diario\u00a0 con obras como estas, las que \u00a0forman parte del Estudio de Dise\u00f1o de colectores de la Red Primaria de Aguas Lluvias de esta ciudad que realiz\u00f3 nuestra Direcci\u00f3n Regional de Obras Hidr\u00e1ulicas de acuerdo con los lineamientos definidos en el Plan Maestro de Aguas Lluvias, y\u00a0 que entrega una soluci\u00f3n efectiva a las inundaciones que se producen en las calles y veredas en esta ciudad, reduciendo con ello posibles anegamientos y mitiga eventuales da\u00f1os a la infraestructura p\u00fablica y privada de los vecinos, quienes por muchos a\u00f1os han tenido que convivir con el escurrimiento indiscriminado de las aguas. As\u00ed que estas obras ser\u00e1n de gran impacto social y econ\u00f3mico porque junto con mejorar las condiciones de vida de los vecinos, tambi\u00e9n traer\u00e1n empleo, el que alcanzar\u00e1 conjuntamente una mano de obra ocupada de aproximadamente 60 personas promedio mensual este a\u00f1o y gran parte del a\u00f1o 2022<strong>, <\/strong>todo en el marco del plan Paso a Paso Chile se Recupera y entregar empleos a la comunidad para mitigar los efectos de la pandemia, como lo ha pedido nuestro presidente Sebasti\u00e1n Pi\u00f1era\u201d, afirm\u00f3 el SEREMI del MOP.<\/p>\n<p style=\"text-align: justify;\">Por su parte, el Director Regional de Obras Hidr\u00e1ulicas del MOP, Cristian Aguilar Cay\u00fan detall\u00f3 algunos aspectos de los colectores de Aguas Lluvias que se est\u00e1n abordando, su inversi\u00f3n y plazos de ejecuci\u00f3n, indicando que \u201cla construcci\u00f3n de Colectores de Aguas Lluvias en la ciudad de Puerto Ays\u00e9n considera construir el colector O\u2019Higgins el que tendr\u00e1 una inversi\u00f3n de $302 millones, se encuentra comenzando su ejecuci\u00f3n y 180 d\u00edas plazo para su materializaci\u00f3n; la construcci\u00f3n del colector Teniente Merino que acaba de comenzar su ejecuci\u00f3n, cuenta con una inversi\u00f3n de $401 millones y 180 d\u00edas de plazo para terminar las obras; el mejoramiento del canal Turbio 2 Etapa I el que considera $ 929 millones de inversi\u00f3n, presenta un 20% de avance \u00a0y tiene un plazo 300 d\u00edas para su concreci\u00f3n; la construcci\u00f3n del colector Eusebio Ibar-Los C\u00f3ndores el que cuenta con $389 millones de inversi\u00f3n, 29% de avance y un plazo de 180 d\u00edas para finalizar los trabajos; la construcci\u00f3n del colector kalstr\u00f6mm con una inversi\u00f3n de $918 millones, tiene 35% avance y 300 d\u00edas de plazo para su ejecuci\u00f3n; la construcci\u00f3n del colector Gustavo Rubio el que acaba de ser adjudicado, que tiene una inversi\u00f3n de $310 millones y un plazo de ejecuci\u00f3n de 150 d\u00edas; y por \u00faltimo, la construcci\u00f3n del colector de aguas lluvias Jorge Ibar que actualmente se encuentra en proceso de adjudicaci\u00f3n para dar inicio a los trabajos. Todas estas obras en forma conjunta totalizan $3.400 millones de inversi\u00f3n provenientes de la Direcci\u00f3n Regional de Obras Hidr\u00e1ulicas del MOP e integran el plan Paso a Paso Chile se Recupera\u201d.<\/p>\n<\/div><\/section><\/div><div  style='height:50px' class='hr hr-invisible   avia-builder-el-6  el_after_av_one_full  el_before_av_social_share '><span class='hr-inner ' ><span class='hr-inner-style'><\/span><\/span><\/div><\/p>\n<div  class='av-social-sharing-box  avia-builder-el-7  el_after_av_hr  el_before_av_hr  '><div class='av-share-box'><h5 class='av-share-link-description av-no-toc '>Compartir esta noticia<\/h5><ul class='av-share-box-list noLightbox'><li class='av-share-link av-social-link-facebook' ><a target=\"_blank\" aria-label=\"Compartir en Facebook\" href='https:\/\/www.facebook.com\/sharer.php?u=https:\/\/radiorevelacionfm.cl\/?p=6984&#038;t=Avanza%20construcci%C3%B3n%20de%20colectores%20de%20aguas%20lluvias%20en%20Puerto%20Ays%C3%A9n' aria-hidden='false' data-av_icon='\ue8f3' data-av_iconfont='entypo-fontello' title='' data-avia-related-tooltip='Compartir en Facebook' rel=\"noopener\"><span class='avia_hidden_link_text'>Compartir en Facebook<\/span><\/a><\/li><li class='av-share-link av-social-link-twitter' ><a target=\"_blank\" aria-label=\"Compartir en Twitter\" href='https:\/\/twitter.com\/share?text=Avanza%20construcci%C3%B3n%20de%20colectores%20de%20aguas%20lluvias%20en%20Puerto%20Ays%C3%A9n&#038;url=https:\/\/radiorevelacionfm.cl\/?p=6984' aria-hidden='false' data-av_icon='\ue8f1' data-av_iconfont='entypo-fontello' title='' data-avia-related-tooltip='Compartir en Twitter' rel=\"noopener\"><span class='avia_hidden_link_text'>Compartir en Twitter<\/span><\/a><\/li><li class='av-share-link av-social-link-whatsapp' ><a target=\"_blank\" aria-label=\"Compartir en Whatsapp\" href='https:\/\/api.whatsapp.com\/send?text=https:\/\/radiorevelacionfm.cl\/?p=6984' aria-hidden='false' data-av_icon='\uf232' data-av_iconfont='entypo-fontello' title='' data-avia-related-tooltip='Compartir en Whatsapp' rel=\"noopener\"><span class='avia_hidden_link_text'>Compartir en Whatsapp<\/span><\/a><\/li><li class='av-share-link av-social-link-linkedin' ><a target=\"_blank\" aria-label=\"Compartir en LinkedIn\" href='https:\/\/linkedin.com\/shareArticle?mini=true&#038;title=Avanza%20construcci%C3%B3n%20de%20colectores%20de%20aguas%20lluvias%20en%20Puerto%20Ays%C3%A9n&#038;url=https:\/\/radiorevelacionfm.cl\/?p=6984' aria-hidden='false' data-av_icon='\ue8fc' data-av_iconfont='entypo-fontello' title='' data-avia-related-tooltip='Compartir en LinkedIn' rel=\"noopener\"><span class='avia_hidden_link_text'>Compartir en LinkedIn<\/span><\/a><\/li><li class='av-share-link av-social-link-mail' ><a  aria-label=\"Compartir por correo\" href='mailto:?subject=Avanza%20construcci%C3%B3n%20de%20colectores%20de%20aguas%20lluvias%20en%20Puerto%20Ays%C3%A9n&#038;body=https:\/\/radiorevelacionfm.cl\/?p=6984' aria-hidden='false' data-av_icon='\ue805' data-av_iconfont='entypo-fontello' title='' data-avia-related-tooltip='Compartir por correo'><span class='avia_hidden_link_text'>Compartir por correo<\/span><\/a><\/li><\/ul><\/div><\/div>\n<div  style='height:50px' class='hr hr-invisible   avia-builder-el-8  el_after_av_social_share  el_before_av_comments_list '><span class='hr-inner ' ><span class='hr-inner-style'><\/span><\/span><\/div>\n<div  class='av-buildercomment  av-blog-meta-html-info-disabled av-blog-meta-tag-disabled  '><\/div>\n","protected":false},"excerpt":{"rendered":"","protected":false},"author":1,"featured_media":6985,"comment_status":"open","ping_status":"open","sticky":false,"template":"","format":"standard","meta":{"footnotes":""},"categories":[38],"tags":[],"class_list":["post-6984","post","type-post","status-publish","format-standard","has-post-thumbnail","hentry","category-regional"],"jetpack_featured_media_url":"https:\/\/radiorevelacionfm.cl\/wp-content\/uploads\/2021\/08\/img_colectores-2-1_optimized.jpg","_links":{"self":[{"href":"https:\/\/radiorevelacionfm.cl\/index.php?rest_route=\/wp\/v2\/posts\/6984","targetHints":{"allow":["GET"]}}],"collection":[{"href":"https:\/\/radiorevelacionfm.cl\/index.php?rest_route=\/wp\/v2\/posts"}],"about":[{"href":"https:\/\/radiorevelacionfm.cl\/index.php?rest_route=\/wp\/v2\/types\/post"}],"author":[{"embeddable":true,"href":"https:\/\/radiorevelacionfm.cl\/index.php?rest_route=\/wp\/v2\/users\/1"}],"replies":[{"embeddable":true,"href":"https:\/\/radiorevelacionfm.cl\/index.php?rest_route=%2Fwp%2Fv2%2Fcomments&post=6984"}],"version-history":[{"count":1,"href":"https:\/\/radiorevelacionfm.cl\/index.php?rest_route=\/wp\/v2\/posts\/6984\/revisions"}],"predecessor-version":[{"id":6986,"href":"https:\/\/radiorevelacionfm.cl\/index.php?rest_route=\/wp\/v2\/posts\/6984\/revisions\/6986"}],"wp:featuredmedia":[{"embeddable":true,"href":"https:\/\/radiorevelacionfm.cl\/index.php?rest_route=\/wp\/v2\/media\/6985"}],"wp:attachment":[{"href":"https:\/\/radiorevelacionfm.cl\/index.php?rest_route=%2Fwp%2Fv2%2Fmedia&parent=6984"}],"wp:term":[{"taxonomy":"category","embeddable":true,"href":"https:\/\/radiorevelacionfm.cl\/index.php?rest_route=%2Fwp%2Fv2%2Fcategories&post=6984"},{"taxonomy":"post_tag","embeddable":true,"href":"https:\/\/radiorevelacionfm.cl\/index.php?rest_route=%2Fwp%2Fv2%2Ftags&post=6984"}],"curies":[{"name":"wp","href":"https:\/\/api.w.org\/{rel}","templated":true}]}}