{"id":6904,"date":"2021-08-01T18:20:13","date_gmt":"2021-08-01T21:20:13","guid":{"rendered":"https:\/\/radiorevelacionfm.cl\/?p=6904"},"modified":"2021-08-01T18:20:13","modified_gmt":"2021-08-01T21:20:13","slug":"participantes-del-programa-mujer-emprende-asisten-a-charla-informativa-del-sernac","status":"publish","type":"post","link":"https:\/\/radiorevelacionfm.cl\/?p=6904","title":{"rendered":"Participantes del Programa Mujer Emprende asisten a charla informativa del Sernac"},"content":{"rendered":"<div class=\"flex_column av_one_full  flex_column_div av-zero-column-padding first  avia-builder-el-0  el_before_av_one_full  avia-builder-el-first  \" style='border-radius:0px; '><div  class='avia-image-container  av-styling-    avia-builder-el-1  avia-builder-el-no-sibling  avia-align-center '  itemprop=\"image\" itemscope=\"itemscope\" itemtype=\"https:\/\/schema.org\/ImageObject\"  ><div class='avia-image-container-inner'><div class='avia-image-overlay-wrap'><img decoding=\"async\" class='wp-image-6905 avia-img-lazy-loading-not-6905 avia_image' src=\"https:\/\/radiorevelacionfm.cl\/wp-content\/uploads\/2021\/08\/charla-Sernac-a-ME-de-SernamEG-1-1.jpg\" alt='' title='charla Sernac a ME de SernamEG (1) (1)' height=\"600\" width=\"1378\"  itemprop=\"thumbnailUrl\" srcset=\"https:\/\/radiorevelacionfm.cl\/wp-content\/uploads\/2021\/08\/charla-Sernac-a-ME-de-SernamEG-1-1.jpg 1378w, https:\/\/radiorevelacionfm.cl\/wp-content\/uploads\/2021\/08\/charla-Sernac-a-ME-de-SernamEG-1-1-300x131.jpg 300w, https:\/\/radiorevelacionfm.cl\/wp-content\/uploads\/2021\/08\/charla-Sernac-a-ME-de-SernamEG-1-1-1030x448.jpg 1030w, https:\/\/radiorevelacionfm.cl\/wp-content\/uploads\/2021\/08\/charla-Sernac-a-ME-de-SernamEG-1-1-768x334.jpg 768w, https:\/\/radiorevelacionfm.cl\/wp-content\/uploads\/2021\/08\/charla-Sernac-a-ME-de-SernamEG-1-1-705x307.jpg 705w, https:\/\/radiorevelacionfm.cl\/wp-content\/uploads\/2021\/08\/charla-Sernac-a-ME-de-SernamEG-1-1-600x261.jpg 600w\" sizes=\"(max-width: 1378px) 100vw, 1378px\" \/><\/div><\/div><\/div><\/div><div class=\"flex_column av_one_full  flex_column_div av-zero-column-padding first  avia-builder-el-2  el_after_av_one_full  el_before_av_one_full  column-top-margin\" style='border-radius:0px; '><section class=\"av_textblock_section \"  itemscope=\"itemscope\" itemtype=\"https:\/\/schema.org\/BlogPosting\" itemprop=\"blogPost\" ><div class='avia_textblock  '   itemprop=\"text\" ><p style=\"text-align: center;\"><strong><span style=\"font-size: 18pt;\">Participantes del Programa Mujer Emprende asisten a charla informativa del Sernac <\/span><\/strong><\/p>\n<div id=\"gtx-trans\" style=\"position: absolute; left: -50px; top: 4.31534px;\">\n<div class=\"gtx-trans-icon\"><\/div>\n<\/div>\n<\/div><\/section><\/div><div class=\"flex_column av_one_full  flex_column_div av-zero-column-padding first  avia-builder-el-4  el_after_av_one_full  el_before_av_hr  column-top-margin\" style='border-radius:0px; '><section class=\"av_textblock_section \"  itemscope=\"itemscope\" itemtype=\"https:\/\/schema.org\/BlogPosting\" itemprop=\"blogPost\" ><div class='avia_textblock  '   itemprop=\"text\" ><p style=\"font-weight: 400; text-align: justify;\">Con el objetivo de entregar informaci\u00f3n oportuna y pertinente al quehacer de las participantes del programa Mujer Emprende del Servicio Nacional de la Mujer y la Equidad de G\u00e9nero, SernamEG, se realiz\u00f3 una charla virtual sobre la Ley 21.081 sobre Protecci\u00f3n de los Derechos de los Consumidores por parte del Servicio Nacional del Consumidor, SERNAC. La actividad se enmarca en las acciones que desarrolla este modelo program\u00e1tico con otras instituciones para promover espacios de formaci\u00f3n que garanticen un desarrollo continuo de sus emprendimientos.<\/p>\n<p style=\"font-weight: 400; text-align: justify;\">La Directora Regional de SernamEG; Elizabeth Guti\u00e9rrez Eggers, destac\u00f3 la alianza estrat\u00e9gica con SERNAC y destac\u00f3 el doble rol que tienen las emprendedoras, al ser proveedoras y consumidoras a la vez. \u201cSon tiempos dif\u00edciles para ellas ya que en la regi\u00f3n de Ays\u00e9n vivimos una situaci\u00f3n especial en comparaci\u00f3n con el resto del pa\u00eds; as\u00ed que es muy importante plantear desde una mirada de g\u00e9nero el c\u00f3mo la Ley del Consumidor nos puede beneficiar; sobre todo, cuando hay que hacer uso de estos derechos, respecto a las empresas m\u00e1s grandes que tienen una estructura m\u00e1s robusta, por eso es importante contar con una institucionalidad como el SERNAC para que las respalde\u201d.<\/p>\n<p style=\"font-weight: 400; text-align: justify;\">La Directora Regional del SERNAC, Mar\u00eda Francisca Ortiz Oberg, sostuvo que \u201ccomo Servicio estamos muy contentos con la participaci\u00f3n de mujeres emprendedoras convocadas por SernamEG a nuestra charla sobre los alcances de la Ley 21.081, que viene a modificar la Ley 19.496, y que nos entrega mayores atribuciones para proteger los derechos de los consumidores. Durante este per\u00edodo de pandemia, toma especial relevancia ya que como Servicio tuvimos un importante n\u00famero de reclamos; as\u00ed se gestionaron durante el a\u00f1o pasado 3571 reclamos de los consumidores de la regi\u00f3n de Ays\u00e9n y ya durante el primer semestre de este a\u00f1o llevamos gestionados 2156, por lo que es importante que los proveedores conozcan sus deberes y obligaciones en aras a la protecci\u00f3n de los derechos de los consumidores; y por lo mismo, agradecemos la participaci\u00f3n de las mujeres emprendedoras\u201d.<\/p>\n<p style=\"font-weight: 400; text-align: justify;\">Una de las participantes del modelo program\u00e1tico de SernamEG que asisti\u00f3 a la charla de SERNAC, fue Silvana Gonz\u00e1lez Caipillan, quien expres\u00f3 que \u201cfue una muy buena oportunidad, lo que m\u00e1s me gust\u00f3 fue cuando abordaron el tema de los proveedores y el rol del consumidor, porque una sabe de estos temas, pero no en profundidad; as\u00ed que me estoy contenta porque aprend\u00ed m\u00e1s. Tambi\u00e9n destaco que pude ver a otras emprendedoras y tuvimos la posibilidad de mostrar nuestros trabajos y conocernos m\u00e1s\u201d.<\/p>\n<\/div><\/section><\/div><div  style='height:50px' class='hr hr-invisible   avia-builder-el-6  el_after_av_one_full  el_before_av_social_share '><span class='hr-inner ' ><span class='hr-inner-style'><\/span><\/span><\/div><\/p>\n<div  class='av-social-sharing-box  avia-builder-el-7  el_after_av_hr  el_before_av_hr  '><div class='av-share-box'><h5 class='av-share-link-description av-no-toc '>Compartir esta noticia<\/h5><ul class='av-share-box-list noLightbox'><li class='av-share-link av-social-link-facebook' ><a target=\"_blank\" aria-label=\"Compartir en Facebook\" href='https:\/\/www.facebook.com\/sharer.php?u=https:\/\/radiorevelacionfm.cl\/?p=6904&#038;t=Participantes%20del%20Programa%20Mujer%20Emprende%20asisten%20a%20charla%20informativa%20del%20Sernac' aria-hidden='false' data-av_icon='\ue8f3' data-av_iconfont='entypo-fontello' title='' data-avia-related-tooltip='Compartir en Facebook' rel=\"noopener\"><span class='avia_hidden_link_text'>Compartir en Facebook<\/span><\/a><\/li><li class='av-share-link av-social-link-twitter' ><a target=\"_blank\" aria-label=\"Compartir en Twitter\" href='https:\/\/twitter.com\/share?text=Participantes%20del%20Programa%20Mujer%20Emprende%20asisten%20a%20charla%20informativa%20del%20Sernac&#038;url=https:\/\/radiorevelacionfm.cl\/?p=6904' aria-hidden='false' data-av_icon='\ue8f1' data-av_iconfont='entypo-fontello' title='' data-avia-related-tooltip='Compartir en Twitter' rel=\"noopener\"><span class='avia_hidden_link_text'>Compartir en Twitter<\/span><\/a><\/li><li class='av-share-link av-social-link-whatsapp' ><a target=\"_blank\" aria-label=\"Compartir en Whatsapp\" href='https:\/\/api.whatsapp.com\/send?text=https:\/\/radiorevelacionfm.cl\/?p=6904' aria-hidden='false' data-av_icon='\uf232' data-av_iconfont='entypo-fontello' title='' data-avia-related-tooltip='Compartir en Whatsapp' rel=\"noopener\"><span class='avia_hidden_link_text'>Compartir en Whatsapp<\/span><\/a><\/li><li class='av-share-link av-social-link-linkedin' ><a target=\"_blank\" aria-label=\"Compartir en LinkedIn\" href='https:\/\/linkedin.com\/shareArticle?mini=true&#038;title=Participantes%20del%20Programa%20Mujer%20Emprende%20asisten%20a%20charla%20informativa%20del%20Sernac&#038;url=https:\/\/radiorevelacionfm.cl\/?p=6904' aria-hidden='false' data-av_icon='\ue8fc' data-av_iconfont='entypo-fontello' title='' data-avia-related-tooltip='Compartir en LinkedIn' rel=\"noopener\"><span class='avia_hidden_link_text'>Compartir en LinkedIn<\/span><\/a><\/li><li class='av-share-link av-social-link-mail' ><a  aria-label=\"Compartir por correo\" href='mailto:?subject=Participantes%20del%20Programa%20Mujer%20Emprende%20asisten%20a%20charla%20informativa%20del%20Sernac&#038;body=https:\/\/radiorevelacionfm.cl\/?p=6904' aria-hidden='false' data-av_icon='\ue805' data-av_iconfont='entypo-fontello' title='' data-avia-related-tooltip='Compartir por correo'><span class='avia_hidden_link_text'>Compartir por correo<\/span><\/a><\/li><\/ul><\/div><\/div>\n<div  style='height:50px' class='hr hr-invisible   avia-builder-el-8  el_after_av_social_share  el_before_av_comments_list '><span class='hr-inner ' ><span class='hr-inner-style'><\/span><\/span><\/div>\n<div  class='av-buildercomment  av-blog-meta-html-info-disabled av-blog-meta-tag-disabled  '><\/div>\n","protected":false},"excerpt":{"rendered":"","protected":false},"author":1,"featured_media":6905,"comment_status":"open","ping_status":"open","sticky":false,"template":"","format":"standard","meta":{"footnotes":""},"categories":[38],"tags":[],"class_list":["post-6904","post","type-post","status-publish","format-standard","has-post-thumbnail","hentry","category-regional"],"jetpack_featured_media_url":"https:\/\/radiorevelacionfm.cl\/wp-content\/uploads\/2021\/08\/charla-Sernac-a-ME-de-SernamEG-1-1.jpg","_links":{"self":[{"href":"https:\/\/radiorevelacionfm.cl\/index.php?rest_route=\/wp\/v2\/posts\/6904","targetHints":{"allow":["GET"]}}],"collection":[{"href":"https:\/\/radiorevelacionfm.cl\/index.php?rest_route=\/wp\/v2\/posts"}],"about":[{"href":"https:\/\/radiorevelacionfm.cl\/index.php?rest_route=\/wp\/v2\/types\/post"}],"author":[{"embeddable":true,"href":"https:\/\/radiorevelacionfm.cl\/index.php?rest_route=\/wp\/v2\/users\/1"}],"replies":[{"embeddable":true,"href":"https:\/\/radiorevelacionfm.cl\/index.php?rest_route=%2Fwp%2Fv2%2Fcomments&post=6904"}],"version-history":[{"count":1,"href":"https:\/\/radiorevelacionfm.cl\/index.php?rest_route=\/wp\/v2\/posts\/6904\/revisions"}],"predecessor-version":[{"id":6906,"href":"https:\/\/radiorevelacionfm.cl\/index.php?rest_route=\/wp\/v2\/posts\/6904\/revisions\/6906"}],"wp:featuredmedia":[{"embeddable":true,"href":"https:\/\/radiorevelacionfm.cl\/index.php?rest_route=\/wp\/v2\/media\/6905"}],"wp:attachment":[{"href":"https:\/\/radiorevelacionfm.cl\/index.php?rest_route=%2Fwp%2Fv2%2Fmedia&parent=6904"}],"wp:term":[{"taxonomy":"category","embeddable":true,"href":"https:\/\/radiorevelacionfm.cl\/index.php?rest_route=%2Fwp%2Fv2%2Fcategories&post=6904"},{"taxonomy":"post_tag","embeddable":true,"href":"https:\/\/radiorevelacionfm.cl\/index.php?rest_route=%2Fwp%2Fv2%2Ftags&post=6904"}],"curies":[{"name":"wp","href":"https:\/\/api.w.org\/{rel}","templated":true}]}}