{"id":6901,"date":"2021-08-01T19:39:51","date_gmt":"2021-08-01T22:39:51","guid":{"rendered":"https:\/\/radiorevelacionfm.cl\/?p=6901"},"modified":"2021-08-01T20:02:23","modified_gmt":"2021-08-01T23:02:23","slug":"autoridades-coordinan-acciones-para-ejecucion-de-proyectos-en-comuna-de-chile-chico","status":"publish","type":"post","link":"https:\/\/radiorevelacionfm.cl\/?p=6901","title":{"rendered":"Autoridades coordinan acciones para ejecuci\u00f3n de proyectos en comuna de Chile Chico"},"content":{"rendered":"<div class=\"flex_column av_one_full  flex_column_div av-zero-column-padding first  avia-builder-el-0  el_before_av_one_full  avia-builder-el-first  \" style='border-radius:0px; '><div  class='avia-image-container  av-styling-    avia-builder-el-1  avia-builder-el-no-sibling  avia-align-center '  itemprop=\"image\" itemscope=\"itemscope\" itemtype=\"https:\/\/schema.org\/ImageObject\"  ><div class='avia-image-container-inner'><div class='avia-image-overlay-wrap'><img decoding=\"async\" class='wp-image-6902 avia-img-lazy-loading-not-6902 avia_image' src=\"https:\/\/radiorevelacionfm.cl\/wp-content\/uploads\/2021\/08\/Proyectos-CHCH-1-1.jpg\" alt='' title='Proyectos CHCH (1) (1)' height=\"600\" width=\"800\"  itemprop=\"thumbnailUrl\" srcset=\"https:\/\/radiorevelacionfm.cl\/wp-content\/uploads\/2021\/08\/Proyectos-CHCH-1-1.jpg 800w, https:\/\/radiorevelacionfm.cl\/wp-content\/uploads\/2021\/08\/Proyectos-CHCH-1-1-300x225.jpg 300w, https:\/\/radiorevelacionfm.cl\/wp-content\/uploads\/2021\/08\/Proyectos-CHCH-1-1-768x576.jpg 768w, https:\/\/radiorevelacionfm.cl\/wp-content\/uploads\/2021\/08\/Proyectos-CHCH-1-1-705x529.jpg 705w, https:\/\/radiorevelacionfm.cl\/wp-content\/uploads\/2021\/08\/Proyectos-CHCH-1-1-600x450.jpg 600w\" sizes=\"(max-width: 800px) 100vw, 800px\" \/><\/div><\/div><\/div><\/div>\n<div class=\"flex_column av_one_full  flex_column_div av-zero-column-padding first  avia-builder-el-2  el_after_av_one_full  el_before_av_one_full  column-top-margin\" style='border-radius:0px; '><section class=\"av_textblock_section \"  itemscope=\"itemscope\" itemtype=\"https:\/\/schema.org\/BlogPosting\" itemprop=\"blogPost\" ><div class='avia_textblock  '   itemprop=\"text\" ><p style=\"text-align: center;\"><strong><span style=\"font-size: 18pt;\">Autoridades coordinan acciones para ejecuci\u00f3n de proyectos en comuna de Chile Chico <\/span><\/strong><\/p>\n<div id=\"gtx-trans\" style=\"position: absolute; left: -50px; top: 4.31534px;\">\n<div class=\"gtx-trans-icon\"><\/div>\n<\/div>\n<\/div><\/section><\/div>\n<div class=\"flex_column av_one_full  flex_column_div av-zero-column-padding first  avia-builder-el-4  el_after_av_one_full  el_before_av_hr  column-top-margin\" style='border-radius:0px; '><section class=\"av_textblock_section \"  itemscope=\"itemscope\" itemtype=\"https:\/\/schema.org\/BlogPosting\" itemprop=\"blogPost\" ><div class='avia_textblock  '   itemprop=\"text\" ><p style=\"text-align: justify;\">El alcalde de Chile Chico, Luperciano Mu\u00f1oz junto al equipo t\u00e9cnico del municipio, se reunieron con la delegada Presidencial Provincial de General Carrera, Vanessa V\u00e1zquez; el seremi de Vivienda, Diego Silva y el director de Serviu, Nelson Quinteros, para evaluar los avances de la remodelaci\u00f3n de la plaza de Chile Chico y establecer l\u00edneas de acci\u00f3n en torno a diversos proyectos que ser\u00e1n puestos en marcha en la comuna.<\/p>\n<p style=\"text-align: justify;\">Se trata de la costanera de Puerto Guadal, la pavimentaci\u00f3n de la avenida principal de Chile Chico y calle Costanera, la nueva plaza para Mall\u00edn Grande, los mega parques de Chile Chico y Puerto Guadal, la primera ciclov\u00eda binacional con Los Antiguos, los programas de pavimento participativo y la implementaci\u00f3n del programa nacional e integral \u00abQuiero Mi Barrio\u201d.<\/p>\n<p style=\"text-align: justify;\">\u201cA pesar de que siempre se neg\u00f3 por parte de la anterior administraci\u00f3n el dise\u00f1o de la costanera de Puerto Guadal, nosotros lo dejamos terminado y adem\u00e1s fue financiado con recursos del Gobierno Regional, por lo tanto, ser\u00e1 ejecutado y sin duda marcar\u00e1 un antes y un despu\u00e9s en la localidad, ya que es una obra de suma relevancia en el marco de las iniciativas de infraestructura que pretendemos llevar a cabo\u201d, explic\u00f3 Luperciano Mu\u00f1oz.<\/p>\n<p style=\"text-align: justify;\">Adem\u00e1s, aclar\u00f3 que \u201clos programas de pavimentos participativos y espacios p\u00fablicos no fueron tomados en cuenta por la anterior administraci\u00f3n, por lo tanto, vamos a tener que postularlos r\u00e1pidamente ya que nos queda poco tiempo y no queremos perder esta posibilidad de mejorar sectores de nuestra comuna, donde adem\u00e1s est\u00e1 incluida la construcci\u00f3n de la nueva plaza de Mall\u00edn Grande\u201d, puntualiz\u00f3 el edil.<\/p>\n<p style=\"text-align: justify;\">Por primera vez, el programa \u201cQuiero Mi Barrio\u201d ser\u00e1 implementado en las provincias de General Carrera y Capit\u00e1n Prat, \u201clo que nos deja muy satisfechos, ya que esta iniciativa permite la intervenci\u00f3n social y mejoramiento de los mismos\u201d, coment\u00f3 el jefe comunal.<\/p>\n<p style=\"text-align: justify;\">En cuanto al reemplazo de pavimento de la avenida principal y calle Costanera, Luperciano Mu\u00f1oz, explic\u00f3 que \u201ces un proyecto a largo plazo, donde nos interesa principalmente que no sea hormig\u00f3n, sino que una base distinta a lo tradicional\u201d.<\/p>\n<p style=\"text-align: justify;\">Con respecto a la futura firma del convenio para los mega parques de Chile Chico y Puerto Guadal, la iniciativa contempla en la ciudad del sol cerca de 70 hect\u00e1reas en la parte alta, abarcando la calle Sim\u00f3n Bol\u00edvar, el Cerro Azul y la Plaza del Viento.<\/p>\n<p style=\"text-align: justify;\">En Puerto Guadal el proyecto involucra el mirador de la localidad, situado en la parte alta, donde existe una gran cantidad de hect\u00e1reas para el desarrollo de la iniciativa.<\/p>\n<p style=\"text-align: justify;\">\u201cAmbos proyectos a largo plazo, ser\u00e1n efectuados con participaci\u00f3n ciudadana y reuniones junto a los equipos t\u00e9cnicos para aclarar todo tipo de dudas que se presenten\u201d, asegur\u00f3 Luperciano Mu\u00f1oz.<\/p>\n<p style=\"text-align: justify;\">En relaci\u00f3n a la primera ciclo v\u00eda binacional, el alcalde explic\u00f3 que ha sostenido diversas conversaciones con el intendente de Los Antiguos, Guillermo Mercado, \u201cy firmaremos un convenio internacional para el desarrollo de este proyecto. Nosotros nos comprometimos con el Serviu en hacer el estudio de suelo y ellos nos van a prestar la ayuda t\u00e9cnica a trav\u00e9s del dise\u00f1o\u201d.<\/p>\n<\/div><\/section><\/div><div  style='height:50px' class='hr hr-invisible   avia-builder-el-6  el_after_av_one_full  el_before_av_social_share '><span class='hr-inner ' ><span class='hr-inner-style'><\/span><\/span><\/div><\/p>\n<div  class='av-social-sharing-box  avia-builder-el-7  el_after_av_hr  el_before_av_hr  '><div class='av-share-box'><h5 class='av-share-link-description av-no-toc '>Compartir esta noticia<\/h5><ul class='av-share-box-list noLightbox'><li class='av-share-link av-social-link-facebook' ><a target=\"_blank\" aria-label=\"Compartir en Facebook\" href='https:\/\/www.facebook.com\/sharer.php?u=https:\/\/radiorevelacionfm.cl\/?p=6901&#038;t=Autoridades%20coordinan%20acciones%20para%20ejecuci%C3%B3n%20de%20proyectos%20en%20comuna%20de%20Chile%20Chico' aria-hidden='false' data-av_icon='\ue8f3' data-av_iconfont='entypo-fontello' title='' data-avia-related-tooltip='Compartir en Facebook' rel=\"noopener\"><span class='avia_hidden_link_text'>Compartir en Facebook<\/span><\/a><\/li><li class='av-share-link av-social-link-twitter' ><a target=\"_blank\" aria-label=\"Compartir en Twitter\" href='https:\/\/twitter.com\/share?text=Autoridades%20coordinan%20acciones%20para%20ejecuci%C3%B3n%20de%20proyectos%20en%20comuna%20de%20Chile%20Chico&#038;url=https:\/\/radiorevelacionfm.cl\/?p=6901' aria-hidden='false' data-av_icon='\ue8f1' data-av_iconfont='entypo-fontello' title='' data-avia-related-tooltip='Compartir en Twitter' rel=\"noopener\"><span class='avia_hidden_link_text'>Compartir en Twitter<\/span><\/a><\/li><li class='av-share-link av-social-link-whatsapp' ><a target=\"_blank\" aria-label=\"Compartir en Whatsapp\" href='https:\/\/api.whatsapp.com\/send?text=https:\/\/radiorevelacionfm.cl\/?p=6901' aria-hidden='false' data-av_icon='\uf232' data-av_iconfont='entypo-fontello' title='' data-avia-related-tooltip='Compartir en Whatsapp' rel=\"noopener\"><span class='avia_hidden_link_text'>Compartir en Whatsapp<\/span><\/a><\/li><li class='av-share-link av-social-link-linkedin' ><a target=\"_blank\" aria-label=\"Compartir en LinkedIn\" href='https:\/\/linkedin.com\/shareArticle?mini=true&#038;title=Autoridades%20coordinan%20acciones%20para%20ejecuci%C3%B3n%20de%20proyectos%20en%20comuna%20de%20Chile%20Chico&#038;url=https:\/\/radiorevelacionfm.cl\/?p=6901' aria-hidden='false' data-av_icon='\ue8fc' data-av_iconfont='entypo-fontello' title='' data-avia-related-tooltip='Compartir en LinkedIn' rel=\"noopener\"><span class='avia_hidden_link_text'>Compartir en LinkedIn<\/span><\/a><\/li><li class='av-share-link av-social-link-mail' ><a  aria-label=\"Compartir por correo\" href='mailto:?subject=Autoridades%20coordinan%20acciones%20para%20ejecuci%C3%B3n%20de%20proyectos%20en%20comuna%20de%20Chile%20Chico&#038;body=https:\/\/radiorevelacionfm.cl\/?p=6901' aria-hidden='false' data-av_icon='\ue805' data-av_iconfont='entypo-fontello' title='' data-avia-related-tooltip='Compartir por correo'><span class='avia_hidden_link_text'>Compartir por correo<\/span><\/a><\/li><\/ul><\/div><\/div>\n<div  style='height:50px' class='hr hr-invisible   avia-builder-el-8  el_after_av_social_share  el_before_av_comments_list '><span class='hr-inner ' ><span class='hr-inner-style'><\/span><\/span><\/div>\n<div  class='av-buildercomment  av-blog-meta-html-info-disabled av-blog-meta-tag-disabled  '><\/div>\n","protected":false},"excerpt":{"rendered":"","protected":false},"author":1,"featured_media":6902,"comment_status":"open","ping_status":"open","sticky":false,"template":"","format":"standard","meta":{"footnotes":""},"categories":[38],"tags":[],"class_list":["post-6901","post","type-post","status-publish","format-standard","has-post-thumbnail","hentry","category-regional"],"jetpack_featured_media_url":"https:\/\/radiorevelacionfm.cl\/wp-content\/uploads\/2021\/08\/Proyectos-CHCH-1-1.jpg","_links":{"self":[{"href":"https:\/\/radiorevelacionfm.cl\/index.php?rest_route=\/wp\/v2\/posts\/6901","targetHints":{"allow":["GET"]}}],"collection":[{"href":"https:\/\/radiorevelacionfm.cl\/index.php?rest_route=\/wp\/v2\/posts"}],"about":[{"href":"https:\/\/radiorevelacionfm.cl\/index.php?rest_route=\/wp\/v2\/types\/post"}],"author":[{"embeddable":true,"href":"https:\/\/radiorevelacionfm.cl\/index.php?rest_route=\/wp\/v2\/users\/1"}],"replies":[{"embeddable":true,"href":"https:\/\/radiorevelacionfm.cl\/index.php?rest_route=%2Fwp%2Fv2%2Fcomments&post=6901"}],"version-history":[{"count":2,"href":"https:\/\/radiorevelacionfm.cl\/index.php?rest_route=\/wp\/v2\/posts\/6901\/revisions"}],"predecessor-version":[{"id":6917,"href":"https:\/\/radiorevelacionfm.cl\/index.php?rest_route=\/wp\/v2\/posts\/6901\/revisions\/6917"}],"wp:featuredmedia":[{"embeddable":true,"href":"https:\/\/radiorevelacionfm.cl\/index.php?rest_route=\/wp\/v2\/media\/6902"}],"wp:attachment":[{"href":"https:\/\/radiorevelacionfm.cl\/index.php?rest_route=%2Fwp%2Fv2%2Fmedia&parent=6901"}],"wp:term":[{"taxonomy":"category","embeddable":true,"href":"https:\/\/radiorevelacionfm.cl\/index.php?rest_route=%2Fwp%2Fv2%2Fcategories&post=6901"},{"taxonomy":"post_tag","embeddable":true,"href":"https:\/\/radiorevelacionfm.cl\/index.php?rest_route=%2Fwp%2Fv2%2Ftags&post=6901"}],"curies":[{"name":"wp","href":"https:\/\/api.w.org\/{rel}","templated":true}]}}