{"id":6898,"date":"2021-08-01T16:53:03","date_gmt":"2021-08-01T19:53:03","guid":{"rendered":"https:\/\/radiorevelacionfm.cl\/?p=6898"},"modified":"2021-08-01T16:53:03","modified_gmt":"2021-08-01T19:53:03","slug":"comuna-de-cisnes-apuesta-por-el-desarrollo-de-rutas-turisticas-para-encantar-al-visitante-regional-y-nacional","status":"publish","type":"post","link":"https:\/\/radiorevelacionfm.cl\/?p=6898","title":{"rendered":"Comuna de Cisnes apuesta por el desarrollo de rutas tur\u00edsticas para encantar al visitante regional y nacional"},"content":{"rendered":"<div class=\"flex_column av_one_full  flex_column_div av-zero-column-padding first  avia-builder-el-0  el_before_av_one_full  avia-builder-el-first  \" style='border-radius:0px; '><div  class='avia-image-container  av-styling-    avia-builder-el-1  avia-builder-el-no-sibling  avia-align-center '  itemprop=\"image\" itemscope=\"itemscope\" itemtype=\"https:\/\/schema.org\/ImageObject\"  ><div class='avia-image-container-inner'><div class='avia-image-overlay-wrap'><img decoding=\"async\" class='wp-image-6899 avia-img-lazy-loading-not-6899 avia_image' src=\"https:\/\/radiorevelacionfm.cl\/wp-content\/uploads\/2021\/08\/turismo-cisnes-4-1-1_optimized.jpeg\" alt='' title='turismo-cisnes-4-(1)-(1)_optimized' height=\"600\" width=\"1067\"  itemprop=\"thumbnailUrl\" srcset=\"https:\/\/radiorevelacionfm.cl\/wp-content\/uploads\/2021\/08\/turismo-cisnes-4-1-1_optimized.jpeg 1067w, https:\/\/radiorevelacionfm.cl\/wp-content\/uploads\/2021\/08\/turismo-cisnes-4-1-1_optimized-300x169.jpeg 300w, https:\/\/radiorevelacionfm.cl\/wp-content\/uploads\/2021\/08\/turismo-cisnes-4-1-1_optimized-1030x579.jpeg 1030w, https:\/\/radiorevelacionfm.cl\/wp-content\/uploads\/2021\/08\/turismo-cisnes-4-1-1_optimized-768x432.jpeg 768w, https:\/\/radiorevelacionfm.cl\/wp-content\/uploads\/2021\/08\/turismo-cisnes-4-1-1_optimized-705x396.jpeg 705w, https:\/\/radiorevelacionfm.cl\/wp-content\/uploads\/2021\/08\/turismo-cisnes-4-1-1_optimized-600x337.jpeg 600w\" sizes=\"(max-width: 1067px) 100vw, 1067px\" \/><\/div><\/div><\/div><\/div><div class=\"flex_column av_one_full  flex_column_div av-zero-column-padding first  avia-builder-el-2  el_after_av_one_full  el_before_av_one_full  column-top-margin\" style='border-radius:0px; '><section class=\"av_textblock_section \"  itemscope=\"itemscope\" itemtype=\"https:\/\/schema.org\/BlogPosting\" itemprop=\"blogPost\" ><div class='avia_textblock  '   itemprop=\"text\" ><p style=\"text-align: center;\"><strong><span style=\"font-size: 18pt;\">Comuna de Cisnes apuesta por el desarrollo de rutas tur\u00edsticas para encantar al visitante regional y nacional<\/span><\/strong><\/p>\n<div id=\"gtx-trans\" style=\"position: absolute; left: -50px; top: 4.31534px;\">\n<div class=\"gtx-trans-icon\"><\/div>\n<\/div>\n<\/div><\/section><\/div><div class=\"flex_column av_one_full  flex_column_div av-zero-column-padding first  avia-builder-el-4  el_after_av_one_full  el_before_av_hr  column-top-margin\" style='border-radius:0px; '><section class=\"av_textblock_section \"  itemscope=\"itemscope\" itemtype=\"https:\/\/schema.org\/BlogPosting\" itemprop=\"blogPost\" ><div class='avia_textblock  '   itemprop=\"text\" ><p style=\"text-align: justify;\">La Municipalidad de Cisnes, apuesta por la implementaci\u00f3n y puesta en valor de rutas y circuitos tur\u00edsticos que diversifiquen la oferta, incentivando a que los visitantes aumenten su estad\u00eda entre uno o dos d\u00edas en el territorio, lo que contribuye a incentivar la econom\u00eda local. Para lograr ese objetivo se ha contado con el apoyo del PER Turismo Ays\u00e9n como socio estrat\u00e9gico, llevando cabo el desarrollo de asistencias t\u00e9cnicas, que permiten realizar el diagn\u00f3stico con propuestas de implementaci\u00f3n y comercializaci\u00f3n para posicionarlas a nivel regional y nacional.<\/p>\n<p style=\"text-align: justify;\">La encargada de la oficina de Fomento y Turismo de la Municipalidad de Cisnes, Lorena Lehnebach, puso en valor la gesti\u00f3n del Municipio en un \u00e1rea productiva tan importante como es el turismo.<\/p>\n<p style=\"text-align: justify;\">\u201cComo Municipio de Cisnes y con el apoyo de diversos socios estrat\u00e9gicos, nos encontramos potenciando el desarrollo de rutas tur\u00edsticas que contribuyan a mejorar la oferta tur\u00edstica existente, ligada a nuestros recursos naturales, a la diversidad de servicios tur\u00edsticos, resaltando y poniendo en valor la riqueza de nuestra gente. Con la finalidad de incentivar la estad\u00eda de los visitantes en uno o m\u00e1s d\u00edas en nuestro territorio, con actividades al aire libre que se puedan desarrollar durante todo el a\u00f1o. En esta primera etapa, basado en un p\u00fablico regional y nacional, contribuyendo as\u00ed, a trav\u00e9s de encadenamientos productivos a reactivar la econom\u00eda local\u201d.<\/p>\n<p style=\"text-align: justify;\">Destacamos la \u201cRuta de Los Valles\u201d en La Junta sector norte, donde la invitaci\u00f3n es realizar recorridos entre hermosos parajes ya sea en caminatas o cabalgatas compartiendo las experiencias de vida de los pobladores y contemplando la riqueza paisaj\u00edstica de los sectores Valle Mirta, Valle Cuarto, Valle Quinto y Claro Solar.\u00a0 Dicha ruta que se encuentra de manera digital contribuye a mejorar la experiencia de los visitantes y a inyectar dinamismo a la cadena de valor del turismo local. (<a href=\"https:\/\/aysenpatagonia.cl\/ruta-de-los-valles\">https:\/\/aysenpatagonia.cl\/ruta-de-los-valles<\/a>). Algo que destac\u00f3, Lorena Lehnebach.<\/p>\n<p style=\"text-align: justify;\">\u201cComo Municipio de Cisnes, durante el a\u00f1o pasado trabajamos la Ruta de los Valles, a trav\u00e9s de talleres participativos con actores claves de la localidad de La Junta y con servicios p\u00fablicos como Conaf, PER Turismo, INDAP y Sernatur. Desarrollando adem\u00e1s, diversas acciones en el sector, con visitas a terreno para evaluar el potencial de las rutas y entrevistas con los pobladores del sector, para estar en sinton\u00eda con ellos. Logrando como principal producto de esta asesor\u00eda, un material gr\u00e1fico que te invita a vivir una experiencia llena de riquezas en lo natural y en lo humano\u201d.<\/p>\n<p style=\"text-align: justify;\">Durante este mes agosto se iniciar\u00e1 el trabajo en el territorio para el desarrollo de la \u201cRuta de Destinos Gastron\u00f3micos\u201d y \u201cRuta del Bienestar\u201d, en el caso de Destinos Gastron\u00f3micos se buscar\u00e1n elementos de identidad gastron\u00f3mica en las localidades de Puerto Cisnes, Puerto Puyuhuapi, La Junta y Ra\u00fal Mar\u00edn, potenciando los alimentos locales, resaltando preparaciones y poniendo en valor a los actores claves, como en el caso de Puyuhuapi\u00a0 la \u201cCapital del Kuchen\u201d. La iniciativa se llevar\u00e1 a cabo mediante visitas a productores locales y restaurantes, contemplando talleres de cocina y difusi\u00f3n a los seleccionados de la \u201cRuta de destinos Gastron\u00f3micos\u201d. Cabe mencionar, que en esta iniciativa se trabaja con PER Turismo Ays\u00e9n, Programa Acelera de Corfo y Sernatur Ays\u00e9n.<\/p>\n<p style=\"text-align: justify;\">Con respecto a la \u201cRuta del Bienestar\u201d, iniciativa que naci\u00f3 desde la Municipalidad de Cisnes y que abarcar\u00e1 toda la Regi\u00f3n de Ays\u00e9n, con la finalidad de poner en valor los productos asociados a ba\u00f1os termales, tinajas, ba\u00f1os de bosque, entre otros para diversificar la oferta, aumentar temporada y flujo de visitantes regionales especialmente los fines de semana.<\/p>\n<\/div><\/section><\/div><div  style='height:50px' class='hr hr-invisible   avia-builder-el-6  el_after_av_one_full  el_before_av_social_share '><span class='hr-inner ' ><span class='hr-inner-style'><\/span><\/span><\/div><\/p>\n<div  class='av-social-sharing-box  avia-builder-el-7  el_after_av_hr  el_before_av_hr  '><div class='av-share-box'><h5 class='av-share-link-description av-no-toc '>Compartir esta noticia<\/h5><ul class='av-share-box-list noLightbox'><li class='av-share-link av-social-link-facebook' ><a target=\"_blank\" aria-label=\"Compartir en Facebook\" href='https:\/\/www.facebook.com\/sharer.php?u=https:\/\/radiorevelacionfm.cl\/?p=6898&#038;t=Comuna%20de%20Cisnes%20apuesta%20por%20el%20desarrollo%20de%20rutas%20tur%C3%ADsticas%20para%20encantar%20al%20visitante%20regional%20y%20nacional' aria-hidden='false' data-av_icon='\ue8f3' data-av_iconfont='entypo-fontello' title='' data-avia-related-tooltip='Compartir en Facebook' rel=\"noopener\"><span class='avia_hidden_link_text'>Compartir en Facebook<\/span><\/a><\/li><li class='av-share-link av-social-link-twitter' ><a target=\"_blank\" aria-label=\"Compartir en Twitter\" href='https:\/\/twitter.com\/share?text=Comuna%20de%20Cisnes%20apuesta%20por%20el%20desarrollo%20de%20rutas%20tur%C3%ADsticas%20para%20encantar%20al%20visitante%20regional%20y%20nacional&#038;url=https:\/\/radiorevelacionfm.cl\/?p=6898' aria-hidden='false' data-av_icon='\ue8f1' data-av_iconfont='entypo-fontello' title='' data-avia-related-tooltip='Compartir en Twitter' rel=\"noopener\"><span class='avia_hidden_link_text'>Compartir en Twitter<\/span><\/a><\/li><li class='av-share-link av-social-link-whatsapp' ><a target=\"_blank\" aria-label=\"Compartir en Whatsapp\" href='https:\/\/api.whatsapp.com\/send?text=https:\/\/radiorevelacionfm.cl\/?p=6898' aria-hidden='false' data-av_icon='\uf232' data-av_iconfont='entypo-fontello' title='' data-avia-related-tooltip='Compartir en Whatsapp' rel=\"noopener\"><span class='avia_hidden_link_text'>Compartir en Whatsapp<\/span><\/a><\/li><li class='av-share-link av-social-link-linkedin' ><a target=\"_blank\" aria-label=\"Compartir en LinkedIn\" href='https:\/\/linkedin.com\/shareArticle?mini=true&#038;title=Comuna%20de%20Cisnes%20apuesta%20por%20el%20desarrollo%20de%20rutas%20tur%C3%ADsticas%20para%20encantar%20al%20visitante%20regional%20y%20nacional&#038;url=https:\/\/radiorevelacionfm.cl\/?p=6898' aria-hidden='false' data-av_icon='\ue8fc' data-av_iconfont='entypo-fontello' title='' data-avia-related-tooltip='Compartir en LinkedIn' rel=\"noopener\"><span class='avia_hidden_link_text'>Compartir en LinkedIn<\/span><\/a><\/li><li class='av-share-link av-social-link-mail' ><a  aria-label=\"Compartir por correo\" href='mailto:?subject=Comuna%20de%20Cisnes%20apuesta%20por%20el%20desarrollo%20de%20rutas%20tur%C3%ADsticas%20para%20encantar%20al%20visitante%20regional%20y%20nacional&#038;body=https:\/\/radiorevelacionfm.cl\/?p=6898' aria-hidden='false' data-av_icon='\ue805' data-av_iconfont='entypo-fontello' title='' data-avia-related-tooltip='Compartir por correo'><span class='avia_hidden_link_text'>Compartir por correo<\/span><\/a><\/li><\/ul><\/div><\/div>\n<div  style='height:50px' class='hr hr-invisible   avia-builder-el-8  el_after_av_social_share  el_before_av_comments_list '><span class='hr-inner ' ><span class='hr-inner-style'><\/span><\/span><\/div>\n<div  class='av-buildercomment  av-blog-meta-html-info-disabled av-blog-meta-tag-disabled  '><\/div>\n","protected":false},"excerpt":{"rendered":"","protected":false},"author":1,"featured_media":6899,"comment_status":"open","ping_status":"open","sticky":false,"template":"","format":"standard","meta":{"footnotes":""},"categories":[54],"tags":[],"class_list":["post-6898","post","type-post","status-publish","format-standard","has-post-thumbnail","hentry","category-turismo"],"jetpack_featured_media_url":"https:\/\/radiorevelacionfm.cl\/wp-content\/uploads\/2021\/08\/turismo-cisnes-4-1-1_optimized.jpeg","_links":{"self":[{"href":"https:\/\/radiorevelacionfm.cl\/index.php?rest_route=\/wp\/v2\/posts\/6898","targetHints":{"allow":["GET"]}}],"collection":[{"href":"https:\/\/radiorevelacionfm.cl\/index.php?rest_route=\/wp\/v2\/posts"}],"about":[{"href":"https:\/\/radiorevelacionfm.cl\/index.php?rest_route=\/wp\/v2\/types\/post"}],"author":[{"embeddable":true,"href":"https:\/\/radiorevelacionfm.cl\/index.php?rest_route=\/wp\/v2\/users\/1"}],"replies":[{"embeddable":true,"href":"https:\/\/radiorevelacionfm.cl\/index.php?rest_route=%2Fwp%2Fv2%2Fcomments&post=6898"}],"version-history":[{"count":1,"href":"https:\/\/radiorevelacionfm.cl\/index.php?rest_route=\/wp\/v2\/posts\/6898\/revisions"}],"predecessor-version":[{"id":6900,"href":"https:\/\/radiorevelacionfm.cl\/index.php?rest_route=\/wp\/v2\/posts\/6898\/revisions\/6900"}],"wp:featuredmedia":[{"embeddable":true,"href":"https:\/\/radiorevelacionfm.cl\/index.php?rest_route=\/wp\/v2\/media\/6899"}],"wp:attachment":[{"href":"https:\/\/radiorevelacionfm.cl\/index.php?rest_route=%2Fwp%2Fv2%2Fmedia&parent=6898"}],"wp:term":[{"taxonomy":"category","embeddable":true,"href":"https:\/\/radiorevelacionfm.cl\/index.php?rest_route=%2Fwp%2Fv2%2Fcategories&post=6898"},{"taxonomy":"post_tag","embeddable":true,"href":"https:\/\/radiorevelacionfm.cl\/index.php?rest_route=%2Fwp%2Fv2%2Ftags&post=6898"}],"curies":[{"name":"wp","href":"https:\/\/api.w.org\/{rel}","templated":true}]}}