{"id":6895,"date":"2021-08-01T16:32:42","date_gmt":"2021-08-01T19:32:42","guid":{"rendered":"https:\/\/radiorevelacionfm.cl\/?p=6895"},"modified":"2021-08-01T16:32:42","modified_gmt":"2021-08-01T19:32:42","slug":"con-taller-ips-difunde-derechos-previsionales-y-de-genero-a-mujeres-de-villa-amengual","status":"publish","type":"post","link":"https:\/\/radiorevelacionfm.cl\/?p=6895","title":{"rendered":"Con taller IPS difunde derechos previsionales y de g\u00e9nero a mujeres de Villa Amengual"},"content":{"rendered":"<div class=\"flex_column av_one_full  flex_column_div av-zero-column-padding first  avia-builder-el-0  el_before_av_one_full  avia-builder-el-first  \" style='border-radius:0px; '><div  class='avia-image-container  av-styling-    avia-builder-el-1  avia-builder-el-no-sibling  avia-align-center '  itemprop=\"image\" itemscope=\"itemscope\" itemtype=\"https:\/\/schema.org\/ImageObject\"  ><div class='avia-image-container-inner'><div class='avia-image-overlay-wrap'><img decoding=\"async\" class='wp-image-6896 avia-img-lazy-loading-not-6896 avia_image' src=\"https:\/\/radiorevelacionfm.cl\/wp-content\/uploads\/2021\/08\/IPS-AMENGUAL-1i-1-1.jpg\" alt='' title='IPS AMENGUAL 1i (1) (1)' height=\"600\" width=\"1075\"  itemprop=\"thumbnailUrl\" srcset=\"https:\/\/radiorevelacionfm.cl\/wp-content\/uploads\/2021\/08\/IPS-AMENGUAL-1i-1-1.jpg 1075w, https:\/\/radiorevelacionfm.cl\/wp-content\/uploads\/2021\/08\/IPS-AMENGUAL-1i-1-1-300x167.jpg 300w, https:\/\/radiorevelacionfm.cl\/wp-content\/uploads\/2021\/08\/IPS-AMENGUAL-1i-1-1-1030x575.jpg 1030w, https:\/\/radiorevelacionfm.cl\/wp-content\/uploads\/2021\/08\/IPS-AMENGUAL-1i-1-1-768x429.jpg 768w, https:\/\/radiorevelacionfm.cl\/wp-content\/uploads\/2021\/08\/IPS-AMENGUAL-1i-1-1-705x393.jpg 705w, https:\/\/radiorevelacionfm.cl\/wp-content\/uploads\/2021\/08\/IPS-AMENGUAL-1i-1-1-600x335.jpg 600w\" sizes=\"(max-width: 1075px) 100vw, 1075px\" \/><\/div><\/div><\/div><\/div><div class=\"flex_column av_one_full  flex_column_div av-zero-column-padding first  avia-builder-el-2  el_after_av_one_full  el_before_av_one_full  column-top-margin\" style='border-radius:0px; '><section class=\"av_textblock_section \"  itemscope=\"itemscope\" itemtype=\"https:\/\/schema.org\/BlogPosting\" itemprop=\"blogPost\" ><div class='avia_textblock  '   itemprop=\"text\" ><p style=\"text-align: center;\"><strong><span style=\"font-size: 18pt;\">Con taller IPS difunde derechos previsionales y de g\u00e9nero a mujeres de Villa Amengual<\/span><\/strong><\/p>\n<div id=\"gtx-trans\" style=\"position: absolute; left: -50px; top: 4.31534px;\">\n<div class=\"gtx-trans-icon\"><\/div>\n<\/div>\n<\/div><\/section><\/div><div class=\"flex_column av_one_full  flex_column_div av-zero-column-padding first  avia-builder-el-4  el_after_av_one_full  el_before_av_hr  column-top-margin\" style='border-radius:0px; '><section class=\"av_textblock_section \"  itemscope=\"itemscope\" itemtype=\"https:\/\/schema.org\/BlogPosting\" itemprop=\"blogPost\" ><div class='avia_textblock  '   itemprop=\"text\" ><p style=\"text-align: justify;\">Un equipo del Instituto de Previsi\u00f3n Social oficina regional Coyhaique, se traslad\u00f3 hasta Villa Amengual donde llevaron a cabo una jornada sobre derechos previsionales y de g\u00e9nero para mujeres rurales. Actividad que cont\u00f3 con la destacada participaci\u00f3n de vecinas del sector.<\/p>\n<p style=\"text-align: justify;\">Carlos Rodr\u00edguez, director regional del IPS, se mostr\u00f3 feliz con el resultado de la jornada.<\/p>\n<p style=\"text-align: justify;\">\u201cMuy contento por la participaci\u00f3n que tuvimos, porque lo que pretende este taller es acercar los derechos previsionales y los derechos de equidad de g\u00e9nero para todas las mujeres, especialmente para las mujeres que est\u00e1n en un entorno m\u00e1s rural, que est\u00e1n lejos de las ciudades capitales de provincia, entonces, les cuesta m\u00e1s tener la informaci\u00f3n. Es por eso que, vinimos ac\u00e1 y tuvimos una muy buena audiencia, una muy bonita audiencia, muy agradable y la idea nuestra es poder darles a conocer a las personas, los derechos que tienen, los derechos que el Estado cada vez ha ido tratando de ir cerrando esta brecha de g\u00e9nero, esta separaci\u00f3n que hab\u00eda entre hombres y mujeres en muchas cosas\u201d.<\/p>\n<p style=\"text-align: justify;\">Una de las participantes de esta actividad fue la delegada municipal de Villa Amengual, Irma Bahamonde, quien valor\u00f3 la instancia en que servicios como el IPS llega hasta el sector. \u201cUn taller muy interesante, muy enriquecedor, porque aparte de ser un taller para mujeres, igual fue como una capacitaci\u00f3n sobre los beneficios del IPS y hab\u00edan muchas mujeres que ten\u00edan dudas con el IFE. Salimos de muchas dudas m\u00e1s que como mujeres como familias, as\u00ed es que, muy bueno el taller, ojala se repita. Es s\u00faper importante que los servicios vengan a las localidades rurales, donde no hay mucho acceso a la informaci\u00f3n y tenerlo directamente con los funcionarios, que mejor\u201d.<\/p>\n<p style=\"text-align: justify;\">Todas las mujeres que fueron parte de este taller dictado por el IPS en Villa Amengual, agradecieron la instancia coordinada en conjunto a la Municipalidad de Lago Verde, mediante su delegaci\u00f3n en la localidad.<\/p>\n<\/div><\/section><\/div><div  style='height:50px' class='hr hr-invisible   avia-builder-el-6  el_after_av_one_full  el_before_av_social_share '><span class='hr-inner ' ><span class='hr-inner-style'><\/span><\/span><\/div><\/p>\n<div  class='av-social-sharing-box  avia-builder-el-7  el_after_av_hr  el_before_av_hr  '><div class='av-share-box'><h5 class='av-share-link-description av-no-toc '>Compartir esta noticia<\/h5><ul class='av-share-box-list noLightbox'><li class='av-share-link av-social-link-facebook' ><a target=\"_blank\" aria-label=\"Compartir en Facebook\" href='https:\/\/www.facebook.com\/sharer.php?u=https:\/\/radiorevelacionfm.cl\/?p=6895&#038;t=Con%20taller%20IPS%20difunde%20derechos%20previsionales%20y%20de%20g%C3%A9nero%20a%20mujeres%20de%20Villa%20Amengual' aria-hidden='false' data-av_icon='\ue8f3' data-av_iconfont='entypo-fontello' title='' data-avia-related-tooltip='Compartir en Facebook' rel=\"noopener\"><span class='avia_hidden_link_text'>Compartir en Facebook<\/span><\/a><\/li><li class='av-share-link av-social-link-twitter' ><a target=\"_blank\" aria-label=\"Compartir en Twitter\" href='https:\/\/twitter.com\/share?text=Con%20taller%20IPS%20difunde%20derechos%20previsionales%20y%20de%20g%C3%A9nero%20a%20mujeres%20de%20Villa%20Amengual&#038;url=https:\/\/radiorevelacionfm.cl\/?p=6895' aria-hidden='false' data-av_icon='\ue8f1' data-av_iconfont='entypo-fontello' title='' data-avia-related-tooltip='Compartir en Twitter' rel=\"noopener\"><span class='avia_hidden_link_text'>Compartir en Twitter<\/span><\/a><\/li><li class='av-share-link av-social-link-whatsapp' ><a target=\"_blank\" aria-label=\"Compartir en Whatsapp\" href='https:\/\/api.whatsapp.com\/send?text=https:\/\/radiorevelacionfm.cl\/?p=6895' aria-hidden='false' data-av_icon='\uf232' data-av_iconfont='entypo-fontello' title='' data-avia-related-tooltip='Compartir en Whatsapp' rel=\"noopener\"><span class='avia_hidden_link_text'>Compartir en Whatsapp<\/span><\/a><\/li><li class='av-share-link av-social-link-linkedin' ><a target=\"_blank\" aria-label=\"Compartir en LinkedIn\" href='https:\/\/linkedin.com\/shareArticle?mini=true&#038;title=Con%20taller%20IPS%20difunde%20derechos%20previsionales%20y%20de%20g%C3%A9nero%20a%20mujeres%20de%20Villa%20Amengual&#038;url=https:\/\/radiorevelacionfm.cl\/?p=6895' aria-hidden='false' data-av_icon='\ue8fc' data-av_iconfont='entypo-fontello' title='' data-avia-related-tooltip='Compartir en LinkedIn' rel=\"noopener\"><span class='avia_hidden_link_text'>Compartir en LinkedIn<\/span><\/a><\/li><li class='av-share-link av-social-link-mail' ><a  aria-label=\"Compartir por correo\" href='mailto:?subject=Con%20taller%20IPS%20difunde%20derechos%20previsionales%20y%20de%20g%C3%A9nero%20a%20mujeres%20de%20Villa%20Amengual&#038;body=https:\/\/radiorevelacionfm.cl\/?p=6895' aria-hidden='false' data-av_icon='\ue805' data-av_iconfont='entypo-fontello' title='' data-avia-related-tooltip='Compartir por correo'><span class='avia_hidden_link_text'>Compartir por correo<\/span><\/a><\/li><\/ul><\/div><\/div>\n<div  style='height:50px' class='hr hr-invisible   avia-builder-el-8  el_after_av_social_share  el_before_av_comments_list '><span class='hr-inner ' ><span class='hr-inner-style'><\/span><\/span><\/div>\n<div  class='av-buildercomment  av-blog-meta-html-info-disabled av-blog-meta-tag-disabled  '><\/div>\n","protected":false},"excerpt":{"rendered":"","protected":false},"author":1,"featured_media":6896,"comment_status":"open","ping_status":"open","sticky":false,"template":"","format":"standard","meta":{"footnotes":""},"categories":[38],"tags":[],"class_list":["post-6895","post","type-post","status-publish","format-standard","has-post-thumbnail","hentry","category-regional"],"jetpack_featured_media_url":"https:\/\/radiorevelacionfm.cl\/wp-content\/uploads\/2021\/08\/IPS-AMENGUAL-1i-1-1.jpg","_links":{"self":[{"href":"https:\/\/radiorevelacionfm.cl\/index.php?rest_route=\/wp\/v2\/posts\/6895","targetHints":{"allow":["GET"]}}],"collection":[{"href":"https:\/\/radiorevelacionfm.cl\/index.php?rest_route=\/wp\/v2\/posts"}],"about":[{"href":"https:\/\/radiorevelacionfm.cl\/index.php?rest_route=\/wp\/v2\/types\/post"}],"author":[{"embeddable":true,"href":"https:\/\/radiorevelacionfm.cl\/index.php?rest_route=\/wp\/v2\/users\/1"}],"replies":[{"embeddable":true,"href":"https:\/\/radiorevelacionfm.cl\/index.php?rest_route=%2Fwp%2Fv2%2Fcomments&post=6895"}],"version-history":[{"count":1,"href":"https:\/\/radiorevelacionfm.cl\/index.php?rest_route=\/wp\/v2\/posts\/6895\/revisions"}],"predecessor-version":[{"id":6897,"href":"https:\/\/radiorevelacionfm.cl\/index.php?rest_route=\/wp\/v2\/posts\/6895\/revisions\/6897"}],"wp:featuredmedia":[{"embeddable":true,"href":"https:\/\/radiorevelacionfm.cl\/index.php?rest_route=\/wp\/v2\/media\/6896"}],"wp:attachment":[{"href":"https:\/\/radiorevelacionfm.cl\/index.php?rest_route=%2Fwp%2Fv2%2Fmedia&parent=6895"}],"wp:term":[{"taxonomy":"category","embeddable":true,"href":"https:\/\/radiorevelacionfm.cl\/index.php?rest_route=%2Fwp%2Fv2%2Fcategories&post=6895"},{"taxonomy":"post_tag","embeddable":true,"href":"https:\/\/radiorevelacionfm.cl\/index.php?rest_route=%2Fwp%2Fv2%2Ftags&post=6895"}],"curies":[{"name":"wp","href":"https:\/\/api.w.org\/{rel}","templated":true}]}}