{"id":6892,"date":"2021-08-01T15:09:43","date_gmt":"2021-08-01T18:09:43","guid":{"rendered":"https:\/\/radiorevelacionfm.cl\/?p=6892"},"modified":"2021-08-02T12:34:13","modified_gmt":"2021-08-02T15:34:13","slug":"senadores-ordenes-y-sandoval-continuan-gestiones-para-crear-unidad-especialista-en-enfermedades-cardiovasculares-en-la-region","status":"publish","type":"post","link":"https:\/\/radiorevelacionfm.cl\/?p=6892","title":{"rendered":"Senadores \u00d3rdenes y Sandoval contin\u00faan gestiones para crear unidad especialista en enfermedades Cardiovasculares en la regi\u00f3n"},"content":{"rendered":"<div class=\"flex_column av_one_full  flex_column_div av-zero-column-padding first  avia-builder-el-0  el_before_av_one_full  avia-builder-el-first  \" style='border-radius:0px; '><div  class='avia-image-container  av-styling-    avia-builder-el-1  avia-builder-el-no-sibling  avia-align-center '  itemprop=\"image\" itemscope=\"itemscope\" itemtype=\"https:\/\/schema.org\/ImageObject\"  ><div class='avia-image-container-inner'><div class='avia-image-overlay-wrap'><img decoding=\"async\" class='wp-image-6921 avia-img-lazy-loading-not-6921 avia_image' src=\"https:\/\/radiorevelacionfm.cl\/wp-content\/uploads\/2021\/08\/Visita_Inst-Torax-0-1-1.jpg\" alt='' title='Visita_Inst Torax 0 (1) (1)' height=\"600\" width=\"1225\"  itemprop=\"thumbnailUrl\" srcset=\"https:\/\/radiorevelacionfm.cl\/wp-content\/uploads\/2021\/08\/Visita_Inst-Torax-0-1-1.jpg 1225w, https:\/\/radiorevelacionfm.cl\/wp-content\/uploads\/2021\/08\/Visita_Inst-Torax-0-1-1-300x147.jpg 300w, https:\/\/radiorevelacionfm.cl\/wp-content\/uploads\/2021\/08\/Visita_Inst-Torax-0-1-1-1030x504.jpg 1030w, https:\/\/radiorevelacionfm.cl\/wp-content\/uploads\/2021\/08\/Visita_Inst-Torax-0-1-1-768x376.jpg 768w, https:\/\/radiorevelacionfm.cl\/wp-content\/uploads\/2021\/08\/Visita_Inst-Torax-0-1-1-705x345.jpg 705w, https:\/\/radiorevelacionfm.cl\/wp-content\/uploads\/2021\/08\/Visita_Inst-Torax-0-1-1-600x294.jpg 600w\" sizes=\"(max-width: 1225px) 100vw, 1225px\" \/><\/div><\/div><\/div><\/div><div class=\"flex_column av_one_full  flex_column_div av-zero-column-padding first  avia-builder-el-2  el_after_av_one_full  el_before_av_one_full  column-top-margin\" style='border-radius:0px; '><section class=\"av_textblock_section \"  itemscope=\"itemscope\" itemtype=\"https:\/\/schema.org\/BlogPosting\" itemprop=\"blogPost\" ><div class='avia_textblock  '   itemprop=\"text\" ><p style=\"text-align: center;\"><span style=\"font-size: 18pt;\"><strong>Senadores \u00d3rdenes y Sandoval contin\u00faan gestiones para crear unidad especialista en enfermedades Cardiovasculares en la regi\u00f3n<\/strong><\/span><\/p>\n<div id=\"gtx-trans\" style=\"position: absolute; left: -50px; top: 4.31534px;\">\n<div class=\"gtx-trans-icon\"><\/div>\n<\/div>\n<\/div><\/section><\/div><\/p>\n<div class=\"flex_column av_one_full  flex_column_div av-zero-column-padding first  avia-builder-el-4  el_after_av_one_full  el_before_av_hr  column-top-margin\" style='border-radius:0px; '><section class=\"av_textblock_section \"  itemscope=\"itemscope\" itemtype=\"https:\/\/schema.org\/BlogPosting\" itemprop=\"blogPost\" ><div class='avia_textblock  '   itemprop=\"text\" ><p style=\"font-weight: 400; text-align: justify;\">Hasta el Instituto Nacional del T\u00f3rax llegaron los senadores por la regi\u00f3n de Ays\u00e9n Ximena \u00d3rdenes Neira, David Sandoval Plaza, junto el cardi\u00f3logo del Hospital Regional de Coyhaique, doctor Patricio Julio para conocer la Unidad de Hemodinamia de este centro m\u00e9dico, considerado de vanguardia a nivel nacional.<\/p>\n<p style=\"font-weight: 400; text-align: justify;\">La idea de la visita fue conocer el recinto, pero tambi\u00e9n conocer la factibilidad y el costo que tendr\u00eda todo el equipo para el principal recinto cl\u00ednico de la regi\u00f3n. Lo que permitir\u00eda evitar un centenar de traslados de pacientes de la regi\u00f3n a otros centros de referencia cl\u00ednicos. Entre el 2014 y 2019 la regi\u00f3n gast\u00f3 m\u00e1s de 1.200 millones de pesos en traslado de pacientes fuera de la regi\u00f3n.<\/p>\n<p style=\"font-weight: 400; text-align: justify;\">En este sentido, la senadora Ximena \u00d3rdenes destac\u00f3 la gesti\u00f3n hecha por los profesionales del Hospital Regional de Coyhaique. \u201cQuiero agradecer a los cardi\u00f3logos de la regi\u00f3n de Ays\u00e9n por poner en agenda un tema que es de principal relevancia\u201d, y agreg\u00f3: \u201clo que queremos plantear es que la regi\u00f3n de Ays\u00e9n necesita una unidad de hemodinamia para enfrentar las problem\u00e1ticas cardiovasculares, y esto es posible\u201d.<\/p>\n<p style=\"font-weight: 400; text-align: justify;\">Por su parte, el senador David Sandoval destac\u00f3 el compromiso del equipo m\u00e9dico del Instituto Nacional del T\u00f3rax para que el angi\u00f3grafo, equipo principal de la unidad, est\u00e9 pronto en la regi\u00f3n. \u201cEste es un recinto pionero, que lleva la delantera en este tipo de tratamiento. Junto con agradecer a los doctores para conocer la tecnolog\u00eda y entender que este es un tema absolutamente necesario para la regi\u00f3n\u201d.<\/p>\n<p style=\"font-weight: 400; text-align: justify;\">Asimismo, ambos parlamentarios insistieron en su compromiso, para asegurar los fondos necesarios para que la regi\u00f3n cuente con todo el equipo necesario para evitar que las y los ayseninos tengan que salir de la regi\u00f3n para recibir atenci\u00f3n cardiol\u00f3gica.<\/p>\n<p style=\"font-weight: 400; text-align: justify;\">\u201cAqu\u00ed estamos hablando de salvar vidas, de reducir secuelas, es un tema prioritario para la regi\u00f3n, porque no cumplimos con los protocolos para casos de esta naturaleza (\u2026). Nuestro compromiso est\u00e1 y esperamos que la regi\u00f3n tambi\u00e9n para continuar con este proceso\u201d, sostuvo el senador Sandoval.<\/p>\n<p style=\"font-weight: 400; text-align: justify;\">En tanto, la senadora \u00d3rdenes indic\u00f3: \u201cExiste un proyecto preinversional de normalizaci\u00f3n del hospital regional, pero ese es un proyecto a largo plazo (\u2026). Esperamos contar con un pabell\u00f3n de hemodinamia en la regi\u00f3n de Ays\u00e9n, esperemos que todas las autoridades concurran para hacer viable un proyecto de esta naturaleza\u201d.<\/p>\n<p style=\"font-weight: 400; text-align: justify;\"><strong>COMPROMISO M\u00c9DICO PARA AYS\u00c9N<\/strong><\/p>\n<p style=\"font-weight: 400; text-align: justify;\">Los doctores Jorge Sandoval y Christian Dauvergne, fueron los anfitriones de la visita y, adem\u00e1s, entregaron detalles de un informe que prepararon para el Ministerio de Salud explicando la necesidad particular de la regi\u00f3n, ya que Ays\u00e9n no cumple con est\u00e1ndar de poblaci\u00f3n requerido, pero se recomienda dada sus problemas de conectividad hacer la inversi\u00f3n para contar con esta unidad.<\/p>\n<p style=\"font-weight: 400; text-align: justify;\">\u201cLa idea es ver la factibilidad de llevar tecnolog\u00eda y salud para la regi\u00f3n de Ays\u00e9n. Pensamos que es una tremenda idea considerando los problemas de conectividad de la regi\u00f3n y la patolog\u00eda cardiovascular es prevalente no solo en Chile, sino a nivel mundial\u201d, indic\u00f3 el cardi\u00f3logo Christian Dauvergne, quien agreg\u00f3: \u201cEsperamos que este proyecto se lleve a cabo, se concrete, porque ir\u00e1 en beneficio de toda la regi\u00f3n y del pa\u00eds\u201d.<\/p>\n<p style=\"font-weight: 400; text-align: justify;\">Por su parte, el otro anfitri\u00f3n, doctor Jorge Sandoval explic\u00f3: \u201cLa intenci\u00f3n es instalar un angi\u00f3grafo (\u2026), encontrar la enfermedad coronaria y tratarla a tiempo. Nosotros estamos disponibles para colaborar tanto a la distancia como para colaborar en los casos en que nos pidan ayuda\u201d.<\/p>\n<p style=\"font-weight: 400; text-align: justify;\">Finalmente, uno de los responsables de levantar la necesidad de instalar en Ays\u00e9n una Unidad de Hemodinamia, el cardi\u00f3logo Patricio Julio recalc\u00f3: \u201cEsta es una muy buena noticia que estemos todos aqu\u00ed reunidos (\u2026). Creo que es una muy buena forma de hacer pol\u00edtica y sacar un tema relevante para nuestra comunidad\u201d, puntualiz\u00f3.<\/p>\n<\/div><\/section><\/div>\n<div  style='height:50px' class='hr hr-invisible   avia-builder-el-6  el_after_av_one_full  el_before_av_social_share '><span class='hr-inner ' ><span class='hr-inner-style'><\/span><\/span><\/div>\n<div  class='av-social-sharing-box  avia-builder-el-7  el_after_av_hr  el_before_av_hr  '><div class='av-share-box'><h5 class='av-share-link-description av-no-toc '>Compartir esta noticia<\/h5><ul class='av-share-box-list noLightbox'><li class='av-share-link av-social-link-facebook' ><a target=\"_blank\" aria-label=\"Compartir en Facebook\" href='https:\/\/www.facebook.com\/sharer.php?u=https:\/\/radiorevelacionfm.cl\/?p=6892&#038;t=Senadores%20%C3%93rdenes%20y%20Sandoval%20contin%C3%BAan%20gestiones%20para%20crear%20unidad%20especialista%20en%20enfermedades%20Cardiovasculares%20en%20la%20regi%C3%B3n' aria-hidden='false' data-av_icon='\ue8f3' data-av_iconfont='entypo-fontello' title='' data-avia-related-tooltip='Compartir en Facebook' rel=\"noopener\"><span class='avia_hidden_link_text'>Compartir en Facebook<\/span><\/a><\/li><li class='av-share-link av-social-link-twitter' ><a target=\"_blank\" aria-label=\"Compartir en Twitter\" href='https:\/\/twitter.com\/share?text=Senadores%20%C3%93rdenes%20y%20Sandoval%20contin%C3%BAan%20gestiones%20para%20crear%20unidad%20especialista%20en%20enfermedades%20Cardiovasculares%20en%20la%20regi%C3%B3n&#038;url=https:\/\/radiorevelacionfm.cl\/?p=6892' aria-hidden='false' data-av_icon='\ue8f1' data-av_iconfont='entypo-fontello' title='' data-avia-related-tooltip='Compartir en Twitter' rel=\"noopener\"><span class='avia_hidden_link_text'>Compartir en Twitter<\/span><\/a><\/li><li class='av-share-link av-social-link-whatsapp' ><a target=\"_blank\" aria-label=\"Compartir en Whatsapp\" href='https:\/\/api.whatsapp.com\/send?text=https:\/\/radiorevelacionfm.cl\/?p=6892' aria-hidden='false' data-av_icon='\uf232' data-av_iconfont='entypo-fontello' title='' data-avia-related-tooltip='Compartir en Whatsapp' rel=\"noopener\"><span class='avia_hidden_link_text'>Compartir en Whatsapp<\/span><\/a><\/li><li class='av-share-link av-social-link-linkedin' ><a target=\"_blank\" aria-label=\"Compartir en LinkedIn\" href='https:\/\/linkedin.com\/shareArticle?mini=true&#038;title=Senadores%20%C3%93rdenes%20y%20Sandoval%20contin%C3%BAan%20gestiones%20para%20crear%20unidad%20especialista%20en%20enfermedades%20Cardiovasculares%20en%20la%20regi%C3%B3n&#038;url=https:\/\/radiorevelacionfm.cl\/?p=6892' aria-hidden='false' data-av_icon='\ue8fc' data-av_iconfont='entypo-fontello' title='' data-avia-related-tooltip='Compartir en LinkedIn' rel=\"noopener\"><span class='avia_hidden_link_text'>Compartir en LinkedIn<\/span><\/a><\/li><li class='av-share-link av-social-link-mail' ><a  aria-label=\"Compartir por correo\" href='mailto:?subject=Senadores%20%C3%93rdenes%20y%20Sandoval%20contin%C3%BAan%20gestiones%20para%20crear%20unidad%20especialista%20en%20enfermedades%20Cardiovasculares%20en%20la%20regi%C3%B3n&#038;body=https:\/\/radiorevelacionfm.cl\/?p=6892' aria-hidden='false' data-av_icon='\ue805' data-av_iconfont='entypo-fontello' title='' data-avia-related-tooltip='Compartir por correo'><span class='avia_hidden_link_text'>Compartir por correo<\/span><\/a><\/li><\/ul><\/div><\/div>\n<div  style='height:50px' class='hr hr-invisible   avia-builder-el-8  el_after_av_social_share  el_before_av_comments_list '><span class='hr-inner ' ><span class='hr-inner-style'><\/span><\/span><\/div>\n<div  class='av-buildercomment  av-blog-meta-html-info-disabled av-blog-meta-tag-disabled  '><\/div>\n","protected":false},"excerpt":{"rendered":"","protected":false},"author":1,"featured_media":6921,"comment_status":"open","ping_status":"open","sticky":false,"template":"","format":"standard","meta":{"footnotes":""},"categories":[46],"tags":[],"class_list":["post-6892","post","type-post","status-publish","format-standard","has-post-thumbnail","hentry","category-salud"],"jetpack_featured_media_url":"https:\/\/radiorevelacionfm.cl\/wp-content\/uploads\/2021\/08\/Visita_Inst-Torax-0-1-1.jpg","_links":{"self":[{"href":"https:\/\/radiorevelacionfm.cl\/index.php?rest_route=\/wp\/v2\/posts\/6892","targetHints":{"allow":["GET"]}}],"collection":[{"href":"https:\/\/radiorevelacionfm.cl\/index.php?rest_route=\/wp\/v2\/posts"}],"about":[{"href":"https:\/\/radiorevelacionfm.cl\/index.php?rest_route=\/wp\/v2\/types\/post"}],"author":[{"embeddable":true,"href":"https:\/\/radiorevelacionfm.cl\/index.php?rest_route=\/wp\/v2\/users\/1"}],"replies":[{"embeddable":true,"href":"https:\/\/radiorevelacionfm.cl\/index.php?rest_route=%2Fwp%2Fv2%2Fcomments&post=6892"}],"version-history":[{"count":2,"href":"https:\/\/radiorevelacionfm.cl\/index.php?rest_route=\/wp\/v2\/posts\/6892\/revisions"}],"predecessor-version":[{"id":6922,"href":"https:\/\/radiorevelacionfm.cl\/index.php?rest_route=\/wp\/v2\/posts\/6892\/revisions\/6922"}],"wp:featuredmedia":[{"embeddable":true,"href":"https:\/\/radiorevelacionfm.cl\/index.php?rest_route=\/wp\/v2\/media\/6921"}],"wp:attachment":[{"href":"https:\/\/radiorevelacionfm.cl\/index.php?rest_route=%2Fwp%2Fv2%2Fmedia&parent=6892"}],"wp:term":[{"taxonomy":"category","embeddable":true,"href":"https:\/\/radiorevelacionfm.cl\/index.php?rest_route=%2Fwp%2Fv2%2Fcategories&post=6892"},{"taxonomy":"post_tag","embeddable":true,"href":"https:\/\/radiorevelacionfm.cl\/index.php?rest_route=%2Fwp%2Fv2%2Ftags&post=6892"}],"curies":[{"name":"wp","href":"https:\/\/api.w.org\/{rel}","templated":true}]}}