{"id":6889,"date":"2021-08-01T14:39:06","date_gmt":"2021-08-01T17:39:06","guid":{"rendered":"https:\/\/radiorevelacionfm.cl\/?p=6889"},"modified":"2021-08-01T14:39:06","modified_gmt":"2021-08-01T17:39:06","slug":"en-cochrane-servicios-firman-convenio-tripartito-de-cooperacion-para-manejo-del-parque-urbano","status":"publish","type":"post","link":"https:\/\/radiorevelacionfm.cl\/?p=6889","title":{"rendered":"En Cochrane servicios firman convenio tripartito de cooperaci\u00f3n para manejo del Parque Urbano"},"content":{"rendered":"<div class=\"flex_column av_one_full  flex_column_div av-zero-column-padding first  avia-builder-el-0  el_before_av_one_full  avia-builder-el-first  \" style='border-radius:0px; '><div  class='avia-image-container  av-styling-    avia-builder-el-1  avia-builder-el-no-sibling  avia-align-center '  itemprop=\"image\" itemscope=\"itemscope\" itemtype=\"https:\/\/schema.org\/ImageObject\"  ><div class='avia-image-container-inner'><div class='avia-image-overlay-wrap'><img decoding=\"async\" class='wp-image-6890 avia-img-lazy-loading-not-6890 avia_image' src=\"https:\/\/radiorevelacionfm.cl\/wp-content\/uploads\/2021\/08\/25f-1_optimized.jpg\" alt='' title='25f-(1)_optimized' height=\"600\" width=\"1066\"  itemprop=\"thumbnailUrl\" srcset=\"https:\/\/radiorevelacionfm.cl\/wp-content\/uploads\/2021\/08\/25f-1_optimized.jpg 1066w, https:\/\/radiorevelacionfm.cl\/wp-content\/uploads\/2021\/08\/25f-1_optimized-300x169.jpg 300w, https:\/\/radiorevelacionfm.cl\/wp-content\/uploads\/2021\/08\/25f-1_optimized-1030x580.jpg 1030w, https:\/\/radiorevelacionfm.cl\/wp-content\/uploads\/2021\/08\/25f-1_optimized-768x432.jpg 768w, https:\/\/radiorevelacionfm.cl\/wp-content\/uploads\/2021\/08\/25f-1_optimized-705x397.jpg 705w, https:\/\/radiorevelacionfm.cl\/wp-content\/uploads\/2021\/08\/25f-1_optimized-600x338.jpg 600w\" sizes=\"(max-width: 1066px) 100vw, 1066px\" \/><\/div><\/div><\/div><\/div><div class=\"flex_column av_one_full  flex_column_div av-zero-column-padding first  avia-builder-el-2  el_after_av_one_full  el_before_av_one_full  column-top-margin\" style='border-radius:0px; '><section class=\"av_textblock_section \"  itemscope=\"itemscope\" itemtype=\"https:\/\/schema.org\/BlogPosting\" itemprop=\"blogPost\" ><div class='avia_textblock  '   itemprop=\"text\" ><p style=\"text-align: center;\"><strong><span style=\"font-size: 18pt;\">En Cochrane servicios firman convenio tripartito de cooperaci\u00f3n para manejo del Parque Urbano<\/span><\/strong><\/p>\n<div id=\"gtx-trans\" style=\"position: absolute; left: -50px; top: 4.31534px;\">\n<div class=\"gtx-trans-icon\"><\/div>\n<\/div>\n<\/div><\/section><\/div><div class=\"flex_column av_one_full  flex_column_div av-zero-column-padding first  avia-builder-el-4  el_after_av_one_full  el_before_av_hr  column-top-margin\" style='border-radius:0px; '><section class=\"av_textblock_section \"  itemscope=\"itemscope\" itemtype=\"https:\/\/schema.org\/BlogPosting\" itemprop=\"blogPost\" ><div class='avia_textblock  '   itemprop=\"text\" ><p style=\"text-align: justify;\">En el Parque Urbano de Cochrane se firm\u00f3 el convenio tripartito entre el Ministerio de Bienes Nacionales, la Corporaci\u00f3n Nacional Forestal y la Delegaci\u00f3n Presidencial Provincia de Capit\u00e1n Prat. Por una parte, el acuerdo tiene por objetivo autorizar a Conaf -instituci\u00f3n que administra el parque de propiedad fiscal- la construcci\u00f3n de cortafuegos, manejo del bosque y contrataci\u00f3n de mano de obra, por otro lado, la de generar productos madereros, los que ser\u00e1n distribuidos por la Delegaci\u00f3n Presidencial a la poblaci\u00f3n m\u00e1s vulnerable de la comuna.<\/p>\n<p style=\"text-align: justify;\">Agregar que el acuerdo, firmado por el Subsecretario \u00c1lvaro Pillado, el Delegado Presidencial Gustavo M\u00e1rquez y el Director de Conaf Jos\u00e9 Bobadilla, busca la cooperaci\u00f3n y asistencia mutua para facilitar la intervenci\u00f3n a trav\u00e9s de acciones de manejo preventivo de incendios forestales en plantaciones forestales; asistir y capacitarse en materias relacionadas; y contribuir a mejorar la seguridad, tranquilidad y convivencia de la comunidad de Cochrane, a trav\u00e9s del manejo de bosques plantados dentro del radio urbano de la localidad.<\/p>\n<p style=\"text-align: justify;\">Esto \u00faltimo fue lo que destac\u00f3 el Subsecretario de Bienes Nacionales. \u201cLa idea es que el convenio sirva para apoyar a la comunidad local, no s\u00f3lo preservar y cuidar el medio ambiente, sino tambi\u00e9n con la madera que se extraiga, cuando se hagan los cortafuegos, pueda ser donada a las familias que m\u00e1s lo necesitan, una excelente iniciativa que ojal\u00e1 podamos replicar en otras partes del pa\u00eds\u201d, explic\u00f3 la autoridad nacional.<\/p>\n<p style=\"text-align: justify;\">En la ocasi\u00f3n el Director Regional de Conaf, destac\u00f3 la creaci\u00f3n de parques en los centros urbanos. \u201cEn la regi\u00f3n tenemos cuatro Parques Urbanos: Ma\u00f1ihuales, Islas Huichas, La Junta y este de Cochrane. La particularidad de la creaci\u00f3n de estos espacios, es que se vinculan con las comunidades, son lugares que les pertenecen a los vecinos. Si bien, nos encontramos en una regi\u00f3n con grandes extensiones de bosques, estos son escasos en los centros urbanos, por ello, queremos poner a disposici\u00f3n nuevos parques para que las familias y turistas puedan disfrutarlos\u201d, apunt\u00f3 el director.<\/p>\n<p style=\"text-align: justify;\"><strong>\u00a0<\/strong><\/p>\n<p style=\"text-align: justify;\"><strong>\u00a0<\/strong><\/p>\n<p style=\"text-align: justify;\"><strong>\u00a0<\/strong><\/p>\n<\/div><\/section><\/div><div  style='height:50px' class='hr hr-invisible   avia-builder-el-6  el_after_av_one_full  el_before_av_social_share '><span class='hr-inner ' ><span class='hr-inner-style'><\/span><\/span><\/div><\/p>\n<div  class='av-social-sharing-box  avia-builder-el-7  el_after_av_hr  el_before_av_hr  '><div class='av-share-box'><h5 class='av-share-link-description av-no-toc '>Compartir esta noticia<\/h5><ul class='av-share-box-list noLightbox'><li class='av-share-link av-social-link-facebook' ><a target=\"_blank\" aria-label=\"Compartir en Facebook\" href='https:\/\/www.facebook.com\/sharer.php?u=https:\/\/radiorevelacionfm.cl\/?p=6889&#038;t=En%20Cochrane%20servicios%20firman%20convenio%20tripartito%20de%20cooperaci%C3%B3n%20para%20manejo%20del%20Parque%20Urbano' aria-hidden='false' data-av_icon='\ue8f3' data-av_iconfont='entypo-fontello' title='' data-avia-related-tooltip='Compartir en Facebook' rel=\"noopener\"><span class='avia_hidden_link_text'>Compartir en Facebook<\/span><\/a><\/li><li class='av-share-link av-social-link-twitter' ><a target=\"_blank\" aria-label=\"Compartir en Twitter\" href='https:\/\/twitter.com\/share?text=En%20Cochrane%20servicios%20firman%20convenio%20tripartito%20de%20cooperaci%C3%B3n%20para%20manejo%20del%20Parque%20Urbano&#038;url=https:\/\/radiorevelacionfm.cl\/?p=6889' aria-hidden='false' data-av_icon='\ue8f1' data-av_iconfont='entypo-fontello' title='' data-avia-related-tooltip='Compartir en Twitter' rel=\"noopener\"><span class='avia_hidden_link_text'>Compartir en Twitter<\/span><\/a><\/li><li class='av-share-link av-social-link-whatsapp' ><a target=\"_blank\" aria-label=\"Compartir en Whatsapp\" href='https:\/\/api.whatsapp.com\/send?text=https:\/\/radiorevelacionfm.cl\/?p=6889' aria-hidden='false' data-av_icon='\uf232' data-av_iconfont='entypo-fontello' title='' data-avia-related-tooltip='Compartir en Whatsapp' rel=\"noopener\"><span class='avia_hidden_link_text'>Compartir en Whatsapp<\/span><\/a><\/li><li class='av-share-link av-social-link-linkedin' ><a target=\"_blank\" aria-label=\"Compartir en LinkedIn\" href='https:\/\/linkedin.com\/shareArticle?mini=true&#038;title=En%20Cochrane%20servicios%20firman%20convenio%20tripartito%20de%20cooperaci%C3%B3n%20para%20manejo%20del%20Parque%20Urbano&#038;url=https:\/\/radiorevelacionfm.cl\/?p=6889' aria-hidden='false' data-av_icon='\ue8fc' data-av_iconfont='entypo-fontello' title='' data-avia-related-tooltip='Compartir en LinkedIn' rel=\"noopener\"><span class='avia_hidden_link_text'>Compartir en LinkedIn<\/span><\/a><\/li><li class='av-share-link av-social-link-mail' ><a  aria-label=\"Compartir por correo\" href='mailto:?subject=En%20Cochrane%20servicios%20firman%20convenio%20tripartito%20de%20cooperaci%C3%B3n%20para%20manejo%20del%20Parque%20Urbano&#038;body=https:\/\/radiorevelacionfm.cl\/?p=6889' aria-hidden='false' data-av_icon='\ue805' data-av_iconfont='entypo-fontello' title='' data-avia-related-tooltip='Compartir por correo'><span class='avia_hidden_link_text'>Compartir por correo<\/span><\/a><\/li><\/ul><\/div><\/div>\n<div  style='height:50px' class='hr hr-invisible   avia-builder-el-8  el_after_av_social_share  el_before_av_comments_list '><span class='hr-inner ' ><span class='hr-inner-style'><\/span><\/span><\/div>\n<div  class='av-buildercomment  av-blog-meta-html-info-disabled av-blog-meta-tag-disabled  '><\/div>\n","protected":false},"excerpt":{"rendered":"","protected":false},"author":1,"featured_media":6890,"comment_status":"open","ping_status":"open","sticky":false,"template":"","format":"standard","meta":{"footnotes":""},"categories":[38],"tags":[],"class_list":["post-6889","post","type-post","status-publish","format-standard","has-post-thumbnail","hentry","category-regional"],"jetpack_featured_media_url":"https:\/\/radiorevelacionfm.cl\/wp-content\/uploads\/2021\/08\/25f-1_optimized.jpg","_links":{"self":[{"href":"https:\/\/radiorevelacionfm.cl\/index.php?rest_route=\/wp\/v2\/posts\/6889","targetHints":{"allow":["GET"]}}],"collection":[{"href":"https:\/\/radiorevelacionfm.cl\/index.php?rest_route=\/wp\/v2\/posts"}],"about":[{"href":"https:\/\/radiorevelacionfm.cl\/index.php?rest_route=\/wp\/v2\/types\/post"}],"author":[{"embeddable":true,"href":"https:\/\/radiorevelacionfm.cl\/index.php?rest_route=\/wp\/v2\/users\/1"}],"replies":[{"embeddable":true,"href":"https:\/\/radiorevelacionfm.cl\/index.php?rest_route=%2Fwp%2Fv2%2Fcomments&post=6889"}],"version-history":[{"count":1,"href":"https:\/\/radiorevelacionfm.cl\/index.php?rest_route=\/wp\/v2\/posts\/6889\/revisions"}],"predecessor-version":[{"id":6891,"href":"https:\/\/radiorevelacionfm.cl\/index.php?rest_route=\/wp\/v2\/posts\/6889\/revisions\/6891"}],"wp:featuredmedia":[{"embeddable":true,"href":"https:\/\/radiorevelacionfm.cl\/index.php?rest_route=\/wp\/v2\/media\/6890"}],"wp:attachment":[{"href":"https:\/\/radiorevelacionfm.cl\/index.php?rest_route=%2Fwp%2Fv2%2Fmedia&parent=6889"}],"wp:term":[{"taxonomy":"category","embeddable":true,"href":"https:\/\/radiorevelacionfm.cl\/index.php?rest_route=%2Fwp%2Fv2%2Fcategories&post=6889"},{"taxonomy":"post_tag","embeddable":true,"href":"https:\/\/radiorevelacionfm.cl\/index.php?rest_route=%2Fwp%2Fv2%2Ftags&post=6889"}],"curies":[{"name":"wp","href":"https:\/\/api.w.org\/{rel}","templated":true}]}}