{"id":6884,"date":"2021-08-01T13:58:09","date_gmt":"2021-08-01T16:58:09","guid":{"rendered":"https:\/\/radiorevelacionfm.cl\/?p=6884"},"modified":"2021-08-01T13:58:09","modified_gmt":"2021-08-01T16:58:09","slug":"vecinos-de-la-tapera-y-diputado-calisto-manifiestan-su-preocupacion-por-paralizacion-de-obras-de-la-nueva-posta","status":"publish","type":"post","link":"https:\/\/radiorevelacionfm.cl\/?p=6884","title":{"rendered":"Vecinos de La Tapera y diputado Calisto manifiestan su preocupaci\u00f3n por paralizaci\u00f3n de obras de la nueva Posta"},"content":{"rendered":"<div class=\"flex_column av_one_full  flex_column_div av-zero-column-padding first  avia-builder-el-0  el_before_av_one_full  avia-builder-el-first  \" style='border-radius:0px; '><div  class='avia-image-container  av-styling-    avia-builder-el-1  avia-builder-el-no-sibling  avia-align-center '  itemprop=\"image\" itemscope=\"itemscope\" itemtype=\"https:\/\/schema.org\/ImageObject\"  ><div class='avia-image-container-inner'><div class='avia-image-overlay-wrap'><img decoding=\"async\" class='wp-image-6887 avia-img-lazy-loading-not-6887 avia_image' src=\"https:\/\/radiorevelacionfm.cl\/wp-content\/uploads\/2021\/08\/POSTA-TAPERA-1.jpg\" alt='' title='POSTA TAPERA (1)' height=\"600\" width=\"1003\"  itemprop=\"thumbnailUrl\" srcset=\"https:\/\/radiorevelacionfm.cl\/wp-content\/uploads\/2021\/08\/POSTA-TAPERA-1.jpg 1003w, https:\/\/radiorevelacionfm.cl\/wp-content\/uploads\/2021\/08\/POSTA-TAPERA-1-300x179.jpg 300w, https:\/\/radiorevelacionfm.cl\/wp-content\/uploads\/2021\/08\/POSTA-TAPERA-1-768x459.jpg 768w, https:\/\/radiorevelacionfm.cl\/wp-content\/uploads\/2021\/08\/POSTA-TAPERA-1-705x422.jpg 705w, https:\/\/radiorevelacionfm.cl\/wp-content\/uploads\/2021\/08\/POSTA-TAPERA-1-600x359.jpg 600w\" sizes=\"(max-width: 1003px) 100vw, 1003px\" \/><\/div><\/div><\/div><\/div><div class=\"flex_column av_one_full  flex_column_div av-zero-column-padding first  avia-builder-el-2  el_after_av_one_full  el_before_av_one_full  column-top-margin\" style='border-radius:0px; '><section class=\"av_textblock_section \"  itemscope=\"itemscope\" itemtype=\"https:\/\/schema.org\/BlogPosting\" itemprop=\"blogPost\" ><div class='avia_textblock  '   itemprop=\"text\" ><p style=\"text-align: center;\"><strong><span style=\"font-size: 18pt;\">Vecinos de La Tapera y diputado Calisto manifiestan su preocupaci\u00f3n por paralizaci\u00f3n de obras de la nueva Posta<\/span><\/strong><\/p>\n<div id=\"gtx-trans\" style=\"position: absolute; left: -50px; top: 4.31534px;\">\n<div class=\"gtx-trans-icon\"><\/div>\n<\/div>\n<\/div><\/section><\/div><div class=\"flex_column av_one_full  flex_column_div av-zero-column-padding first  avia-builder-el-4  el_after_av_one_full  el_before_av_hr  column-top-margin\" style='border-radius:0px; '><section class=\"av_textblock_section \"  itemscope=\"itemscope\" itemtype=\"https:\/\/schema.org\/BlogPosting\" itemprop=\"blogPost\" ><div class='avia_textblock  '   itemprop=\"text\" ><p style=\"font-weight: 400; text-align: justify;\">Como un hecho preocupante calific\u00f3 el diputado Miguel \u00c1ngel Calisto y el Presidente de la Junta de Vecinos n\u00famero 2 de Villa La Tapera, Marco Cadag\u00e1n, la paralizaci\u00f3n de las obras de construcci\u00f3n de la nueva posta en la localidad, proyecto que involucraba una inversi\u00f3n cercana a los setecientos millones de pesos.<\/p>\n<p style=\"font-weight: 400; text-align: justify;\">Hace algunos d\u00edas, el Servicio de Salud realiz\u00f3 un t\u00e9rmino anticipado de contrato, aduciendo que el contratista que se adjudic\u00f3 la obra se ha visto afectado debido a la falta de stock y aumento de precios de los materiales de construcci\u00f3n, afectando tambi\u00e9n la cronolog\u00eda del proyecto.<\/p>\n<p style=\"font-weight: 400; text-align: justify;\">Seg\u00fan el diputado Calisto, \u201cestamos muy preocupados por la situaci\u00f3n que est\u00e1 afectando a los vecinos de Villa La Tapera. Hay un proyecto para mejorar la posta de esta localidad, tomando en cuenta la lejan\u00eda y la necesidad de contar con mejor infraestructura en salud, es una iniciativa muy importante para la gente. Lamentablemente los vecinos acusan que est\u00e1s obras han sido paralizadas por el Servicio de Salud Ays\u00e9n\u201d.<\/p>\n<p style=\"font-weight: 400; text-align: justify;\">\u201cNosotros en su momento hicimos gestiones para evitar que esto ocurriera, porque cuando se paraliza una obra, despu\u00e9s hay una serie de tr\u00e1mites administrativos que terminan demorando mucho m\u00e1s la construcci\u00f3n de la obra. Lamentablemente, el Servicio de Salud determin\u00f3 finiquitar el contrato\u201d, indic\u00f3.<\/p>\n<p style=\"font-weight: 400; text-align: justify;\">El legislador asegur\u00f3 que \u201cvamos a estar alertas y atentos junto a los vecinos de Villa La Tapera para evitar que tengamos mayores complicaciones en el futuro, y esto se pueda solucionar r\u00e1pido, de tal modo que la finalizaci\u00f3n de la obra se haga lo antes posible. Ha pasado en otras ocasiones que pasa mucho tiempo para retomar el trabajo, lo que afecta seriamente a la infraestructura construida, por lo que se tiene que hacer otro proyecto desde cero. No queremos que eso pase\u201d.<\/p>\n<p style=\"font-weight: 400; text-align: justify;\">Por su parte, Marco Cadag\u00e1n, presidente de la Junta de Vecinos n\u00famero 2 de Villa La Tapera, \u201ccomo dirigente representante de nuestros vecinos, estoy muy preocupado por el t\u00e9rmino de contrato con la empresa que est\u00e1 construyendo la posta, que ya lleva cerca de un 90% de avance. No sabemos cu\u00e1les fueron los motivos que llevaron a esto, s\u00f3lo sabemos que los \u00fanicos perjudicados con esto somos nosotros los vecinos\u201d.<\/p>\n<p style=\"font-weight: 400; text-align: justify;\">Finalmente, el dirigente se\u00f1al\u00f3 que \u201csi se paraliza la obra, no sabemos cu\u00e1ndo se retomar\u00e1, pero claramente no ser\u00e1 antes de un a\u00f1o. Hemos sido testigos de todos los esfuerzos que ha hecho el contratista para finalizar la obra, quien hasta el d\u00eda de hoy se mantiene en la localidad con su personal. Esperamos que las autoridades intervengan y no nos dejen esperando uno o dos a\u00f1os m\u00e1s por este anhelo que tenemos de contar con una infraestructura adecuada, que es tan necesaria en una localidad alejada como la nuestra\u201d.<\/p>\n<\/div><\/section><\/div><div  style='height:50px' class='hr hr-invisible   avia-builder-el-6  el_after_av_one_full  el_before_av_social_share '><span class='hr-inner ' ><span class='hr-inner-style'><\/span><\/span><\/div><\/p>\n<div  class='av-social-sharing-box  avia-builder-el-7  el_after_av_hr  el_before_av_hr  '><div class='av-share-box'><h5 class='av-share-link-description av-no-toc '>Compartir esta noticia<\/h5><ul class='av-share-box-list noLightbox'><li class='av-share-link av-social-link-facebook' ><a target=\"_blank\" aria-label=\"Compartir en Facebook\" href='https:\/\/www.facebook.com\/sharer.php?u=https:\/\/radiorevelacionfm.cl\/?p=6884&#038;t=Vecinos%20de%20La%20Tapera%20y%20diputado%20Calisto%20manifiestan%20su%20preocupaci%C3%B3n%20por%20paralizaci%C3%B3n%20de%20obras%20de%20la%20nueva%20Posta' aria-hidden='false' data-av_icon='\ue8f3' data-av_iconfont='entypo-fontello' title='' data-avia-related-tooltip='Compartir en Facebook' rel=\"noopener\"><span class='avia_hidden_link_text'>Compartir en Facebook<\/span><\/a><\/li><li class='av-share-link av-social-link-twitter' ><a target=\"_blank\" aria-label=\"Compartir en Twitter\" href='https:\/\/twitter.com\/share?text=Vecinos%20de%20La%20Tapera%20y%20diputado%20Calisto%20manifiestan%20su%20preocupaci%C3%B3n%20por%20paralizaci%C3%B3n%20de%20obras%20de%20la%20nueva%20Posta&#038;url=https:\/\/radiorevelacionfm.cl\/?p=6884' aria-hidden='false' data-av_icon='\ue8f1' data-av_iconfont='entypo-fontello' title='' data-avia-related-tooltip='Compartir en Twitter' rel=\"noopener\"><span class='avia_hidden_link_text'>Compartir en Twitter<\/span><\/a><\/li><li class='av-share-link av-social-link-whatsapp' ><a target=\"_blank\" aria-label=\"Compartir en Whatsapp\" href='https:\/\/api.whatsapp.com\/send?text=https:\/\/radiorevelacionfm.cl\/?p=6884' aria-hidden='false' data-av_icon='\uf232' data-av_iconfont='entypo-fontello' title='' data-avia-related-tooltip='Compartir en Whatsapp' rel=\"noopener\"><span class='avia_hidden_link_text'>Compartir en Whatsapp<\/span><\/a><\/li><li class='av-share-link av-social-link-linkedin' ><a target=\"_blank\" aria-label=\"Compartir en LinkedIn\" href='https:\/\/linkedin.com\/shareArticle?mini=true&#038;title=Vecinos%20de%20La%20Tapera%20y%20diputado%20Calisto%20manifiestan%20su%20preocupaci%C3%B3n%20por%20paralizaci%C3%B3n%20de%20obras%20de%20la%20nueva%20Posta&#038;url=https:\/\/radiorevelacionfm.cl\/?p=6884' aria-hidden='false' data-av_icon='\ue8fc' data-av_iconfont='entypo-fontello' title='' data-avia-related-tooltip='Compartir en LinkedIn' rel=\"noopener\"><span class='avia_hidden_link_text'>Compartir en LinkedIn<\/span><\/a><\/li><li class='av-share-link av-social-link-mail' ><a  aria-label=\"Compartir por correo\" href='mailto:?subject=Vecinos%20de%20La%20Tapera%20y%20diputado%20Calisto%20manifiestan%20su%20preocupaci%C3%B3n%20por%20paralizaci%C3%B3n%20de%20obras%20de%20la%20nueva%20Posta&#038;body=https:\/\/radiorevelacionfm.cl\/?p=6884' aria-hidden='false' data-av_icon='\ue805' data-av_iconfont='entypo-fontello' title='' data-avia-related-tooltip='Compartir por correo'><span class='avia_hidden_link_text'>Compartir por correo<\/span><\/a><\/li><\/ul><\/div><\/div>\n<div  style='height:50px' class='hr hr-invisible   avia-builder-el-8  el_after_av_social_share  el_before_av_comments_list '><span class='hr-inner ' ><span class='hr-inner-style'><\/span><\/span><\/div>\n<div  class='av-buildercomment  av-blog-meta-html-info-disabled av-blog-meta-tag-disabled  '><\/div>\n","protected":false},"excerpt":{"rendered":"","protected":false},"author":1,"featured_media":6887,"comment_status":"open","ping_status":"open","sticky":false,"template":"","format":"standard","meta":{"footnotes":""},"categories":[38],"tags":[],"class_list":["post-6884","post","type-post","status-publish","format-standard","has-post-thumbnail","hentry","category-regional"],"jetpack_featured_media_url":"https:\/\/radiorevelacionfm.cl\/wp-content\/uploads\/2021\/08\/POSTA-TAPERA-1.jpg","_links":{"self":[{"href":"https:\/\/radiorevelacionfm.cl\/index.php?rest_route=\/wp\/v2\/posts\/6884","targetHints":{"allow":["GET"]}}],"collection":[{"href":"https:\/\/radiorevelacionfm.cl\/index.php?rest_route=\/wp\/v2\/posts"}],"about":[{"href":"https:\/\/radiorevelacionfm.cl\/index.php?rest_route=\/wp\/v2\/types\/post"}],"author":[{"embeddable":true,"href":"https:\/\/radiorevelacionfm.cl\/index.php?rest_route=\/wp\/v2\/users\/1"}],"replies":[{"embeddable":true,"href":"https:\/\/radiorevelacionfm.cl\/index.php?rest_route=%2Fwp%2Fv2%2Fcomments&post=6884"}],"version-history":[{"count":1,"href":"https:\/\/radiorevelacionfm.cl\/index.php?rest_route=\/wp\/v2\/posts\/6884\/revisions"}],"predecessor-version":[{"id":6888,"href":"https:\/\/radiorevelacionfm.cl\/index.php?rest_route=\/wp\/v2\/posts\/6884\/revisions\/6888"}],"wp:featuredmedia":[{"embeddable":true,"href":"https:\/\/radiorevelacionfm.cl\/index.php?rest_route=\/wp\/v2\/media\/6887"}],"wp:attachment":[{"href":"https:\/\/radiorevelacionfm.cl\/index.php?rest_route=%2Fwp%2Fv2%2Fmedia&parent=6884"}],"wp:term":[{"taxonomy":"category","embeddable":true,"href":"https:\/\/radiorevelacionfm.cl\/index.php?rest_route=%2Fwp%2Fv2%2Fcategories&post=6884"},{"taxonomy":"post_tag","embeddable":true,"href":"https:\/\/radiorevelacionfm.cl\/index.php?rest_route=%2Fwp%2Fv2%2Ftags&post=6884"}],"curies":[{"name":"wp","href":"https:\/\/api.w.org\/{rel}","templated":true}]}}