{"id":6881,"date":"2021-07-31T20:26:30","date_gmt":"2021-07-31T23:26:30","guid":{"rendered":"https:\/\/radiorevelacionfm.cl\/?p=6881"},"modified":"2021-07-31T20:26:30","modified_gmt":"2021-07-31T23:26:30","slug":"ife-universal-de-julio-supera-los-15-millones-de-beneficiarios-e-inicia-pagos-presenciales-el-02-de-agosto","status":"publish","type":"post","link":"https:\/\/radiorevelacionfm.cl\/?p=6881","title":{"rendered":"IFE Universal de julio supera los 15 millones de beneficiarios e inicia pagos presenciales el 02 de agosto"},"content":{"rendered":"<div class=\"flex_column av_one_full  flex_column_div av-zero-column-padding first  avia-builder-el-0  el_before_av_one_full  avia-builder-el-first  \" style='border-radius:0px; '><div  class='avia-image-container  av-styling-    avia-builder-el-1  avia-builder-el-no-sibling  avia-align-center '  itemprop=\"image\" itemscope=\"itemscope\" itemtype=\"https:\/\/schema.org\/ImageObject\"  ><div class='avia-image-container-inner'><div class='avia-image-overlay-wrap'><img decoding=\"async\" class='wp-image-4942 avia-img-lazy-loading-not-4942 avia_image' src=\"https:\/\/radiorevelacionfm.cl\/wp-content\/uploads\/2021\/06\/BILLETES-2.jpg\" alt='' title='BILLETES (2)' height=\"600\" width=\"900\"  itemprop=\"thumbnailUrl\" srcset=\"https:\/\/radiorevelacionfm.cl\/wp-content\/uploads\/2021\/06\/BILLETES-2.jpg 900w, https:\/\/radiorevelacionfm.cl\/wp-content\/uploads\/2021\/06\/BILLETES-2-300x200.jpg 300w, https:\/\/radiorevelacionfm.cl\/wp-content\/uploads\/2021\/06\/BILLETES-2-768x512.jpg 768w, https:\/\/radiorevelacionfm.cl\/wp-content\/uploads\/2021\/06\/BILLETES-2-705x470.jpg 705w, https:\/\/radiorevelacionfm.cl\/wp-content\/uploads\/2021\/06\/BILLETES-2-600x400.jpg 600w\" sizes=\"(max-width: 900px) 100vw, 900px\" \/><\/div><\/div><\/div><\/div><div class=\"flex_column av_one_full  flex_column_div av-zero-column-padding first  avia-builder-el-2  el_after_av_one_full  el_before_av_one_full  column-top-margin\" style='border-radius:0px; '><section class=\"av_textblock_section \"  itemscope=\"itemscope\" itemtype=\"https:\/\/schema.org\/BlogPosting\" itemprop=\"blogPost\" ><div class='avia_textblock  '   itemprop=\"text\" ><p style=\"text-align: center;\"><strong><span style=\"font-size: 18pt;\">IFE Universal de julio supera los 15 millones de beneficiarios e inicia pagos presenciales el 02 de agosto<\/span><\/strong><\/p>\n<div id=\"gtx-trans\" style=\"position: absolute; left: -50px; top: 4.31534px;\">\n<div class=\"gtx-trans-icon\"><\/div>\n<\/div>\n<\/div><\/section><\/div><div class=\"flex_column av_one_full  flex_column_div av-zero-column-padding first  avia-builder-el-4  el_after_av_one_full  el_before_av_hr  column-top-margin\" style='border-radius:0px; '><section class=\"av_textblock_section \"  itemscope=\"itemscope\" itemtype=\"https:\/\/schema.org\/BlogPosting\" itemprop=\"blogPost\" ><div class='avia_textblock  '   itemprop=\"text\" ><p style=\"text-align: justify;\">Este jueves se inici\u00f3 el pago electr\u00f3nico del IFE Universal del mes de julio para cerca de 7,7 millones de hogares integrados por m\u00e1s de 15,8 millones de personas.<\/p>\n<p style=\"text-align: justify;\">As\u00ed, con el pago del IFE Universal de julio 2021 se benefici\u00f3 el 95,8% del total de hogares presentes en el RSH de este mes. Esta proporci\u00f3n alcanza el 98,9% en el tramo de mayor vulnerabilidad socioecon\u00f3mica (tramo del 0 a 40%).<\/p>\n<p style=\"text-align: justify;\">El monto total del IFE Universal de julio alcanza $2.224.042 millones. Este monto, es la transferencia directa m\u00e1s alta y masiva de la historia, adem\u00e1s de ser el monto mensual m\u00e1s alto desde que se inici\u00f3 el IFE.<\/p>\n<p style=\"text-align: justify;\">Adem\u00e1s supera en 8,5% el monto del IFE Universal de junio y en 78% el monto desembolsado por el IFE Ampliado de mayo de 2021. Es importante recalcar que este monto una vez que se incorpore a quienes tienen procesos de creaci\u00f3n de RSH en curso.<\/p>\n<table>\n<tbody>\n<tr>\n<td width=\"142\"><strong>Regiones<\/strong><\/td>\n<td width=\"91\"><strong>Personas<\/strong><\/p>\n<p><strong>\u00a0<\/strong><\/td>\n<td width=\"85\"><strong>Hogares<\/strong><\/p>\n<p><strong>\u00a0<\/strong><\/td>\n<\/tr>\n<tr>\n<td width=\"142\">Arica y Parinacota<\/td>\n<td width=\"91\">211.211<\/td>\n<td width=\"85\">111.224<\/td>\n<\/tr>\n<tr>\n<td width=\"142\">Tarapac\u00e1<\/td>\n<td width=\"91\">286.396<\/td>\n<td width=\"85\">141.812<\/td>\n<\/tr>\n<tr>\n<td width=\"142\">Antofagasta<\/td>\n<td width=\"91\">477.482<\/td>\n<td width=\"85\">226.501<\/td>\n<\/tr>\n<tr>\n<td width=\"142\">Atacama<\/td>\n<td width=\"91\">272.734<\/td>\n<td width=\"85\">136.596<\/td>\n<\/tr>\n<tr>\n<td width=\"142\">Coquimbo<\/td>\n<td width=\"91\">717.939<\/td>\n<td width=\"85\">328.546<\/td>\n<\/tr>\n<tr>\n<td width=\"142\">Valpara\u00edso<\/td>\n<td width=\"91\">1.672.360<\/td>\n<td width=\"85\">819.772<\/td>\n<\/tr>\n<tr>\n<td width=\"142\">Metropolitana<\/td>\n<td width=\"91\">5.899.761<\/td>\n<td width=\"85\">2.950.505<\/td>\n<\/tr>\n<tr>\n<td width=\"142\">O&#8217;Higgins<\/td>\n<td width=\"91\">891.453<\/td>\n<td width=\"85\">441.590<\/td>\n<\/tr>\n<tr>\n<td width=\"142\">Maule<\/td>\n<td width=\"91\">1.056.267<\/td>\n<td width=\"85\">516.263<\/td>\n<\/tr>\n<tr>\n<td width=\"142\">\u00d1uble<\/td>\n<td width=\"91\">484.731<\/td>\n<td width=\"85\">221.701<\/td>\n<\/tr>\n<tr>\n<td width=\"142\">Biob\u00edo<\/td>\n<td width=\"91\">1.466.149<\/td>\n<td width=\"85\">683.242<\/td>\n<\/tr>\n<tr>\n<td width=\"142\">Araucan\u00eda<\/td>\n<td width=\"91\">959.330<\/td>\n<td width=\"85\">425.502<\/td>\n<\/tr>\n<tr>\n<td width=\"142\">Los R\u00edos<\/td>\n<td width=\"91\">374.205<\/td>\n<td width=\"85\">179.053<\/td>\n<\/tr>\n<tr>\n<td width=\"142\">Los Lagos<\/td>\n<td width=\"91\">802.508<\/td>\n<td width=\"85\">381.727<\/td>\n<\/tr>\n<tr>\n<td width=\"142\">Ays\u00e9n<\/td>\n<td width=\"91\">95.427<\/td>\n<td width=\"85\">44.396<\/td>\n<\/tr>\n<tr>\n<td width=\"142\">Magallanes<\/td>\n<td width=\"91\">137.610<\/td>\n<td width=\"85\">68.197<\/td>\n<\/tr>\n<tr>\n<td width=\"142\"><strong>Total<\/strong><\/td>\n<td width=\"91\"><strong>15.805.563<\/strong><\/td>\n<td width=\"85\"><strong>7.676.627<\/strong><\/td>\n<\/tr>\n<\/tbody>\n<\/table>\n<p style=\"text-align: justify;\">Los pagos electr\u00f3nicos que comenzaron este jueves se extender\u00e1n hasta el 11 de agosto, mientras que los pagos presenciales iniciar\u00e1n este lunes 2 de agosto. Adem\u00e1s, quienes se inscribieron el IFE Universal en junio y no ten\u00edan\u00a0a\u00fan aprobado su RSH, recibir\u00e1n el pago el 11 de agosto.<\/p>\n<\/div><\/section><\/div><div  style='height:50px' class='hr hr-invisible   avia-builder-el-6  el_after_av_one_full  el_before_av_social_share '><span class='hr-inner ' ><span class='hr-inner-style'><\/span><\/span><\/div><\/p>\n<div  class='av-social-sharing-box  avia-builder-el-7  el_after_av_hr  el_before_av_hr  '><div class='av-share-box'><h5 class='av-share-link-description av-no-toc '>Compartir esta noticia<\/h5><ul class='av-share-box-list noLightbox'><li class='av-share-link av-social-link-facebook' ><a target=\"_blank\" aria-label=\"Compartir en Facebook\" href='https:\/\/www.facebook.com\/sharer.php?u=https:\/\/radiorevelacionfm.cl\/?p=6881&#038;t=IFE%20Universal%20de%20julio%20supera%20los%2015%20millones%20de%20beneficiarios%20e%20inicia%20pagos%20presenciales%20el%2002%20de%20agosto' aria-hidden='false' data-av_icon='\ue8f3' data-av_iconfont='entypo-fontello' title='' data-avia-related-tooltip='Compartir en Facebook' rel=\"noopener\"><span class='avia_hidden_link_text'>Compartir en Facebook<\/span><\/a><\/li><li class='av-share-link av-social-link-twitter' ><a target=\"_blank\" aria-label=\"Compartir en Twitter\" href='https:\/\/twitter.com\/share?text=IFE%20Universal%20de%20julio%20supera%20los%2015%20millones%20de%20beneficiarios%20e%20inicia%20pagos%20presenciales%20el%2002%20de%20agosto&#038;url=https:\/\/radiorevelacionfm.cl\/?p=6881' aria-hidden='false' data-av_icon='\ue8f1' data-av_iconfont='entypo-fontello' title='' data-avia-related-tooltip='Compartir en Twitter' rel=\"noopener\"><span class='avia_hidden_link_text'>Compartir en Twitter<\/span><\/a><\/li><li class='av-share-link av-social-link-whatsapp' ><a target=\"_blank\" aria-label=\"Compartir en Whatsapp\" href='https:\/\/api.whatsapp.com\/send?text=https:\/\/radiorevelacionfm.cl\/?p=6881' aria-hidden='false' data-av_icon='\uf232' data-av_iconfont='entypo-fontello' title='' data-avia-related-tooltip='Compartir en Whatsapp' rel=\"noopener\"><span class='avia_hidden_link_text'>Compartir en Whatsapp<\/span><\/a><\/li><li class='av-share-link av-social-link-linkedin' ><a target=\"_blank\" aria-label=\"Compartir en LinkedIn\" href='https:\/\/linkedin.com\/shareArticle?mini=true&#038;title=IFE%20Universal%20de%20julio%20supera%20los%2015%20millones%20de%20beneficiarios%20e%20inicia%20pagos%20presenciales%20el%2002%20de%20agosto&#038;url=https:\/\/radiorevelacionfm.cl\/?p=6881' aria-hidden='false' data-av_icon='\ue8fc' data-av_iconfont='entypo-fontello' title='' data-avia-related-tooltip='Compartir en LinkedIn' rel=\"noopener\"><span class='avia_hidden_link_text'>Compartir en LinkedIn<\/span><\/a><\/li><li class='av-share-link av-social-link-mail' ><a  aria-label=\"Compartir por correo\" href='mailto:?subject=IFE%20Universal%20de%20julio%20supera%20los%2015%20millones%20de%20beneficiarios%20e%20inicia%20pagos%20presenciales%20el%2002%20de%20agosto&#038;body=https:\/\/radiorevelacionfm.cl\/?p=6881' aria-hidden='false' data-av_icon='\ue805' data-av_iconfont='entypo-fontello' title='' data-avia-related-tooltip='Compartir por correo'><span class='avia_hidden_link_text'>Compartir por correo<\/span><\/a><\/li><\/ul><\/div><\/div>\n<div  style='height:50px' class='hr hr-invisible   avia-builder-el-8  el_after_av_social_share  el_before_av_comments_list '><span class='hr-inner ' ><span class='hr-inner-style'><\/span><\/span><\/div>\n<div  class='av-buildercomment  av-blog-meta-html-info-disabled av-blog-meta-tag-disabled  '><\/div>\n","protected":false},"excerpt":{"rendered":"","protected":false},"author":1,"featured_media":4942,"comment_status":"open","ping_status":"open","sticky":false,"template":"","format":"standard","meta":{"footnotes":""},"categories":[37],"tags":[],"class_list":["post-6881","post","type-post","status-publish","format-standard","has-post-thumbnail","hentry","category-economia"],"jetpack_featured_media_url":"https:\/\/radiorevelacionfm.cl\/wp-content\/uploads\/2021\/06\/BILLETES-2.jpg","_links":{"self":[{"href":"https:\/\/radiorevelacionfm.cl\/index.php?rest_route=\/wp\/v2\/posts\/6881","targetHints":{"allow":["GET"]}}],"collection":[{"href":"https:\/\/radiorevelacionfm.cl\/index.php?rest_route=\/wp\/v2\/posts"}],"about":[{"href":"https:\/\/radiorevelacionfm.cl\/index.php?rest_route=\/wp\/v2\/types\/post"}],"author":[{"embeddable":true,"href":"https:\/\/radiorevelacionfm.cl\/index.php?rest_route=\/wp\/v2\/users\/1"}],"replies":[{"embeddable":true,"href":"https:\/\/radiorevelacionfm.cl\/index.php?rest_route=%2Fwp%2Fv2%2Fcomments&post=6881"}],"version-history":[{"count":1,"href":"https:\/\/radiorevelacionfm.cl\/index.php?rest_route=\/wp\/v2\/posts\/6881\/revisions"}],"predecessor-version":[{"id":6882,"href":"https:\/\/radiorevelacionfm.cl\/index.php?rest_route=\/wp\/v2\/posts\/6881\/revisions\/6882"}],"wp:featuredmedia":[{"embeddable":true,"href":"https:\/\/radiorevelacionfm.cl\/index.php?rest_route=\/wp\/v2\/media\/4942"}],"wp:attachment":[{"href":"https:\/\/radiorevelacionfm.cl\/index.php?rest_route=%2Fwp%2Fv2%2Fmedia&parent=6881"}],"wp:term":[{"taxonomy":"category","embeddable":true,"href":"https:\/\/radiorevelacionfm.cl\/index.php?rest_route=%2Fwp%2Fv2%2Fcategories&post=6881"},{"taxonomy":"post_tag","embeddable":true,"href":"https:\/\/radiorevelacionfm.cl\/index.php?rest_route=%2Fwp%2Fv2%2Ftags&post=6881"}],"curies":[{"name":"wp","href":"https:\/\/api.w.org\/{rel}","templated":true}]}}