{"id":6874,"date":"2021-07-30T20:49:22","date_gmt":"2021-07-30T23:49:22","guid":{"rendered":"https:\/\/radiorevelacionfm.cl\/?p=6874"},"modified":"2021-07-30T20:49:22","modified_gmt":"2021-07-30T23:49:22","slug":"campana-aysen-elige-vidrio-consigue-despachar-20-toneladas-de-residuos-en-su-tercer-envio-a-santiago","status":"publish","type":"post","link":"https:\/\/radiorevelacionfm.cl\/?p=6874","title":{"rendered":"Campa\u00f1a Ays\u00e9n Elige Vidrio consigue despachar 20 toneladas de residuos en su tercer env\u00edo a Santiago"},"content":{"rendered":"<div class=\"flex_column av_one_full  flex_column_div av-zero-column-padding first  avia-builder-el-0  el_before_av_one_full  avia-builder-el-first  \" style='border-radius:0px; '><div  class='avia-image-container  av-styling-    avia-builder-el-1  avia-builder-el-no-sibling  avia-align-center '  itemprop=\"image\" itemscope=\"itemscope\" itemtype=\"https:\/\/schema.org\/ImageObject\"  ><div class='avia-image-container-inner'><div class='avia-image-overlay-wrap'><img decoding=\"async\" class='wp-image-6875 avia-img-lazy-loading-not-6875 avia_image' src=\"https:\/\/radiorevelacionfm.cl\/wp-content\/uploads\/2021\/07\/IMG-AEV2-1.jpeg\" alt='' title='IMG-AEV2 (1)' height=\"600\" width=\"800\"  itemprop=\"thumbnailUrl\" srcset=\"https:\/\/radiorevelacionfm.cl\/wp-content\/uploads\/2021\/07\/IMG-AEV2-1.jpeg 800w, https:\/\/radiorevelacionfm.cl\/wp-content\/uploads\/2021\/07\/IMG-AEV2-1-300x225.jpeg 300w, https:\/\/radiorevelacionfm.cl\/wp-content\/uploads\/2021\/07\/IMG-AEV2-1-768x576.jpeg 768w, https:\/\/radiorevelacionfm.cl\/wp-content\/uploads\/2021\/07\/IMG-AEV2-1-705x529.jpeg 705w, https:\/\/radiorevelacionfm.cl\/wp-content\/uploads\/2021\/07\/IMG-AEV2-1-600x450.jpeg 600w\" sizes=\"(max-width: 800px) 100vw, 800px\" \/><\/div><\/div><\/div><\/div><div class=\"flex_column av_one_full  flex_column_div av-zero-column-padding first  avia-builder-el-2  el_after_av_one_full  el_before_av_one_full  column-top-margin\" style='border-radius:0px; '><section class=\"av_textblock_section \"  itemscope=\"itemscope\" itemtype=\"https:\/\/schema.org\/BlogPosting\" itemprop=\"blogPost\" ><div class='avia_textblock  '   itemprop=\"text\" ><p style=\"text-align: center;\"><strong><span style=\"font-size: 18pt;\">Campa\u00f1a Ays\u00e9n Elige Vidrio consigue despachar 20 toneladas de residuos en su tercer env\u00edo a Santiago<\/span><\/strong><\/p>\n<div id=\"gtx-trans\" style=\"position: absolute; left: -50px; top: 4.31534px;\">\n<div class=\"gtx-trans-icon\"><\/div>\n<\/div>\n<\/div><\/section><\/div><div class=\"flex_column av_one_full  flex_column_div av-zero-column-padding first  avia-builder-el-4  el_after_av_one_full  el_before_av_hr  column-top-margin\" style='border-radius:0px; '><section class=\"av_textblock_section \"  itemscope=\"itemscope\" itemtype=\"https:\/\/schema.org\/BlogPosting\" itemprop=\"blogPost\" ><div class='avia_textblock  '   itemprop=\"text\" ><p style=\"text-align: justify;\">Una iniciativa que comenz\u00f3 a gestarse desde la Ilustre Municipalidad de Ays\u00e9n en coordinaci\u00f3n a distintas entidades p\u00fablico &#8211; privadas en el a\u00f1o 2019 y que hoy ya se ha transformado en toda una cultura para los habitantes de la comuna porte\u00f1a, esto gracias a la confianza de los vecinos y vecinas que han dispuesto de sus residuos de vidrio en las g\u00f3ndolas habilitadas por la campa\u00f1a \u201cAys\u00e9n Elige Vidrio\u201d, que permiti\u00f3 recolectar 20 toneladas de materiales, las cuales ahora contar\u00e1n con un nuevo uso tras su despacho a la capital del pa\u00eds.<\/p>\n<p style=\"text-align: justify;\">En este sentido, el encargado de Medio Ambiente de la Casa Edilicia, Juan Antonio Morales, detall\u00f3 que \u201ceste tercer env\u00edo que realizamos a Cristaler\u00edas Chile en el programa Ays\u00e9n Elige Vidrio, esto junto a unidades como la Seremi Medio Ambiente y tambi\u00e9n con Reciclajes Martino y aparte de ellos, tenemos estas seis campanas distribuidas en nuestra ciudad. Podemos se\u00f1alar que el d\u00eda de ayer se enviaron en este tercer embarque la cantidad de 20 toneladas de vidrio, hemos visto el aumento del reciclaje por parte de la comunidad y el comportamiento de la poblaci\u00f3n que ya han asumido estos puntos de reciclaje como las campanas donde se puede apreciar cada vez m\u00e1s una conducta ambiental\u201d.<\/p>\n<p style=\"text-align: justify;\">Finalmente, el personero municipal relev\u00f3 la visi\u00f3n en materia ambiental que busca entregar el alcalde Julio Uribe, quien ya solicit\u00f3 efectuar una reuni\u00f3n con los principales incumbentes en la materia \u201cFecunda Patagonia, Reciclajes Martino, don Rudy Hern\u00e1ndez, para empezar a gestionar un trabajo mancomunado y lograr que los residuos domiciliarios puedan tener una buena disposici\u00f3n, que es un tema importante. Hemos visto en los microbasurales que muchas veces no tenemos donde disponer esos residuos y estamos gestionando ya las acciones para que podamos tener posteriormente los puntos asociados a estos y poder contar con una disposici\u00f3n final adecuada y pertinente\u201d sentenci\u00f3 Morales.<\/p>\n<\/div><\/section><\/div><div  style='height:50px' class='hr hr-invisible   avia-builder-el-6  el_after_av_one_full  el_before_av_social_share '><span class='hr-inner ' ><span class='hr-inner-style'><\/span><\/span><\/div><\/p>\n<div  class='av-social-sharing-box  avia-builder-el-7  el_after_av_hr  el_before_av_hr  '><div class='av-share-box'><h5 class='av-share-link-description av-no-toc '>Compartir esta noticia<\/h5><ul class='av-share-box-list noLightbox'><li class='av-share-link av-social-link-facebook' ><a target=\"_blank\" aria-label=\"Compartir en Facebook\" href='https:\/\/www.facebook.com\/sharer.php?u=https:\/\/radiorevelacionfm.cl\/?p=6874&#038;t=Campa%C3%B1a%20Ays%C3%A9n%20Elige%20Vidrio%20consigue%20despachar%2020%20toneladas%20de%20residuos%20en%20su%20tercer%20env%C3%ADo%20a%20Santiago' aria-hidden='false' data-av_icon='\ue8f3' data-av_iconfont='entypo-fontello' title='' data-avia-related-tooltip='Compartir en Facebook' rel=\"noopener\"><span class='avia_hidden_link_text'>Compartir en Facebook<\/span><\/a><\/li><li class='av-share-link av-social-link-twitter' ><a target=\"_blank\" aria-label=\"Compartir en Twitter\" href='https:\/\/twitter.com\/share?text=Campa%C3%B1a%20Ays%C3%A9n%20Elige%20Vidrio%20consigue%20despachar%2020%20toneladas%20de%20residuos%20en%20su%20tercer%20env%C3%ADo%20a%20Santiago&#038;url=https:\/\/radiorevelacionfm.cl\/?p=6874' aria-hidden='false' data-av_icon='\ue8f1' data-av_iconfont='entypo-fontello' title='' data-avia-related-tooltip='Compartir en Twitter' rel=\"noopener\"><span class='avia_hidden_link_text'>Compartir en Twitter<\/span><\/a><\/li><li class='av-share-link av-social-link-whatsapp' ><a target=\"_blank\" aria-label=\"Compartir en Whatsapp\" href='https:\/\/api.whatsapp.com\/send?text=https:\/\/radiorevelacionfm.cl\/?p=6874' aria-hidden='false' data-av_icon='\uf232' data-av_iconfont='entypo-fontello' title='' data-avia-related-tooltip='Compartir en Whatsapp' rel=\"noopener\"><span class='avia_hidden_link_text'>Compartir en Whatsapp<\/span><\/a><\/li><li class='av-share-link av-social-link-linkedin' ><a target=\"_blank\" aria-label=\"Compartir en LinkedIn\" href='https:\/\/linkedin.com\/shareArticle?mini=true&#038;title=Campa%C3%B1a%20Ays%C3%A9n%20Elige%20Vidrio%20consigue%20despachar%2020%20toneladas%20de%20residuos%20en%20su%20tercer%20env%C3%ADo%20a%20Santiago&#038;url=https:\/\/radiorevelacionfm.cl\/?p=6874' aria-hidden='false' data-av_icon='\ue8fc' data-av_iconfont='entypo-fontello' title='' data-avia-related-tooltip='Compartir en LinkedIn' rel=\"noopener\"><span class='avia_hidden_link_text'>Compartir en LinkedIn<\/span><\/a><\/li><li class='av-share-link av-social-link-mail' ><a  aria-label=\"Compartir por correo\" href='mailto:?subject=Campa%C3%B1a%20Ays%C3%A9n%20Elige%20Vidrio%20consigue%20despachar%2020%20toneladas%20de%20residuos%20en%20su%20tercer%20env%C3%ADo%20a%20Santiago&#038;body=https:\/\/radiorevelacionfm.cl\/?p=6874' aria-hidden='false' data-av_icon='\ue805' data-av_iconfont='entypo-fontello' title='' data-avia-related-tooltip='Compartir por correo'><span class='avia_hidden_link_text'>Compartir por correo<\/span><\/a><\/li><\/ul><\/div><\/div>\n<div  style='height:50px' class='hr hr-invisible   avia-builder-el-8  el_after_av_social_share  el_before_av_comments_list '><span class='hr-inner ' ><span class='hr-inner-style'><\/span><\/span><\/div>\n<div  class='av-buildercomment  av-blog-meta-html-info-disabled av-blog-meta-tag-disabled  '><\/div>\n","protected":false},"excerpt":{"rendered":"","protected":false},"author":1,"featured_media":6875,"comment_status":"open","ping_status":"open","sticky":false,"template":"","format":"standard","meta":{"footnotes":""},"categories":[39],"tags":[],"class_list":["post-6874","post","type-post","status-publish","format-standard","has-post-thumbnail","hentry","category-medio-ambiente"],"jetpack_featured_media_url":"https:\/\/radiorevelacionfm.cl\/wp-content\/uploads\/2021\/07\/IMG-AEV2-1.jpeg","_links":{"self":[{"href":"https:\/\/radiorevelacionfm.cl\/index.php?rest_route=\/wp\/v2\/posts\/6874","targetHints":{"allow":["GET"]}}],"collection":[{"href":"https:\/\/radiorevelacionfm.cl\/index.php?rest_route=\/wp\/v2\/posts"}],"about":[{"href":"https:\/\/radiorevelacionfm.cl\/index.php?rest_route=\/wp\/v2\/types\/post"}],"author":[{"embeddable":true,"href":"https:\/\/radiorevelacionfm.cl\/index.php?rest_route=\/wp\/v2\/users\/1"}],"replies":[{"embeddable":true,"href":"https:\/\/radiorevelacionfm.cl\/index.php?rest_route=%2Fwp%2Fv2%2Fcomments&post=6874"}],"version-history":[{"count":1,"href":"https:\/\/radiorevelacionfm.cl\/index.php?rest_route=\/wp\/v2\/posts\/6874\/revisions"}],"predecessor-version":[{"id":6876,"href":"https:\/\/radiorevelacionfm.cl\/index.php?rest_route=\/wp\/v2\/posts\/6874\/revisions\/6876"}],"wp:featuredmedia":[{"embeddable":true,"href":"https:\/\/radiorevelacionfm.cl\/index.php?rest_route=\/wp\/v2\/media\/6875"}],"wp:attachment":[{"href":"https:\/\/radiorevelacionfm.cl\/index.php?rest_route=%2Fwp%2Fv2%2Fmedia&parent=6874"}],"wp:term":[{"taxonomy":"category","embeddable":true,"href":"https:\/\/radiorevelacionfm.cl\/index.php?rest_route=%2Fwp%2Fv2%2Fcategories&post=6874"},{"taxonomy":"post_tag","embeddable":true,"href":"https:\/\/radiorevelacionfm.cl\/index.php?rest_route=%2Fwp%2Fv2%2Ftags&post=6874"}],"curies":[{"name":"wp","href":"https:\/\/api.w.org\/{rel}","templated":true}]}}