{"id":6871,"date":"2021-07-31T12:56:56","date_gmt":"2021-07-31T15:56:56","guid":{"rendered":"https:\/\/radiorevelacionfm.cl\/?p=6871"},"modified":"2021-07-31T12:56:56","modified_gmt":"2021-07-31T15:56:56","slug":"consejo-comunal-de-seguridad-publica-de-aysen-proyecta-trabajo-a-futuro-con-fuerte-alianza-institucional","status":"publish","type":"post","link":"https:\/\/radiorevelacionfm.cl\/?p=6871","title":{"rendered":"Consejo Comunal de Seguridad P\u00fablica de Ays\u00e9n proyecta trabajo a futuro con fuerte alianza institucional"},"content":{"rendered":"<div class=\"flex_column av_one_full  flex_column_div av-zero-column-padding first  avia-builder-el-0  el_before_av_one_full  avia-builder-el-first  \" style='border-radius:0px; '><div  class='avia-image-container  av-styling-    avia-builder-el-1  avia-builder-el-no-sibling  avia-align-center '  itemprop=\"image\" itemscope=\"itemscope\" itemtype=\"https:\/\/schema.org\/ImageObject\"  ><div class='avia-image-container-inner'><div class='avia-image-overlay-wrap'><img decoding=\"async\" class='wp-image-6872 avia-img-lazy-loading-not-6872 avia_image' src=\"https:\/\/radiorevelacionfm.cl\/wp-content\/uploads\/2021\/07\/img-ccsp0-1_optimized.jpg\" alt='' title='img-ccsp0-(1)_optimized' height=\"600\" width=\"1033\"  itemprop=\"thumbnailUrl\" srcset=\"https:\/\/radiorevelacionfm.cl\/wp-content\/uploads\/2021\/07\/img-ccsp0-1_optimized.jpg 1033w, https:\/\/radiorevelacionfm.cl\/wp-content\/uploads\/2021\/07\/img-ccsp0-1_optimized-300x174.jpg 300w, https:\/\/radiorevelacionfm.cl\/wp-content\/uploads\/2021\/07\/img-ccsp0-1_optimized-1030x598.jpg 1030w, https:\/\/radiorevelacionfm.cl\/wp-content\/uploads\/2021\/07\/img-ccsp0-1_optimized-768x446.jpg 768w, https:\/\/radiorevelacionfm.cl\/wp-content\/uploads\/2021\/07\/img-ccsp0-1_optimized-705x409.jpg 705w, https:\/\/radiorevelacionfm.cl\/wp-content\/uploads\/2021\/07\/img-ccsp0-1_optimized-600x348.jpg 600w\" sizes=\"(max-width: 1033px) 100vw, 1033px\" \/><\/div><\/div><\/div><\/div><div class=\"flex_column av_one_full  flex_column_div av-zero-column-padding first  avia-builder-el-2  el_after_av_one_full  el_before_av_one_full  column-top-margin\" style='border-radius:0px; '><section class=\"av_textblock_section \"  itemscope=\"itemscope\" itemtype=\"https:\/\/schema.org\/BlogPosting\" itemprop=\"blogPost\" ><div class='avia_textblock  '   itemprop=\"text\" ><p style=\"text-align: center;\"><strong><span style=\"font-size: 18pt;\">Consejo Comunal de Seguridad P\u00fablica de Ays\u00e9n proyecta trabajo a futuro con fuerte alianza institucional<\/span><\/strong><\/p>\n<div id=\"gtx-trans\" style=\"position: absolute; left: -50px; top: 4.31534px;\">\n<div class=\"gtx-trans-icon\"><\/div>\n<\/div>\n<\/div><\/section><\/div><div class=\"flex_column av_one_full  flex_column_div av-zero-column-padding first  avia-builder-el-4  el_after_av_one_full  el_before_av_hr  column-top-margin\" style='border-radius:0px; '><section class=\"av_textblock_section \"  itemscope=\"itemscope\" itemtype=\"https:\/\/schema.org\/BlogPosting\" itemprop=\"blogPost\" ><div class='avia_textblock  '   itemprop=\"text\" ><p style=\"text-align: justify;\">Con una amplia disposici\u00f3n a continuar un trabajo cercano a los vecinos y vecinas para abordar sus m\u00faltiples requerimientos en materia de seguridad, los integrantes del Consejo Comunal de Seguridad P\u00fablica de Ays\u00e9n expusieron los avances efectuados que han permitido evitar distintos tipos de delitos. Adem\u00e1s, los actores involucrados que contempla esta iniciativa liderada por la Ilustre Municipalidad de Ays\u00e9n concordaron en que se debe seguir avanzando en factores protectores para el cuidado del entorno.<\/p>\n<p style=\"text-align: justify;\">Al respecto, el alcalde de Ays\u00e9n, Julio Uribe, enfatiz\u00f3 la importancia que tendr\u00e1 este eje en su administraci\u00f3n, esto considerando que tras su asunci\u00f3n una de las primeras intervenciones fue precisamente crear la Direcci\u00f3n de Seguridad P\u00fablica en la Casa Edilicia para fortalecer el trabajo en esta materia y poder actuar de manera coordinada con las diferentes polic\u00edas presentes en el territorio y todos los involucrados<\/p>\n<p style=\"text-align: justify;\">A\u00f1adiendo que se espera \u201ccomenzar un trabajo que es complejo, pero estamos con la convicci\u00f3n de que vamos a darle m\u00e1s seguridad nuestra gente, de forma seria y profesional. Uno de los temas que se abord\u00f3 fue relativo a los programas de C\u00e1maras de Seguridad, ante esto es importante indicarle a nuestra poblaci\u00f3n que esos proyectos contin\u00faan como se ven\u00edan ejecutando y tambi\u00e9n destacar que estamos viendo otras modalidades con el objetivo de llegar a todos los habitantes\u201d.<\/p>\n<p style=\"text-align: justify;\">Por su parte, el Coordinador regional la Subsecretar\u00eda de Prevenci\u00f3n del Delito, Rodrigo Solo de Zald\u00edvar, adem\u00e1s de relatar la importancia que tuvo este primer encuentro con el edil de Ays\u00e9n, explic\u00f3 los alcances del trabajo colaborativo en esta materia para conseguir el objetivo planteado y enfatiz\u00f3 en que el proyecto de C\u00e1maras de Seguridad iniciado anteriormente y la asignaci\u00f3n directa efectuada por el servicio que representa traducir\u00e1 en la implementaci\u00f3n de este equipamiento a finales del presente a\u00f1o.<\/p>\n<p style=\"text-align: justify;\">Finalmente, desde la Polic\u00eda de Investigaciones (PDI) en la comuna de Ays\u00e9n, el subprefecto, Eduardo Charpentier, detall\u00f3 la importancia de esta jornada con motivo de proyectar el trabajo a realizar. Asimismo, enfatiz\u00f3 en la concientizaci\u00f3n necesaria que debe existir con los vecinos y vecinas para evitar ser victimas de delitos, principalmente profundizando los lazos en esta materia \u201cen el cual ellos tambi\u00e9n tienen que aportar, en el sentido de dar a conocer, de denunciar y por ejemplo hablamos de la plataforma del denuncia seguro\u201d. Relat\u00f3 el personero de la PDI.<\/p>\n<\/div><\/section><\/div><div  style='height:50px' class='hr hr-invisible   avia-builder-el-6  el_after_av_one_full  el_before_av_social_share '><span class='hr-inner ' ><span class='hr-inner-style'><\/span><\/span><\/div><\/p>\n<div  class='av-social-sharing-box  avia-builder-el-7  el_after_av_hr  el_before_av_hr  '><div class='av-share-box'><h5 class='av-share-link-description av-no-toc '>Compartir esta noticia<\/h5><ul class='av-share-box-list noLightbox'><li class='av-share-link av-social-link-facebook' ><a target=\"_blank\" aria-label=\"Compartir en Facebook\" href='https:\/\/www.facebook.com\/sharer.php?u=https:\/\/radiorevelacionfm.cl\/?p=6871&#038;t=Consejo%20Comunal%20de%20Seguridad%20P%C3%BAblica%20de%20Ays%C3%A9n%20proyecta%20trabajo%20a%20futuro%20con%20fuerte%20alianza%20institucional' aria-hidden='false' data-av_icon='\ue8f3' data-av_iconfont='entypo-fontello' title='' data-avia-related-tooltip='Compartir en Facebook' rel=\"noopener\"><span class='avia_hidden_link_text'>Compartir en Facebook<\/span><\/a><\/li><li class='av-share-link av-social-link-twitter' ><a target=\"_blank\" aria-label=\"Compartir en Twitter\" href='https:\/\/twitter.com\/share?text=Consejo%20Comunal%20de%20Seguridad%20P%C3%BAblica%20de%20Ays%C3%A9n%20proyecta%20trabajo%20a%20futuro%20con%20fuerte%20alianza%20institucional&#038;url=https:\/\/radiorevelacionfm.cl\/?p=6871' aria-hidden='false' data-av_icon='\ue8f1' data-av_iconfont='entypo-fontello' title='' data-avia-related-tooltip='Compartir en Twitter' rel=\"noopener\"><span class='avia_hidden_link_text'>Compartir en Twitter<\/span><\/a><\/li><li class='av-share-link av-social-link-whatsapp' ><a target=\"_blank\" aria-label=\"Compartir en Whatsapp\" href='https:\/\/api.whatsapp.com\/send?text=https:\/\/radiorevelacionfm.cl\/?p=6871' aria-hidden='false' data-av_icon='\uf232' data-av_iconfont='entypo-fontello' title='' data-avia-related-tooltip='Compartir en Whatsapp' rel=\"noopener\"><span class='avia_hidden_link_text'>Compartir en Whatsapp<\/span><\/a><\/li><li class='av-share-link av-social-link-linkedin' ><a target=\"_blank\" aria-label=\"Compartir en LinkedIn\" href='https:\/\/linkedin.com\/shareArticle?mini=true&#038;title=Consejo%20Comunal%20de%20Seguridad%20P%C3%BAblica%20de%20Ays%C3%A9n%20proyecta%20trabajo%20a%20futuro%20con%20fuerte%20alianza%20institucional&#038;url=https:\/\/radiorevelacionfm.cl\/?p=6871' aria-hidden='false' data-av_icon='\ue8fc' data-av_iconfont='entypo-fontello' title='' data-avia-related-tooltip='Compartir en LinkedIn' rel=\"noopener\"><span class='avia_hidden_link_text'>Compartir en LinkedIn<\/span><\/a><\/li><li class='av-share-link av-social-link-mail' ><a  aria-label=\"Compartir por correo\" href='mailto:?subject=Consejo%20Comunal%20de%20Seguridad%20P%C3%BAblica%20de%20Ays%C3%A9n%20proyecta%20trabajo%20a%20futuro%20con%20fuerte%20alianza%20institucional&#038;body=https:\/\/radiorevelacionfm.cl\/?p=6871' aria-hidden='false' data-av_icon='\ue805' data-av_iconfont='entypo-fontello' title='' data-avia-related-tooltip='Compartir por correo'><span class='avia_hidden_link_text'>Compartir por correo<\/span><\/a><\/li><\/ul><\/div><\/div>\n<div  style='height:50px' class='hr hr-invisible   avia-builder-el-8  el_after_av_social_share  el_before_av_comments_list '><span class='hr-inner ' ><span class='hr-inner-style'><\/span><\/span><\/div>\n<div  class='av-buildercomment  av-blog-meta-html-info-disabled av-blog-meta-tag-disabled  '><\/div>\n","protected":false},"excerpt":{"rendered":"","protected":false},"author":1,"featured_media":6872,"comment_status":"open","ping_status":"open","sticky":false,"template":"","format":"standard","meta":{"footnotes":""},"categories":[38],"tags":[],"class_list":["post-6871","post","type-post","status-publish","format-standard","has-post-thumbnail","hentry","category-regional"],"jetpack_featured_media_url":"https:\/\/radiorevelacionfm.cl\/wp-content\/uploads\/2021\/07\/img-ccsp0-1_optimized.jpg","_links":{"self":[{"href":"https:\/\/radiorevelacionfm.cl\/index.php?rest_route=\/wp\/v2\/posts\/6871","targetHints":{"allow":["GET"]}}],"collection":[{"href":"https:\/\/radiorevelacionfm.cl\/index.php?rest_route=\/wp\/v2\/posts"}],"about":[{"href":"https:\/\/radiorevelacionfm.cl\/index.php?rest_route=\/wp\/v2\/types\/post"}],"author":[{"embeddable":true,"href":"https:\/\/radiorevelacionfm.cl\/index.php?rest_route=\/wp\/v2\/users\/1"}],"replies":[{"embeddable":true,"href":"https:\/\/radiorevelacionfm.cl\/index.php?rest_route=%2Fwp%2Fv2%2Fcomments&post=6871"}],"version-history":[{"count":1,"href":"https:\/\/radiorevelacionfm.cl\/index.php?rest_route=\/wp\/v2\/posts\/6871\/revisions"}],"predecessor-version":[{"id":6873,"href":"https:\/\/radiorevelacionfm.cl\/index.php?rest_route=\/wp\/v2\/posts\/6871\/revisions\/6873"}],"wp:featuredmedia":[{"embeddable":true,"href":"https:\/\/radiorevelacionfm.cl\/index.php?rest_route=\/wp\/v2\/media\/6872"}],"wp:attachment":[{"href":"https:\/\/radiorevelacionfm.cl\/index.php?rest_route=%2Fwp%2Fv2%2Fmedia&parent=6871"}],"wp:term":[{"taxonomy":"category","embeddable":true,"href":"https:\/\/radiorevelacionfm.cl\/index.php?rest_route=%2Fwp%2Fv2%2Fcategories&post=6871"},{"taxonomy":"post_tag","embeddable":true,"href":"https:\/\/radiorevelacionfm.cl\/index.php?rest_route=%2Fwp%2Fv2%2Ftags&post=6871"}],"curies":[{"name":"wp","href":"https:\/\/api.w.org\/{rel}","templated":true}]}}