{"id":6868,"date":"2021-07-31T12:21:30","date_gmt":"2021-07-31T15:21:30","guid":{"rendered":"https:\/\/radiorevelacionfm.cl\/?p=6868"},"modified":"2021-07-31T12:22:08","modified_gmt":"2021-07-31T15:22:08","slug":"mas-de-300-millones-seran-invertidos-en-proyecto-de-conservacion-de-escuela-aysen","status":"publish","type":"post","link":"https:\/\/radiorevelacionfm.cl\/?p=6868","title":{"rendered":"M\u00e1s de $300 millones ser\u00e1n invertidos en proyecto de conservaci\u00f3n de Escuela Ays\u00e9n"},"content":{"rendered":"<div class=\"flex_column av_one_full  flex_column_div av-zero-column-padding first  avia-builder-el-0  el_before_av_one_full  avia-builder-el-first  \" style='border-radius:0px; '><div  class='avia-image-container  av-styling-    avia-builder-el-1  avia-builder-el-no-sibling  avia-align-center '  itemprop=\"image\" itemscope=\"itemscope\" itemtype=\"https:\/\/schema.org\/ImageObject\"  ><div class='avia-image-container-inner'><div class='avia-image-overlay-wrap'><img decoding=\"async\" class='wp-image-6869 avia-img-lazy-loading-not-6869 avia_image' src=\"https:\/\/radiorevelacionfm.cl\/wp-content\/uploads\/2021\/07\/Escuela-Aysen-1.0-1.jpg\" alt='' title='Escuela Aysen 1.0 (1)' height=\"600\" width=\"893\"  itemprop=\"thumbnailUrl\" srcset=\"https:\/\/radiorevelacionfm.cl\/wp-content\/uploads\/2021\/07\/Escuela-Aysen-1.0-1.jpg 893w, https:\/\/radiorevelacionfm.cl\/wp-content\/uploads\/2021\/07\/Escuela-Aysen-1.0-1-300x202.jpg 300w, https:\/\/radiorevelacionfm.cl\/wp-content\/uploads\/2021\/07\/Escuela-Aysen-1.0-1-768x516.jpg 768w, https:\/\/radiorevelacionfm.cl\/wp-content\/uploads\/2021\/07\/Escuela-Aysen-1.0-1-705x474.jpg 705w, https:\/\/radiorevelacionfm.cl\/wp-content\/uploads\/2021\/07\/Escuela-Aysen-1.0-1-600x403.jpg 600w\" sizes=\"(max-width: 893px) 100vw, 893px\" \/><\/div><\/div><\/div><\/div>\n<div class=\"flex_column av_one_full  flex_column_div av-zero-column-padding first  avia-builder-el-2  el_after_av_one_full  el_before_av_one_full  column-top-margin\" style='border-radius:0px; '><section class=\"av_textblock_section \"  itemscope=\"itemscope\" itemtype=\"https:\/\/schema.org\/BlogPosting\" itemprop=\"blogPost\" ><div class='avia_textblock  '   itemprop=\"text\" ><p style=\"text-align: center;\"><strong><span style=\"font-size: 18pt;\">M\u00e1s de $300 millones ser\u00e1n invertidos en proyecto de conservaci\u00f3n de Escuela Ays\u00e9n<\/span><\/strong><\/p>\n<div id=\"gtx-trans\" style=\"position: absolute; left: -50px; top: 4.31534px;\">\n<div class=\"gtx-trans-icon\"><\/div>\n<\/div>\n<\/div><\/section><\/div><div class=\"flex_column av_one_full  flex_column_div av-zero-column-padding first  avia-builder-el-4  el_after_av_one_full  el_before_av_hr  column-top-margin\" style='border-radius:0px; '><section class=\"av_textblock_section \"  itemscope=\"itemscope\" itemtype=\"https:\/\/schema.org\/BlogPosting\" itemprop=\"blogPost\" ><div class='avia_textblock  '   itemprop=\"text\" ><p style=\"text-align: justify;\">Con la presencia del jefe de gabinete, Marco Co\u00f1uecar, en representaci\u00f3n del alcalde de Ays\u00e9n, Julio Uribe; el director (S) de educaci\u00f3n municipal, Freddy Moraga; el director de la escuela Ays\u00e9n, Luis Seguel; y equipo t\u00e9cnico de la unidad de Proyectos del DEM y Direcci\u00f3n de Obras Municipales, este viernes se realiz\u00f3 la entrega de terreno que marca el inicio de la iniciativa de Conservaci\u00f3n del establecimiento educacional aysenino.<\/p>\n<p style=\"text-align: justify;\">El proyecto -que considera un presupuesto total de $302.388.838 financiado por el Fondo Nacional de Desarrollo Regional F.N.D.R del Gobierno Regional de Ays\u00e9n-, apunta a un mejoramiento de la envolvente t\u00e9rmica en las fachadas principales de esta escuela, as\u00ed como la reposici\u00f3n de ventanas en las \u00e1reas de salas de clases y de sus cielos interiores, incluyendo aislaci\u00f3n t\u00e9rmica, y la implementaci\u00f3n de sistema de calefacci\u00f3n central, desarrollado por la unidad de proyectos de la Direcci\u00f3n de Educaci\u00f3n Municipal en colaboraci\u00f3n por el ministerio de Energ\u00eda. Incorpora, adem\u00e1s, la regularizaci\u00f3n del permiso de edificaci\u00f3n del EE conforme a la Ley 21.052.<\/p>\n<p style=\"text-align: justify;\">Todo esto, en el marco de entregar mejores condiciones a los educandos de este recinto educacional, as\u00ed como de todos quienes forman parte de la comunidad educativa. Proyecto que ser\u00e1 ejecutado en un plazo m\u00e1ximo de 120 d\u00edas corridos, por el contratista Servicios de Ingenier\u00eda Miguel \u00c1ngel Casas D\u00edaz E.I.R.L.<\/p>\n<p style=\"text-align: justify;\">Al respecto, el director de la escuela Ays\u00e9n, Luis Seguel, manifest\u00f3 su conformidad sobre este el desarrollo de esta instancia, que inici\u00f3 durante la jornada, y cuyo t\u00e9rmino de obra se proyecta para fines de noviembre de 2021. \u201cEstamos muy agradecidos del trabajo municipal y del departamento de educaci\u00f3n. Es un avance muy importante para mejorar las condiciones de trabajo y estudio de nuestros alumnos. La comunidad educativa va a estar muy contenta con este proceso que esperamos tener listo antes de fin de a\u00f1o\u201d.<\/p>\n<p style=\"text-align: justify;\">Agreg\u00f3 que \u201ccomo esta es una escuela antigua todav\u00eda tiene su calefacci\u00f3n a trav\u00e9s de la le\u00f1a, la que estamos de acuerdo no es lo mejor para el medio ambiente, especialmente en nuestra regi\u00f3n. As\u00ed es que el proyecto mismo cambia el sistema de calefacci\u00f3n a trav\u00e9s de caldera a gas y eso, por supuesto, va a traer un beneficio enorme para que los alumnos, docentes y funcionarios puedan trabajar en condiciones excelentes\u201d.<\/p>\n<p style=\"text-align: justify;\">Por su parte, el jefe de gabinete, Marco Co\u00f1uecar, relev\u00f3 los esfuerzos de la Direcci\u00f3n de Educaci\u00f3n Municipal en pos de generar las alternativas necesarias que permitan mejorar las condiciones de vida de los alumnos en los diversos establecimientos educacionales de la red municipal. \u201cMuy contentos porque tal como lo se\u00f1al\u00e9, toda obra que vaya en beneficio de los estudiantes y sus familias, es bienvenida. No podemos olvidar que por geograf\u00eda y climas hay tiempos de mucho frio. Este mejoramiento t\u00e9rmico viene a apoyar esa situaci\u00f3n y hoy la misi\u00f3n es buscar mas recursos para poder mejorar los otros colegios en esta amplia red de establecimiento educacionales y entregar lo mejor a nuestros estudiantes\u201d.<\/p>\n<p style=\"text-align: justify;\">Para el director (S) DEM, Freddy Moraga, la realizaci\u00f3n de esta iniciativa responde a uno de los principales objetivos del estamento que representa, y que se traduce en el bienestar de las comunidades educativas. \u201cEs una grata noticia poder tener esta tremenda inversi\u00f3n en beneficio de esta escuela, vamos a tratar de hacer lo posible para tener este tipo de inversiones en otras escuelas. S\u00e9 que el tiempo y a veces el dinero no es suficiente. Pero, en la medida que uno tenga la intenci\u00f3n con una cantidad de proyectos que tenemos a\u00fan en carpeta, podemos hacer lo posible\u201d, manifest\u00f3 a\u00f1adiendo que \u201ctal como lo conversamos con el director, es importante que esta escuela cuente con este tipo de calefacci\u00f3n, porque adem\u00e1s estamos aportando un granito de arena a lo que significa el cuidado del medio ambiente\u201d.<\/p>\n<\/div><\/section><\/div><\/p>\n<div  style='height:50px' class='hr hr-invisible   avia-builder-el-6  el_after_av_one_full  el_before_av_social_share '><span class='hr-inner ' ><span class='hr-inner-style'><\/span><\/span><\/div>\n<div  class='av-social-sharing-box  avia-builder-el-7  el_after_av_hr  el_before_av_hr  '><div class='av-share-box'><h5 class='av-share-link-description av-no-toc '>Compartir esta noticia<\/h5><ul class='av-share-box-list noLightbox'><li class='av-share-link av-social-link-facebook' ><a target=\"_blank\" aria-label=\"Compartir en Facebook\" href='https:\/\/www.facebook.com\/sharer.php?u=https:\/\/radiorevelacionfm.cl\/?p=6868&#038;t=M%C3%A1s%20de%20%24300%20millones%20ser%C3%A1n%20invertidos%20en%20proyecto%20de%20conservaci%C3%B3n%20de%20Escuela%20Ays%C3%A9n' aria-hidden='false' data-av_icon='\ue8f3' data-av_iconfont='entypo-fontello' title='' data-avia-related-tooltip='Compartir en Facebook' rel=\"noopener\"><span class='avia_hidden_link_text'>Compartir en Facebook<\/span><\/a><\/li><li class='av-share-link av-social-link-twitter' ><a target=\"_blank\" aria-label=\"Compartir en Twitter\" href='https:\/\/twitter.com\/share?text=M%C3%A1s%20de%20%24300%20millones%20ser%C3%A1n%20invertidos%20en%20proyecto%20de%20conservaci%C3%B3n%20de%20Escuela%20Ays%C3%A9n&#038;url=https:\/\/radiorevelacionfm.cl\/?p=6868' aria-hidden='false' data-av_icon='\ue8f1' data-av_iconfont='entypo-fontello' title='' data-avia-related-tooltip='Compartir en Twitter' rel=\"noopener\"><span class='avia_hidden_link_text'>Compartir en Twitter<\/span><\/a><\/li><li class='av-share-link av-social-link-whatsapp' ><a target=\"_blank\" aria-label=\"Compartir en Whatsapp\" href='https:\/\/api.whatsapp.com\/send?text=https:\/\/radiorevelacionfm.cl\/?p=6868' aria-hidden='false' data-av_icon='\uf232' data-av_iconfont='entypo-fontello' title='' data-avia-related-tooltip='Compartir en Whatsapp' rel=\"noopener\"><span class='avia_hidden_link_text'>Compartir en Whatsapp<\/span><\/a><\/li><li class='av-share-link av-social-link-linkedin' ><a target=\"_blank\" aria-label=\"Compartir en LinkedIn\" href='https:\/\/linkedin.com\/shareArticle?mini=true&#038;title=M%C3%A1s%20de%20%24300%20millones%20ser%C3%A1n%20invertidos%20en%20proyecto%20de%20conservaci%C3%B3n%20de%20Escuela%20Ays%C3%A9n&#038;url=https:\/\/radiorevelacionfm.cl\/?p=6868' aria-hidden='false' data-av_icon='\ue8fc' data-av_iconfont='entypo-fontello' title='' data-avia-related-tooltip='Compartir en LinkedIn' rel=\"noopener\"><span class='avia_hidden_link_text'>Compartir en LinkedIn<\/span><\/a><\/li><li class='av-share-link av-social-link-mail' ><a  aria-label=\"Compartir por correo\" href='mailto:?subject=M%C3%A1s%20de%20%24300%20millones%20ser%C3%A1n%20invertidos%20en%20proyecto%20de%20conservaci%C3%B3n%20de%20Escuela%20Ays%C3%A9n&#038;body=https:\/\/radiorevelacionfm.cl\/?p=6868' aria-hidden='false' data-av_icon='\ue805' data-av_iconfont='entypo-fontello' title='' data-avia-related-tooltip='Compartir por correo'><span class='avia_hidden_link_text'>Compartir por correo<\/span><\/a><\/li><\/ul><\/div><\/div>\n<div  style='height:50px' class='hr hr-invisible   avia-builder-el-8  el_after_av_social_share  el_before_av_comments_list '><span class='hr-inner ' ><span class='hr-inner-style'><\/span><\/span><\/div>\n<div  class='av-buildercomment  av-blog-meta-html-info-disabled av-blog-meta-tag-disabled  '><\/div>\n","protected":false},"excerpt":{"rendered":"","protected":false},"author":1,"featured_media":6869,"comment_status":"open","ping_status":"open","sticky":false,"template":"","format":"standard","meta":{"footnotes":""},"categories":[49],"tags":[],"class_list":["post-6868","post","type-post","status-publish","format-standard","has-post-thumbnail","hentry","category-educacion"],"jetpack_featured_media_url":"https:\/\/radiorevelacionfm.cl\/wp-content\/uploads\/2021\/07\/Escuela-Aysen-1.0-1.jpg","_links":{"self":[{"href":"https:\/\/radiorevelacionfm.cl\/index.php?rest_route=\/wp\/v2\/posts\/6868","targetHints":{"allow":["GET"]}}],"collection":[{"href":"https:\/\/radiorevelacionfm.cl\/index.php?rest_route=\/wp\/v2\/posts"}],"about":[{"href":"https:\/\/radiorevelacionfm.cl\/index.php?rest_route=\/wp\/v2\/types\/post"}],"author":[{"embeddable":true,"href":"https:\/\/radiorevelacionfm.cl\/index.php?rest_route=\/wp\/v2\/users\/1"}],"replies":[{"embeddable":true,"href":"https:\/\/radiorevelacionfm.cl\/index.php?rest_route=%2Fwp%2Fv2%2Fcomments&post=6868"}],"version-history":[{"count":2,"href":"https:\/\/radiorevelacionfm.cl\/index.php?rest_route=\/wp\/v2\/posts\/6868\/revisions"}],"predecessor-version":[{"id":6877,"href":"https:\/\/radiorevelacionfm.cl\/index.php?rest_route=\/wp\/v2\/posts\/6868\/revisions\/6877"}],"wp:featuredmedia":[{"embeddable":true,"href":"https:\/\/radiorevelacionfm.cl\/index.php?rest_route=\/wp\/v2\/media\/6869"}],"wp:attachment":[{"href":"https:\/\/radiorevelacionfm.cl\/index.php?rest_route=%2Fwp%2Fv2%2Fmedia&parent=6868"}],"wp:term":[{"taxonomy":"category","embeddable":true,"href":"https:\/\/radiorevelacionfm.cl\/index.php?rest_route=%2Fwp%2Fv2%2Fcategories&post=6868"},{"taxonomy":"post_tag","embeddable":true,"href":"https:\/\/radiorevelacionfm.cl\/index.php?rest_route=%2Fwp%2Fv2%2Ftags&post=6868"}],"curies":[{"name":"wp","href":"https:\/\/api.w.org\/{rel}","templated":true}]}}