{"id":6865,"date":"2021-07-31T13:56:47","date_gmt":"2021-07-31T16:56:47","guid":{"rendered":"https:\/\/radiorevelacionfm.cl\/?p=6865"},"modified":"2021-07-31T13:56:47","modified_gmt":"2021-07-31T16:56:47","slug":"mas-de-600-embarcaciones-artesanales-del-pais-fueron-beneficiadas-por-indespa-para-financiar-reparaciones","status":"publish","type":"post","link":"https:\/\/radiorevelacionfm.cl\/?p=6865","title":{"rendered":"M\u00e1s de 600 embarcaciones artesanales del pa\u00eds fueron beneficiadas por Indespa para financiar reparaciones"},"content":{"rendered":"<div class=\"flex_column av_one_full  flex_column_div av-zero-column-padding first  avia-builder-el-0  el_before_av_one_full  avia-builder-el-first  \" style='border-radius:0px; '><div  class='avia-image-container  av-styling-    avia-builder-el-1  avia-builder-el-no-sibling  avia-align-center '  itemprop=\"image\" itemscope=\"itemscope\" itemtype=\"https:\/\/schema.org\/ImageObject\"  ><div class='avia-image-container-inner'><div class='avia-image-overlay-wrap'><img decoding=\"async\" class='wp-image-6866 avia-img-lazy-loading-not-6866 avia_image' src=\"https:\/\/radiorevelacionfm.cl\/wp-content\/uploads\/2021\/07\/Embarcaciones-2-1-1.jpg\" alt='' title='Embarcaciones 2 (1) (1)' height=\"600\" width=\"900\"  itemprop=\"thumbnailUrl\" srcset=\"https:\/\/radiorevelacionfm.cl\/wp-content\/uploads\/2021\/07\/Embarcaciones-2-1-1.jpg 900w, https:\/\/radiorevelacionfm.cl\/wp-content\/uploads\/2021\/07\/Embarcaciones-2-1-1-300x200.jpg 300w, https:\/\/radiorevelacionfm.cl\/wp-content\/uploads\/2021\/07\/Embarcaciones-2-1-1-768x512.jpg 768w, https:\/\/radiorevelacionfm.cl\/wp-content\/uploads\/2021\/07\/Embarcaciones-2-1-1-705x470.jpg 705w, https:\/\/radiorevelacionfm.cl\/wp-content\/uploads\/2021\/07\/Embarcaciones-2-1-1-600x400.jpg 600w\" sizes=\"(max-width: 900px) 100vw, 900px\" \/><\/div><\/div><\/div><\/div><div class=\"flex_column av_one_full  flex_column_div av-zero-column-padding first  avia-builder-el-2  el_after_av_one_full  el_before_av_one_full  column-top-margin\" style='border-radius:0px; '><section class=\"av_textblock_section \"  itemscope=\"itemscope\" itemtype=\"https:\/\/schema.org\/BlogPosting\" itemprop=\"blogPost\" ><div class='avia_textblock  '   itemprop=\"text\" ><p style=\"text-align: center;\"><strong><span style=\"font-size: 18pt;\">M\u00e1s de 600 embarcaciones artesanales del pa\u00eds fueron beneficiadas por Indespa para financiar reparaciones<\/span><\/strong><\/p>\n<div id=\"gtx-trans\" style=\"position: absolute; left: -50px; top: 4.31534px;\">\n<div class=\"gtx-trans-icon\"><\/div>\n<\/div>\n<\/div><\/section><\/div><div class=\"flex_column av_one_full  flex_column_div av-zero-column-padding first  avia-builder-el-4  el_after_av_one_full  el_before_av_hr  column-top-margin\" style='border-radius:0px; '><section class=\"av_textblock_section \"  itemscope=\"itemscope\" itemtype=\"https:\/\/schema.org\/BlogPosting\" itemprop=\"blogPost\" ><div class='avia_textblock  '   itemprop=\"text\" ><p style=\"text-align: justify;\">Un total de 606 pescadores fueron beneficiados por el Instituto Nacional de Desarrollo Sustentable de la Pesca Artesanal y de la Acuicultura de Peque\u00f1a Escala, dependiente del Ministerio de Econom\u00eda, Fomento y Turismo.<\/p>\n<p style=\"text-align: justify;\">Mejoras estructurales y mec\u00e1nicas podr\u00e1n financiar 602 pescadores artesanales y otros cuatro contar\u00e1n con aportes para la compra de nuevas embarcaciones, gracias a recursos por 1.760 millones de pesos provistos por el Instituto Nacional de Desarrollo Sustentable de la Pesca Artesanal y de la Acuicultura de Peque\u00f1a Escala, Indespa, para apoyar al sector en la reparaci\u00f3n y reposici\u00f3n de una de sus principales herramientas de trabajo como son las embarcaciones pesqueras.<\/p>\n<p style=\"text-align: justify;\">El Director Ejecutivo de Indespa, Jos\u00e9 Pedro N\u00fa\u00f1ez, explic\u00f3 que este fondo es parte de las acciones promovidas como Ministerio de Econom\u00eda, Fomento y Turismo, para apoyar las capacidades productivas del sector pesquero artesanal. \u201cEste aporte va en beneficio directo de cientos de pescadores artesanales del pa\u00eds que por efectos de las marejadas o del desgaste de uso han visto afectada su principal herramienta de trabajo. Cada una de estas embarcaciones sostiene al menos a tres o cuatro familias de tripulantes que dependen del buen funcionamiento de estas embarcaciones para poder zarpar y sobre todo para poder navegar y cumplir con sus faenas de modo seguro. Estamos muy contentos de poder contribuir en esto\u201d, precis\u00f3 N\u00fa\u00f1ez.<\/p>\n<p style=\"text-align: justify;\">La convocatoria \u201cReparaci\u00f3n y reposici\u00f3n de embarcaciones para armadores artesanales\u201d, fue impulsada por el Instituto en el marco de su programa de fomento y desarrollo productivo, disponiendo dos l\u00edneas de financiamiento para la reparaci\u00f3n de embarcaciones con recursos individuales hasta de 2 y 3 millones de pesos, respectivamente, destinados a financiar gastos de faenas como enfibrado y pintura de casco, reparaci\u00f3n y mantenci\u00f3n de motores, entre otras obras fundamentales para el funcionamiento seguro de las naves.<\/p>\n<p style=\"text-align: justify;\">Un segundo eje de este llamado fue dirigido a la reposici\u00f3n de embarcaciones con p\u00e9rdida total por naufragios, donde cuatro pescadores de las regiones de Los Lagos, Biob\u00edo y Magallanes fueron beneficiados y recibir\u00e1n hasta 15 millones de pesos cada uno para adquirir nuevas embarcaciones y lanchas de trabajo.<\/p>\n<p style=\"text-align: justify;\">Ang\u00e9lica Teuquil Paredes de caleta Puntilla Tenglo, en Puerto Montt, fue una de las beneficiarias. Hace dos a\u00f1os que ella junto a su familia sufri\u00f3 la p\u00e9rdida total de la embarcaci\u00f3n en medio de una lamentable colisi\u00f3n, donde fallecieron dos tripulantes, uno de ellos su esposo \u201cPara nosotros es un gran alivio que nos viene apoyar ya que nuestra embarcaci\u00f3n fue colisionada en el canal Chidhuapi de Calbuco. No solo sufrimos la p\u00e9rdida total de la lancha \u00c1ngel del Oc\u00e9ano, sino que tambi\u00e9n la p\u00e9rdida de nuestros seres queridos, pescadores, uno de ellos mi esposo, quedando sin embarcaci\u00f3n y sin el proveedor de la familia\u2026nos viene a apoyar a las familias econ\u00f3mica y productivamente, a nuestro trabajo familiar\u201d, se\u00f1al\u00f3 Ang\u00e9lica Teuquil, quien agradeci\u00f3 el apoyo.<\/p>\n<p style=\"text-align: justify;\">A nivel nacional, el llamado beneficia a armadores de artesanales de las regiones de Arica y Parinacota (3), Tarapac\u00e1 (6), Antofagasta (7), Atacama (7), Coquimbo (39), Valpara\u00edso (55), O\u2019Higgins (4), Maule (23), \u00d1uble (2), Biob\u00edo (104), La Araucan\u00eda (17), Los R\u00edos (13), Los Lagos (223), Ays\u00e9n (19) y Magallanes (84).<\/p>\n<p style=\"text-align: justify;\">La n\u00f3mina con los resultados de este fondo nacional se encuentra disponible en la p\u00e1gina web del Instituto <a href=\"http:\/\/www.indespa.cl\">www.indespa.cl<\/a> Cada beneficiario recibe los recursos v\u00eda transferencia para ejecutar posteriormente las obras postuladas en sus respectivos proyectos.<\/p>\n<\/div><\/section><\/div><div  style='height:50px' class='hr hr-invisible   avia-builder-el-6  el_after_av_one_full  el_before_av_social_share '><span class='hr-inner ' ><span class='hr-inner-style'><\/span><\/span><\/div><\/p>\n<div  class='av-social-sharing-box  avia-builder-el-7  el_after_av_hr  el_before_av_hr  '><div class='av-share-box'><h5 class='av-share-link-description av-no-toc '>Compartir esta noticia<\/h5><ul class='av-share-box-list noLightbox'><li class='av-share-link av-social-link-facebook' ><a target=\"_blank\" aria-label=\"Compartir en Facebook\" href='https:\/\/www.facebook.com\/sharer.php?u=https:\/\/radiorevelacionfm.cl\/?p=6865&#038;t=M%C3%A1s%20de%20600%20embarcaciones%20artesanales%20del%20pa%C3%ADs%20fueron%20beneficiadas%20por%20Indespa%20para%20financiar%20reparaciones' aria-hidden='false' data-av_icon='\ue8f3' data-av_iconfont='entypo-fontello' title='' data-avia-related-tooltip='Compartir en Facebook' rel=\"noopener\"><span class='avia_hidden_link_text'>Compartir en Facebook<\/span><\/a><\/li><li class='av-share-link av-social-link-twitter' ><a target=\"_blank\" aria-label=\"Compartir en Twitter\" href='https:\/\/twitter.com\/share?text=M%C3%A1s%20de%20600%20embarcaciones%20artesanales%20del%20pa%C3%ADs%20fueron%20beneficiadas%20por%20Indespa%20para%20financiar%20reparaciones&#038;url=https:\/\/radiorevelacionfm.cl\/?p=6865' aria-hidden='false' data-av_icon='\ue8f1' data-av_iconfont='entypo-fontello' title='' data-avia-related-tooltip='Compartir en Twitter' rel=\"noopener\"><span class='avia_hidden_link_text'>Compartir en Twitter<\/span><\/a><\/li><li class='av-share-link av-social-link-whatsapp' ><a target=\"_blank\" aria-label=\"Compartir en Whatsapp\" href='https:\/\/api.whatsapp.com\/send?text=https:\/\/radiorevelacionfm.cl\/?p=6865' aria-hidden='false' data-av_icon='\uf232' data-av_iconfont='entypo-fontello' title='' data-avia-related-tooltip='Compartir en Whatsapp' rel=\"noopener\"><span class='avia_hidden_link_text'>Compartir en Whatsapp<\/span><\/a><\/li><li class='av-share-link av-social-link-linkedin' ><a target=\"_blank\" aria-label=\"Compartir en LinkedIn\" href='https:\/\/linkedin.com\/shareArticle?mini=true&#038;title=M%C3%A1s%20de%20600%20embarcaciones%20artesanales%20del%20pa%C3%ADs%20fueron%20beneficiadas%20por%20Indespa%20para%20financiar%20reparaciones&#038;url=https:\/\/radiorevelacionfm.cl\/?p=6865' aria-hidden='false' data-av_icon='\ue8fc' data-av_iconfont='entypo-fontello' title='' data-avia-related-tooltip='Compartir en LinkedIn' rel=\"noopener\"><span class='avia_hidden_link_text'>Compartir en LinkedIn<\/span><\/a><\/li><li class='av-share-link av-social-link-mail' ><a  aria-label=\"Compartir por correo\" href='mailto:?subject=M%C3%A1s%20de%20600%20embarcaciones%20artesanales%20del%20pa%C3%ADs%20fueron%20beneficiadas%20por%20Indespa%20para%20financiar%20reparaciones&#038;body=https:\/\/radiorevelacionfm.cl\/?p=6865' aria-hidden='false' data-av_icon='\ue805' data-av_iconfont='entypo-fontello' title='' data-avia-related-tooltip='Compartir por correo'><span class='avia_hidden_link_text'>Compartir por correo<\/span><\/a><\/li><\/ul><\/div><\/div>\n<div  style='height:50px' class='hr hr-invisible   avia-builder-el-8  el_after_av_social_share  el_before_av_comments_list '><span class='hr-inner ' ><span class='hr-inner-style'><\/span><\/span><\/div>\n<div  class='av-buildercomment  av-blog-meta-html-info-disabled av-blog-meta-tag-disabled  '><\/div>\n","protected":false},"excerpt":{"rendered":"","protected":false},"author":1,"featured_media":6866,"comment_status":"open","ping_status":"open","sticky":false,"template":"","format":"standard","meta":{"footnotes":""},"categories":[60,38],"tags":[],"class_list":["post-6865","post","type-post","status-publish","format-standard","has-post-thumbnail","hentry","category-pesca","category-regional"],"jetpack_featured_media_url":"https:\/\/radiorevelacionfm.cl\/wp-content\/uploads\/2021\/07\/Embarcaciones-2-1-1.jpg","_links":{"self":[{"href":"https:\/\/radiorevelacionfm.cl\/index.php?rest_route=\/wp\/v2\/posts\/6865","targetHints":{"allow":["GET"]}}],"collection":[{"href":"https:\/\/radiorevelacionfm.cl\/index.php?rest_route=\/wp\/v2\/posts"}],"about":[{"href":"https:\/\/radiorevelacionfm.cl\/index.php?rest_route=\/wp\/v2\/types\/post"}],"author":[{"embeddable":true,"href":"https:\/\/radiorevelacionfm.cl\/index.php?rest_route=\/wp\/v2\/users\/1"}],"replies":[{"embeddable":true,"href":"https:\/\/radiorevelacionfm.cl\/index.php?rest_route=%2Fwp%2Fv2%2Fcomments&post=6865"}],"version-history":[{"count":1,"href":"https:\/\/radiorevelacionfm.cl\/index.php?rest_route=\/wp\/v2\/posts\/6865\/revisions"}],"predecessor-version":[{"id":6867,"href":"https:\/\/radiorevelacionfm.cl\/index.php?rest_route=\/wp\/v2\/posts\/6865\/revisions\/6867"}],"wp:featuredmedia":[{"embeddable":true,"href":"https:\/\/radiorevelacionfm.cl\/index.php?rest_route=\/wp\/v2\/media\/6866"}],"wp:attachment":[{"href":"https:\/\/radiorevelacionfm.cl\/index.php?rest_route=%2Fwp%2Fv2%2Fmedia&parent=6865"}],"wp:term":[{"taxonomy":"category","embeddable":true,"href":"https:\/\/radiorevelacionfm.cl\/index.php?rest_route=%2Fwp%2Fv2%2Fcategories&post=6865"},{"taxonomy":"post_tag","embeddable":true,"href":"https:\/\/radiorevelacionfm.cl\/index.php?rest_route=%2Fwp%2Fv2%2Ftags&post=6865"}],"curies":[{"name":"wp","href":"https:\/\/api.w.org\/{rel}","templated":true}]}}