{"id":6861,"date":"2021-07-30T19:54:17","date_gmt":"2021-07-30T22:54:17","guid":{"rendered":"https:\/\/radiorevelacionfm.cl\/?p=6861"},"modified":"2021-07-30T19:54:17","modified_gmt":"2021-07-30T22:54:17","slug":"sag-celebro-en-un-aniversario-virtual-sus-54-anos-de-existencia","status":"publish","type":"post","link":"https:\/\/radiorevelacionfm.cl\/?p=6861","title":{"rendered":"SAG celebr\u00f3 en un aniversario virtual sus 54 a\u00f1os de existencia"},"content":{"rendered":"<div class=\"flex_column av_one_full  flex_column_div av-zero-column-padding first  avia-builder-el-0  el_before_av_one_full  avia-builder-el-first  \" style='border-radius:0px; '><div  class='avia-image-container  av-styling-    avia-builder-el-1  avia-builder-el-no-sibling  avia-align-center '  itemprop=\"image\" itemscope=\"itemscope\" itemtype=\"https:\/\/schema.org\/ImageObject\"  ><div class='avia-image-container-inner'><div class='avia-image-overlay-wrap'><img decoding=\"async\" class='wp-image-6862 avia-img-lazy-loading-not-6862 avia_image' src=\"https:\/\/radiorevelacionfm.cl\/wp-content\/uploads\/2021\/07\/sag-20210614-wa0081-1_optimized.jpg\" alt='' title='sag-20210614-wa0081-(1)_optimized' height=\"600\" width=\"1067\"  itemprop=\"thumbnailUrl\" srcset=\"https:\/\/radiorevelacionfm.cl\/wp-content\/uploads\/2021\/07\/sag-20210614-wa0081-1_optimized.jpg 1067w, https:\/\/radiorevelacionfm.cl\/wp-content\/uploads\/2021\/07\/sag-20210614-wa0081-1_optimized-300x169.jpg 300w, https:\/\/radiorevelacionfm.cl\/wp-content\/uploads\/2021\/07\/sag-20210614-wa0081-1_optimized-1030x579.jpg 1030w, https:\/\/radiorevelacionfm.cl\/wp-content\/uploads\/2021\/07\/sag-20210614-wa0081-1_optimized-768x432.jpg 768w, https:\/\/radiorevelacionfm.cl\/wp-content\/uploads\/2021\/07\/sag-20210614-wa0081-1_optimized-705x396.jpg 705w, https:\/\/radiorevelacionfm.cl\/wp-content\/uploads\/2021\/07\/sag-20210614-wa0081-1_optimized-600x337.jpg 600w\" sizes=\"(max-width: 1067px) 100vw, 1067px\" \/><\/div><\/div><\/div><\/div><div class=\"flex_column av_one_full  flex_column_div av-zero-column-padding first  avia-builder-el-2  el_after_av_one_full  el_before_av_one_full  column-top-margin\" style='border-radius:0px; '><section class=\"av_textblock_section \"  itemscope=\"itemscope\" itemtype=\"https:\/\/schema.org\/BlogPosting\" itemprop=\"blogPost\" ><div class='avia_textblock  '   itemprop=\"text\" ><p style=\"text-align: center;\"><span style=\"font-size: 18pt;\"><b>SAG celebr\u00f3 en un aniversario virtual sus 54 a\u00f1os de existencia<\/b><\/span><\/p>\n<div id=\"gtx-trans\" style=\"position: absolute; left: -50px; top: 4.31534px;\">\n<div class=\"gtx-trans-icon\"><\/div>\n<\/div>\n<\/div><\/section><\/div><div class=\"flex_column av_one_full  flex_column_div av-zero-column-padding first  avia-builder-el-4  el_after_av_one_full  el_before_av_hr  column-top-margin\" style='border-radius:0px; '><section class=\"av_textblock_section \"  itemscope=\"itemscope\" itemtype=\"https:\/\/schema.org\/BlogPosting\" itemprop=\"blogPost\" ><div class='avia_textblock  '   itemprop=\"text\" ><p style=\"font-weight: 400; text-align: justify;\">Con una transmisi\u00f3n online a trav\u00e9s de YouTube encabezada por su Director Nacional, Horacio B\u00f3rquez, el Servicio Agr\u00edcola y Ganadero celebr\u00f3 este mediod\u00eda 54 a\u00f1os de existencia desde su creaci\u00f3n en 1967.<\/p>\n<p style=\"font-weight: 400; text-align: justify;\">Con un potente mensaje entregado en terreno, la m\u00e1xima autoridad de la instituci\u00f3n hizo un reconocimiento a quienes componen este Servicio y que no se han detenido en sus labores pese a las dificultades impuestas por la pandemia. Junto a ello, hizo un recorrido por diversos logros alcanzados durante los \u00faltimos meses. \u201cEl trabajo que el SAG realiza por la protecci\u00f3n de la sanidad animal y vegetal de nuestro patrimonio natural nos llena de un orgullo profundo, pero tambi\u00e9n nos compromete, nos reta a seguir siendo un aporte concreto y real para Chile y su gente, en especial para quienes han tenido menos oportunidades y se encuentran ajenos a la tecnolog\u00eda, dispersos y muchas veces solos en los rincones m\u00e1s lejanos de nuestro territorio\u201d, se\u00f1al\u00f3 Horacio B\u00f3rquez, dando cuenta de los programas que ha establecido el SAG para acercarse a los agricultores y agricultoras m\u00e1s peque\u00f1os. \u201cEste esfuerzo ha sido muy bien valorado por quienes nos requieren en terreno, resolviendo dudas y haciendo carne lo que implica ser funcionario p\u00fablico\u201d, agreg\u00f3.<\/p>\n<p style=\"font-weight: 400; text-align: justify;\">En el \u00e1mbito regional, Mat\u00edas Vial Orueta, Director Regional SAG Ays\u00e9n, \u201cHoy celebramos los 54 a\u00f1os del Servicio, por lo tanto, celebramos a todas las personas que lo conforman, hombres y mujeres que destacan su cercan\u00eda con la tierra y la ruralidad, personas que est\u00e1n al servicio de la gente y que en esta pandemia han demostrado con creces el compromiso con el campo chileno, mi m\u00e1s sincero homenaje y un gran abrazo a todos quien conforman la familia SAG\u201d.<\/p>\n<p style=\"font-weight: 400; text-align: justify;\">Junto con recibir el saludo de la Ministra de Agricultura Mar\u00eda Emilia Undurraga y del Subsecretario de Agricultura, Jos\u00e9 Ignacio Pinochet, diversos representantes de gremios ligados al rubro semillero, frut\u00edcola y pecuario agradecieron el compromiso y profesionalismo demostrado por los funcionarios del SAG en los diversos frentes en los que se desenvuelven.<\/p>\n<p style=\"font-weight: 400; text-align: justify;\">Horacio B\u00f3rquez cerr\u00f3 la ceremonia de aniversario del SAG con un emotivo llamado a seguir enfrentando juntos los desaf\u00edos que permitir\u00e1n alcanzar un mayor desarrollo al mundo rural: \u201cLos invito a reflexionar buscando el sentido profundo de esta historia que nos ha tocado escribir. A la distancia los abrazo, alimentando la esperanza de retomar nuestras actividades con mayores certezas y menos temor; con una vida diaria amable y un futuro m\u00e1s prometedor para todos los chilenos y chilenas. Miremos el gran equipo que formamos:\u00a0que esa uni\u00f3n que se siente en el Servicio Agr\u00edcola y Ganadero nos siga dando fuerza y valent\u00eda para continuar -por mucho tiempo m\u00e1s- ofreciendo lo mejor de nosotros mismos a Chile y su gente\u201d.<\/p>\n<\/div><\/section><\/div><div  style='height:50px' class='hr hr-invisible   avia-builder-el-6  el_after_av_one_full  el_before_av_social_share '><span class='hr-inner ' ><span class='hr-inner-style'><\/span><\/span><\/div><\/p>\n<div  class='av-social-sharing-box  avia-builder-el-7  el_after_av_hr  el_before_av_hr  '><div class='av-share-box'><h5 class='av-share-link-description av-no-toc '>Compartir esta noticia<\/h5><ul class='av-share-box-list noLightbox'><li class='av-share-link av-social-link-facebook' ><a target=\"_blank\" aria-label=\"Compartir en Facebook\" href='https:\/\/www.facebook.com\/sharer.php?u=https:\/\/radiorevelacionfm.cl\/?p=6861&#038;t=SAG%20celebr%C3%B3%20en%20un%20aniversario%20virtual%20sus%2054%20a%C3%B1os%20de%20existencia' aria-hidden='false' data-av_icon='\ue8f3' data-av_iconfont='entypo-fontello' title='' data-avia-related-tooltip='Compartir en Facebook' rel=\"noopener\"><span class='avia_hidden_link_text'>Compartir en Facebook<\/span><\/a><\/li><li class='av-share-link av-social-link-twitter' ><a target=\"_blank\" aria-label=\"Compartir en Twitter\" href='https:\/\/twitter.com\/share?text=SAG%20celebr%C3%B3%20en%20un%20aniversario%20virtual%20sus%2054%20a%C3%B1os%20de%20existencia&#038;url=https:\/\/radiorevelacionfm.cl\/?p=6861' aria-hidden='false' data-av_icon='\ue8f1' data-av_iconfont='entypo-fontello' title='' data-avia-related-tooltip='Compartir en Twitter' rel=\"noopener\"><span class='avia_hidden_link_text'>Compartir en Twitter<\/span><\/a><\/li><li class='av-share-link av-social-link-whatsapp' ><a target=\"_blank\" aria-label=\"Compartir en Whatsapp\" href='https:\/\/api.whatsapp.com\/send?text=https:\/\/radiorevelacionfm.cl\/?p=6861' aria-hidden='false' data-av_icon='\uf232' data-av_iconfont='entypo-fontello' title='' data-avia-related-tooltip='Compartir en Whatsapp' rel=\"noopener\"><span class='avia_hidden_link_text'>Compartir en Whatsapp<\/span><\/a><\/li><li class='av-share-link av-social-link-linkedin' ><a target=\"_blank\" aria-label=\"Compartir en LinkedIn\" href='https:\/\/linkedin.com\/shareArticle?mini=true&#038;title=SAG%20celebr%C3%B3%20en%20un%20aniversario%20virtual%20sus%2054%20a%C3%B1os%20de%20existencia&#038;url=https:\/\/radiorevelacionfm.cl\/?p=6861' aria-hidden='false' data-av_icon='\ue8fc' data-av_iconfont='entypo-fontello' title='' data-avia-related-tooltip='Compartir en LinkedIn' rel=\"noopener\"><span class='avia_hidden_link_text'>Compartir en LinkedIn<\/span><\/a><\/li><li class='av-share-link av-social-link-mail' ><a  aria-label=\"Compartir por correo\" href='mailto:?subject=SAG%20celebr%C3%B3%20en%20un%20aniversario%20virtual%20sus%2054%20a%C3%B1os%20de%20existencia&#038;body=https:\/\/radiorevelacionfm.cl\/?p=6861' aria-hidden='false' data-av_icon='\ue805' data-av_iconfont='entypo-fontello' title='' data-avia-related-tooltip='Compartir por correo'><span class='avia_hidden_link_text'>Compartir por correo<\/span><\/a><\/li><\/ul><\/div><\/div>\n<div  style='height:50px' class='hr hr-invisible   avia-builder-el-8  el_after_av_social_share  el_before_av_comments_list '><span class='hr-inner ' ><span class='hr-inner-style'><\/span><\/span><\/div>\n<div  class='av-buildercomment  av-blog-meta-html-info-disabled av-blog-meta-tag-disabled  '><\/div>\n","protected":false},"excerpt":{"rendered":"","protected":false},"author":1,"featured_media":6862,"comment_status":"open","ping_status":"open","sticky":false,"template":"","format":"standard","meta":{"footnotes":""},"categories":[58],"tags":[],"class_list":["post-6861","post","type-post","status-publish","format-standard","has-post-thumbnail","hentry","category-agricultura"],"jetpack_featured_media_url":"https:\/\/radiorevelacionfm.cl\/wp-content\/uploads\/2021\/07\/sag-20210614-wa0081-1_optimized.jpg","_links":{"self":[{"href":"https:\/\/radiorevelacionfm.cl\/index.php?rest_route=\/wp\/v2\/posts\/6861","targetHints":{"allow":["GET"]}}],"collection":[{"href":"https:\/\/radiorevelacionfm.cl\/index.php?rest_route=\/wp\/v2\/posts"}],"about":[{"href":"https:\/\/radiorevelacionfm.cl\/index.php?rest_route=\/wp\/v2\/types\/post"}],"author":[{"embeddable":true,"href":"https:\/\/radiorevelacionfm.cl\/index.php?rest_route=\/wp\/v2\/users\/1"}],"replies":[{"embeddable":true,"href":"https:\/\/radiorevelacionfm.cl\/index.php?rest_route=%2Fwp%2Fv2%2Fcomments&post=6861"}],"version-history":[{"count":1,"href":"https:\/\/radiorevelacionfm.cl\/index.php?rest_route=\/wp\/v2\/posts\/6861\/revisions"}],"predecessor-version":[{"id":6863,"href":"https:\/\/radiorevelacionfm.cl\/index.php?rest_route=\/wp\/v2\/posts\/6861\/revisions\/6863"}],"wp:featuredmedia":[{"embeddable":true,"href":"https:\/\/radiorevelacionfm.cl\/index.php?rest_route=\/wp\/v2\/media\/6862"}],"wp:attachment":[{"href":"https:\/\/radiorevelacionfm.cl\/index.php?rest_route=%2Fwp%2Fv2%2Fmedia&parent=6861"}],"wp:term":[{"taxonomy":"category","embeddable":true,"href":"https:\/\/radiorevelacionfm.cl\/index.php?rest_route=%2Fwp%2Fv2%2Fcategories&post=6861"},{"taxonomy":"post_tag","embeddable":true,"href":"https:\/\/radiorevelacionfm.cl\/index.php?rest_route=%2Fwp%2Fv2%2Ftags&post=6861"}],"curies":[{"name":"wp","href":"https:\/\/api.w.org\/{rel}","templated":true}]}}