{"id":6858,"date":"2021-07-30T19:08:41","date_gmt":"2021-07-30T22:08:41","guid":{"rendered":"https:\/\/radiorevelacionfm.cl\/?p=6858"},"modified":"2021-07-30T19:08:41","modified_gmt":"2021-07-30T22:08:41","slug":"esmasqueunnumero-nueva-campana-fomenta-atencion-integral-y-gratuita-para-victimas-de-delitos","status":"publish","type":"post","link":"https:\/\/radiorevelacionfm.cl\/?p=6858","title":{"rendered":"#EsM\u00e1sQueUnN\u00famero: nueva campa\u00f1a fomenta atenci\u00f3n integral y gratuita para v\u00edctimas de delitos"},"content":{"rendered":"<div class=\"flex_column av_one_full  flex_column_div av-zero-column-padding first  avia-builder-el-0  el_before_av_one_full  avia-builder-el-first  \" style='border-radius:0px; '><div  class='avia-image-container  av-styling-    avia-builder-el-1  avia-builder-el-no-sibling  avia-align-center '  itemprop=\"image\" itemscope=\"itemscope\" itemtype=\"https:\/\/schema.org\/ImageObject\"  ><div class='avia-image-container-inner'><div class='avia-image-overlay-wrap'><img decoding=\"async\" class='wp-image-6859 avia-img-lazy-loading-not-6859 avia_image' src=\"https:\/\/radiorevelacionfm.cl\/wp-content\/uploads\/2021\/07\/FOTO-Programa-Apoyo-a-Victimas-1.jpg\" alt='' title='FOTO Programa Apoyo a V\u00edctimas (1)' height=\"600\" width=\"1066\"  itemprop=\"thumbnailUrl\" srcset=\"https:\/\/radiorevelacionfm.cl\/wp-content\/uploads\/2021\/07\/FOTO-Programa-Apoyo-a-Victimas-1.jpg 1066w, https:\/\/radiorevelacionfm.cl\/wp-content\/uploads\/2021\/07\/FOTO-Programa-Apoyo-a-Victimas-1-300x169.jpg 300w, https:\/\/radiorevelacionfm.cl\/wp-content\/uploads\/2021\/07\/FOTO-Programa-Apoyo-a-Victimas-1-1030x580.jpg 1030w, https:\/\/radiorevelacionfm.cl\/wp-content\/uploads\/2021\/07\/FOTO-Programa-Apoyo-a-Victimas-1-768x432.jpg 768w, https:\/\/radiorevelacionfm.cl\/wp-content\/uploads\/2021\/07\/FOTO-Programa-Apoyo-a-Victimas-1-705x397.jpg 705w, https:\/\/radiorevelacionfm.cl\/wp-content\/uploads\/2021\/07\/FOTO-Programa-Apoyo-a-Victimas-1-600x338.jpg 600w\" sizes=\"(max-width: 1066px) 100vw, 1066px\" \/><\/div><\/div><\/div><\/div><div class=\"flex_column av_one_full  flex_column_div av-zero-column-padding first  avia-builder-el-2  el_after_av_one_full  el_before_av_one_full  column-top-margin\" style='border-radius:0px; '><section class=\"av_textblock_section \"  itemscope=\"itemscope\" itemtype=\"https:\/\/schema.org\/BlogPosting\" itemprop=\"blogPost\" ><div class='avia_textblock  '   itemprop=\"text\" ><p style=\"text-align: center;\"><strong><span style=\"font-size: 18pt;\">#EsM\u00e1sQueUnN\u00famero: nueva campa\u00f1a fomenta atenci\u00f3n integral y gratuita para v\u00edctimas de delitos<\/span><\/strong><\/p>\n<div id=\"gtx-trans\" style=\"position: absolute; left: -50px; top: 4.31534px;\">\n<div class=\"gtx-trans-icon\"><\/div>\n<\/div>\n<\/div><\/section><\/div><div class=\"flex_column av_one_full  flex_column_div av-zero-column-padding first  avia-builder-el-4  el_after_av_one_full  el_before_av_hr  column-top-margin\" style='border-radius:0px; '><section class=\"av_textblock_section \"  itemscope=\"itemscope\" itemtype=\"https:\/\/schema.org\/BlogPosting\" itemprop=\"blogPost\" ><div class='avia_textblock  '   itemprop=\"text\" ><p style=\"text-align: justify;\">\u201cQue te asalten y da\u00f1en f\u00edsica y psicol\u00f3gicamente en la puerta de tu casa, m\u00e1s que un n\u00famero, es violento\u201d. De esta forma comienza la campa\u00f1a <strong>#EsM\u00e1sQueUnN\u00famero<\/strong> del Programa Apoyo a V\u00edctimas de la Subsecretar\u00eda de Prevenci\u00f3n del Delito, que invita a contactarse al <strong>600 818 1000<\/strong>, una l\u00ednea que brinda atenci\u00f3n psicol\u00f3gica, social y legal, totalmente gratuita.<\/p>\n<p style=\"text-align: justify;\">\u201cEn un caso policial existen muchas personas afectadas, v\u00edctimas directas e indirectas. Es decir, la persona que vive el hecho violento y su entorno, su familia y amistades. Nuestro Programa est\u00e1 dirigido a todas ellas, para que puedan superar las consecuencias negativas del delito y puedan retomar su vida\u201d, se\u00f1ala Paulina Rodr\u00edguez G\u00f3mez, jefa Nacional del Programa Apoyo a V\u00edctimas.<\/p>\n<p style=\"text-align: justify;\">Adem\u00e1s, Rodr\u00edguez agrega que \u201ccon esta campa\u00f1a queremos relevar que existe un n\u00famero que te escucha, te apoya y te orienta. Una l\u00ednea dedicada exclusivamente a atender las inquietudes de quienes han vivido un hecho violento, disponible 24\/7\u201d.<\/p>\n<p style=\"text-align: justify;\">El Programa Apoyo a V\u00edctimas entrega servicios de intervenci\u00f3n directa a v\u00edctimas de delitos violentos en una Primera y Segunda Respuesta. La primera corresponde a una atenci\u00f3n contingente que entrega orientaci\u00f3n, informaci\u00f3n y primeros auxilios psicol\u00f3gicos. Mientras, la segunda brinda intervenciones m\u00e1s espec\u00edficas y a largo plazo en los Centros de Apoyo a V\u00edctimas de Delitos (CAVD) desplegados en todo el pa\u00eds.<\/p>\n<p style=\"text-align: justify;\">Puede agendar su hora en\u00a0<a href=\"http:\/\/www.apoyovictimas.cl\/\">www.apoyovictimas.cl<\/a><\/p>\n<\/div><\/section><\/div><div  style='height:50px' class='hr hr-invisible   avia-builder-el-6  el_after_av_one_full  el_before_av_social_share '><span class='hr-inner ' ><span class='hr-inner-style'><\/span><\/span><\/div><\/p>\n<div  class='av-social-sharing-box  avia-builder-el-7  el_after_av_hr  el_before_av_hr  '><div class='av-share-box'><h5 class='av-share-link-description av-no-toc '>Compartir esta noticia<\/h5><ul class='av-share-box-list noLightbox'><li class='av-share-link av-social-link-facebook' ><a target=\"_blank\" aria-label=\"Compartir en Facebook\" href='https:\/\/www.facebook.com\/sharer.php?u=https:\/\/radiorevelacionfm.cl\/?p=6858&#038;t=%23EsM%C3%A1sQueUnN%C3%BAmero%3A%20nueva%20campa%C3%B1a%20fomenta%20atenci%C3%B3n%20integral%20y%20gratuita%20para%20v%C3%ADctimas%20de%20delitos' aria-hidden='false' data-av_icon='\ue8f3' data-av_iconfont='entypo-fontello' title='' data-avia-related-tooltip='Compartir en Facebook' rel=\"noopener\"><span class='avia_hidden_link_text'>Compartir en Facebook<\/span><\/a><\/li><li class='av-share-link av-social-link-twitter' ><a target=\"_blank\" aria-label=\"Compartir en Twitter\" href='https:\/\/twitter.com\/share?text=%23EsM%C3%A1sQueUnN%C3%BAmero%3A%20nueva%20campa%C3%B1a%20fomenta%20atenci%C3%B3n%20integral%20y%20gratuita%20para%20v%C3%ADctimas%20de%20delitos&#038;url=https:\/\/radiorevelacionfm.cl\/?p=6858' aria-hidden='false' data-av_icon='\ue8f1' data-av_iconfont='entypo-fontello' title='' data-avia-related-tooltip='Compartir en Twitter' rel=\"noopener\"><span class='avia_hidden_link_text'>Compartir en Twitter<\/span><\/a><\/li><li class='av-share-link av-social-link-whatsapp' ><a target=\"_blank\" aria-label=\"Compartir en Whatsapp\" href='https:\/\/api.whatsapp.com\/send?text=https:\/\/radiorevelacionfm.cl\/?p=6858' aria-hidden='false' data-av_icon='\uf232' data-av_iconfont='entypo-fontello' title='' data-avia-related-tooltip='Compartir en Whatsapp' rel=\"noopener\"><span class='avia_hidden_link_text'>Compartir en Whatsapp<\/span><\/a><\/li><li class='av-share-link av-social-link-linkedin' ><a target=\"_blank\" aria-label=\"Compartir en LinkedIn\" href='https:\/\/linkedin.com\/shareArticle?mini=true&#038;title=%23EsM%C3%A1sQueUnN%C3%BAmero%3A%20nueva%20campa%C3%B1a%20fomenta%20atenci%C3%B3n%20integral%20y%20gratuita%20para%20v%C3%ADctimas%20de%20delitos&#038;url=https:\/\/radiorevelacionfm.cl\/?p=6858' aria-hidden='false' data-av_icon='\ue8fc' data-av_iconfont='entypo-fontello' title='' data-avia-related-tooltip='Compartir en LinkedIn' rel=\"noopener\"><span class='avia_hidden_link_text'>Compartir en LinkedIn<\/span><\/a><\/li><li class='av-share-link av-social-link-mail' ><a  aria-label=\"Compartir por correo\" href='mailto:?subject=%23EsM%C3%A1sQueUnN%C3%BAmero%3A%20nueva%20campa%C3%B1a%20fomenta%20atenci%C3%B3n%20integral%20y%20gratuita%20para%20v%C3%ADctimas%20de%20delitos&#038;body=https:\/\/radiorevelacionfm.cl\/?p=6858' aria-hidden='false' data-av_icon='\ue805' data-av_iconfont='entypo-fontello' title='' data-avia-related-tooltip='Compartir por correo'><span class='avia_hidden_link_text'>Compartir por correo<\/span><\/a><\/li><\/ul><\/div><\/div>\n<div  style='height:50px' class='hr hr-invisible   avia-builder-el-8  el_after_av_social_share  el_before_av_comments_list '><span class='hr-inner ' ><span class='hr-inner-style'><\/span><\/span><\/div>\n<div  class='av-buildercomment  av-blog-meta-html-info-disabled av-blog-meta-tag-disabled  '><\/div>\n","protected":false},"excerpt":{"rendered":"","protected":false},"author":1,"featured_media":6859,"comment_status":"open","ping_status":"open","sticky":false,"template":"","format":"standard","meta":{"footnotes":""},"categories":[38],"tags":[],"class_list":["post-6858","post","type-post","status-publish","format-standard","has-post-thumbnail","hentry","category-regional"],"jetpack_featured_media_url":"https:\/\/radiorevelacionfm.cl\/wp-content\/uploads\/2021\/07\/FOTO-Programa-Apoyo-a-Victimas-1.jpg","_links":{"self":[{"href":"https:\/\/radiorevelacionfm.cl\/index.php?rest_route=\/wp\/v2\/posts\/6858","targetHints":{"allow":["GET"]}}],"collection":[{"href":"https:\/\/radiorevelacionfm.cl\/index.php?rest_route=\/wp\/v2\/posts"}],"about":[{"href":"https:\/\/radiorevelacionfm.cl\/index.php?rest_route=\/wp\/v2\/types\/post"}],"author":[{"embeddable":true,"href":"https:\/\/radiorevelacionfm.cl\/index.php?rest_route=\/wp\/v2\/users\/1"}],"replies":[{"embeddable":true,"href":"https:\/\/radiorevelacionfm.cl\/index.php?rest_route=%2Fwp%2Fv2%2Fcomments&post=6858"}],"version-history":[{"count":1,"href":"https:\/\/radiorevelacionfm.cl\/index.php?rest_route=\/wp\/v2\/posts\/6858\/revisions"}],"predecessor-version":[{"id":6860,"href":"https:\/\/radiorevelacionfm.cl\/index.php?rest_route=\/wp\/v2\/posts\/6858\/revisions\/6860"}],"wp:featuredmedia":[{"embeddable":true,"href":"https:\/\/radiorevelacionfm.cl\/index.php?rest_route=\/wp\/v2\/media\/6859"}],"wp:attachment":[{"href":"https:\/\/radiorevelacionfm.cl\/index.php?rest_route=%2Fwp%2Fv2%2Fmedia&parent=6858"}],"wp:term":[{"taxonomy":"category","embeddable":true,"href":"https:\/\/radiorevelacionfm.cl\/index.php?rest_route=%2Fwp%2Fv2%2Fcategories&post=6858"},{"taxonomy":"post_tag","embeddable":true,"href":"https:\/\/radiorevelacionfm.cl\/index.php?rest_route=%2Fwp%2Fv2%2Ftags&post=6858"}],"curies":[{"name":"wp","href":"https:\/\/api.w.org\/{rel}","templated":true}]}}