{"id":6855,"date":"2021-07-30T17:44:33","date_gmt":"2021-07-30T20:44:33","guid":{"rendered":"https:\/\/radiorevelacionfm.cl\/?p=6855"},"modified":"2021-07-30T17:44:33","modified_gmt":"2021-07-30T20:44:33","slug":"consejo-regional-aprobo-inversion-para-reposicion-de-la-posta-de-puerto-guadal","status":"publish","type":"post","link":"https:\/\/radiorevelacionfm.cl\/?p=6855","title":{"rendered":"Consejo Regional aprob\u00f3 inversi\u00f3n para reposici\u00f3n de la Posta de Puerto Guadal"},"content":{"rendered":"<div class=\"flex_column av_one_full  flex_column_div av-zero-column-padding first  avia-builder-el-0  el_before_av_one_full  avia-builder-el-first  \" style='border-radius:0px; '><div  class='avia-image-container  av-styling-    avia-builder-el-1  avia-builder-el-no-sibling  avia-align-center '  itemprop=\"image\" itemscope=\"itemscope\" itemtype=\"https:\/\/schema.org\/ImageObject\"  ><div class='avia-image-container-inner'><div class='avia-image-overlay-wrap'><img decoding=\"async\" class='wp-image-6856 avia-img-lazy-loading-not-6856 avia_image' src=\"https:\/\/radiorevelacionfm.cl\/wp-content\/uploads\/2021\/07\/Posta-Guadal1-1-1.jpg\" alt='' title='Posta Guadal1 (1) (1)' height=\"600\" width=\"1046\"  itemprop=\"thumbnailUrl\" srcset=\"https:\/\/radiorevelacionfm.cl\/wp-content\/uploads\/2021\/07\/Posta-Guadal1-1-1.jpg 1046w, https:\/\/radiorevelacionfm.cl\/wp-content\/uploads\/2021\/07\/Posta-Guadal1-1-1-300x172.jpg 300w, https:\/\/radiorevelacionfm.cl\/wp-content\/uploads\/2021\/07\/Posta-Guadal1-1-1-1030x591.jpg 1030w, https:\/\/radiorevelacionfm.cl\/wp-content\/uploads\/2021\/07\/Posta-Guadal1-1-1-768x441.jpg 768w, https:\/\/radiorevelacionfm.cl\/wp-content\/uploads\/2021\/07\/Posta-Guadal1-1-1-705x404.jpg 705w, https:\/\/radiorevelacionfm.cl\/wp-content\/uploads\/2021\/07\/Posta-Guadal1-1-1-600x344.jpg 600w\" sizes=\"(max-width: 1046px) 100vw, 1046px\" \/><\/div><\/div><\/div><\/div><div class=\"flex_column av_one_full  flex_column_div av-zero-column-padding first  avia-builder-el-2  el_after_av_one_full  el_before_av_one_full  column-top-margin\" style='border-radius:0px; '><section class=\"av_textblock_section \"  itemscope=\"itemscope\" itemtype=\"https:\/\/schema.org\/BlogPosting\" itemprop=\"blogPost\" ><div class='avia_textblock  '   itemprop=\"text\" ><p style=\"text-align: center;\"><strong><span style=\"font-size: 18pt;\">Consejo Regional aprob\u00f3 inversi\u00f3n para reposici\u00f3n de la Posta de Puerto Guadal<\/span><\/strong><\/p>\n<div id=\"gtx-trans\" style=\"position: absolute; left: -50px; top: 4.31534px;\">\n<div class=\"gtx-trans-icon\"><\/div>\n<\/div>\n<\/div><\/section><\/div><div class=\"flex_column av_one_full  flex_column_div av-zero-column-padding first  avia-builder-el-4  el_after_av_one_full  el_before_av_hr  column-top-margin\" style='border-radius:0px; '><section class=\"av_textblock_section \"  itemscope=\"itemscope\" itemtype=\"https:\/\/schema.org\/BlogPosting\" itemprop=\"blogPost\" ><div class='avia_textblock  '   itemprop=\"text\" ><p class=\"v1MsoNormal\" style=\"text-align: justify;\">El Consejo Regional (CORE) de Ays\u00e9n aprob\u00f3 este viernes la reposici\u00f3n de la posta de salud de Puerto Guadal, comuna de Chile Chico, con una inversi\u00f3n que bordea los 950 millones de pesos del Fondo Nacional de Desarrollo Regional.<\/p>\n<p class=\"v1MsoNormal\" style=\"text-align: justify;\">La presidenta del CORE, Andrea Mac\u00edas Palma, indic\u00f3 que la obra se inserta en el convenio de programaci\u00f3n con el Ministerio de Salud, para la atenci\u00f3n de pobladores de Puerto Guadal y sectores como El Mait\u00e9n, Laguna La Manga, sector Chacras y Los Valles.<\/p>\n<p class=\"v1MsoNormal\" style=\"text-align: justify;\">\u00abCuando hablamos de salud en todas las pol\u00edticas, lo primero que se requiere es contar con espacios dignos para la atenci\u00f3n de la comunidad. Es una muy buena noticia y contamos con la participaci\u00f3n de nuestro representante presidente del Consejo de la Sociedad Civil (COSOC), que es la representaci\u00f3n ciudadana del sector\u00bb, destac\u00f3.<\/p>\n<p class=\"v1MsoNormal\" style=\"text-align: justify;\">El proyecto considera m\u00e1s de 370 metros cuadrados, para cuatro t\u00e9cnicos param\u00e9dicos, un m\u00e9dico, un odont\u00f3logo, una matrona y una enfermera, como detall\u00f3 el director regional del Servicio de Salud Ays\u00e9n, Gabriel Burgos.<\/p>\n<p class=\"v1MsoNormal\" style=\"text-align: justify;\">\u00abEl Convenio de Programaci\u00f3n existente entre el Ministerio de Salud y el Gobierno Regional de Ays\u00e9n, de manera eficaz, nos ha\u00a0permitido ejecutar m\u00faltiples proyectos que por s\u00ed solos, no podr\u00edamos llevar a cabo. Por esta raz\u00f3n y en representaci\u00f3n del Ministerio de Salud, los trabajadores de la Posta de Puerto Guadal, y nuestros profesionales de recursos f\u00edsicos que realizan estos proyectos de infraestructura en salud. Agradezco nuevamente el compromiso demostrado por la Gobernadora Andrea Mac\u00edas y los Consejeros Regionales, al aprobar estos $947 millones, que mejorar\u00e1n las condiciones de atenci\u00f3n de unas 600 personas que habitan entre la localidad y otros sectores de la zona\u00bb, reafirm\u00f3.<\/p>\n<p class=\"v1MsoNormal\" style=\"text-align: justify;\">El consejero de la provincia General Carrera Washington Medina valor\u00f3 la iniciativa \u00abporque se mejora la atenci\u00f3n de salud p\u00fablica, de numerosas familias de \u00e1reas rurales de la cuenca del Lago General Carrera\u00bb.<\/p>\n<p class=\"v1MsoNormal\" style=\"text-align: justify;\">El consejero Carlos Quintul indic\u00f3 que estas obras son prioritarias para la comunidad. \u00abEs una obra muy anhelada y esperada por la localidad, que se viene peleando por muchos a\u00f1os. Como consejeros estamos contentos porque esta obra se va a hacer realidad y, por lo mismo, hemos conseguido estos recursos tan necesarios para avanzar en dicho proyecto\u00bb, destac\u00f3.<\/p>\n<p class=\"v1MsoNormal\" style=\"text-align: justify;\">La presentaci\u00f3n cont\u00f3 con participaci\u00f3n del administrador regional, Erik Adio, y los jefes de divisiones del Gobierno Regional, Francisco Lara (Divisi\u00f3n de Planificaci\u00f3n y Desarrollo Regional), Margarita Gonz\u00e1lez (Presupuesto e Inversi\u00f3n Regional), Y\u00e9ssica Lagos (Divisi\u00f3n de Fomento e Industria), \u00d3scar del Solar (Divisi\u00f3n de Infraestructura y Transporte), Gabriela Espinoza (Divisi\u00f3n de Desarrollo Social y Humano) y Jos\u00e9 Luis Novoa (Divisi\u00f3n de Administraci\u00f3n y Finanzas).<\/p>\n<\/div><\/section><\/div><div  style='height:50px' class='hr hr-invisible   avia-builder-el-6  el_after_av_one_full  el_before_av_social_share '><span class='hr-inner ' ><span class='hr-inner-style'><\/span><\/span><\/div><\/p>\n<div  class='av-social-sharing-box  avia-builder-el-7  el_after_av_hr  el_before_av_hr  '><div class='av-share-box'><h5 class='av-share-link-description av-no-toc '>Compartir esta noticia<\/h5><ul class='av-share-box-list noLightbox'><li class='av-share-link av-social-link-facebook' ><a target=\"_blank\" aria-label=\"Compartir en Facebook\" href='https:\/\/www.facebook.com\/sharer.php?u=https:\/\/radiorevelacionfm.cl\/?p=6855&#038;t=Consejo%20Regional%20aprob%C3%B3%20inversi%C3%B3n%20para%20reposici%C3%B3n%20de%20la%20Posta%20de%20Puerto%20Guadal' aria-hidden='false' data-av_icon='\ue8f3' data-av_iconfont='entypo-fontello' title='' data-avia-related-tooltip='Compartir en Facebook' rel=\"noopener\"><span class='avia_hidden_link_text'>Compartir en Facebook<\/span><\/a><\/li><li class='av-share-link av-social-link-twitter' ><a target=\"_blank\" aria-label=\"Compartir en Twitter\" href='https:\/\/twitter.com\/share?text=Consejo%20Regional%20aprob%C3%B3%20inversi%C3%B3n%20para%20reposici%C3%B3n%20de%20la%20Posta%20de%20Puerto%20Guadal&#038;url=https:\/\/radiorevelacionfm.cl\/?p=6855' aria-hidden='false' data-av_icon='\ue8f1' data-av_iconfont='entypo-fontello' title='' data-avia-related-tooltip='Compartir en Twitter' rel=\"noopener\"><span class='avia_hidden_link_text'>Compartir en Twitter<\/span><\/a><\/li><li class='av-share-link av-social-link-whatsapp' ><a target=\"_blank\" aria-label=\"Compartir en Whatsapp\" href='https:\/\/api.whatsapp.com\/send?text=https:\/\/radiorevelacionfm.cl\/?p=6855' aria-hidden='false' data-av_icon='\uf232' data-av_iconfont='entypo-fontello' title='' data-avia-related-tooltip='Compartir en Whatsapp' rel=\"noopener\"><span class='avia_hidden_link_text'>Compartir en Whatsapp<\/span><\/a><\/li><li class='av-share-link av-social-link-linkedin' ><a target=\"_blank\" aria-label=\"Compartir en LinkedIn\" href='https:\/\/linkedin.com\/shareArticle?mini=true&#038;title=Consejo%20Regional%20aprob%C3%B3%20inversi%C3%B3n%20para%20reposici%C3%B3n%20de%20la%20Posta%20de%20Puerto%20Guadal&#038;url=https:\/\/radiorevelacionfm.cl\/?p=6855' aria-hidden='false' data-av_icon='\ue8fc' data-av_iconfont='entypo-fontello' title='' data-avia-related-tooltip='Compartir en LinkedIn' rel=\"noopener\"><span class='avia_hidden_link_text'>Compartir en LinkedIn<\/span><\/a><\/li><li class='av-share-link av-social-link-mail' ><a  aria-label=\"Compartir por correo\" href='mailto:?subject=Consejo%20Regional%20aprob%C3%B3%20inversi%C3%B3n%20para%20reposici%C3%B3n%20de%20la%20Posta%20de%20Puerto%20Guadal&#038;body=https:\/\/radiorevelacionfm.cl\/?p=6855' aria-hidden='false' data-av_icon='\ue805' data-av_iconfont='entypo-fontello' title='' data-avia-related-tooltip='Compartir por correo'><span class='avia_hidden_link_text'>Compartir por correo<\/span><\/a><\/li><\/ul><\/div><\/div>\n<div  style='height:50px' class='hr hr-invisible   avia-builder-el-8  el_after_av_social_share  el_before_av_comments_list '><span class='hr-inner ' ><span class='hr-inner-style'><\/span><\/span><\/div>\n<div  class='av-buildercomment  av-blog-meta-html-info-disabled av-blog-meta-tag-disabled  '><\/div>\n","protected":false},"excerpt":{"rendered":"","protected":false},"author":1,"featured_media":6856,"comment_status":"open","ping_status":"open","sticky":false,"template":"","format":"standard","meta":{"footnotes":""},"categories":[38],"tags":[],"class_list":["post-6855","post","type-post","status-publish","format-standard","has-post-thumbnail","hentry","category-regional"],"jetpack_featured_media_url":"https:\/\/radiorevelacionfm.cl\/wp-content\/uploads\/2021\/07\/Posta-Guadal1-1-1.jpg","_links":{"self":[{"href":"https:\/\/radiorevelacionfm.cl\/index.php?rest_route=\/wp\/v2\/posts\/6855","targetHints":{"allow":["GET"]}}],"collection":[{"href":"https:\/\/radiorevelacionfm.cl\/index.php?rest_route=\/wp\/v2\/posts"}],"about":[{"href":"https:\/\/radiorevelacionfm.cl\/index.php?rest_route=\/wp\/v2\/types\/post"}],"author":[{"embeddable":true,"href":"https:\/\/radiorevelacionfm.cl\/index.php?rest_route=\/wp\/v2\/users\/1"}],"replies":[{"embeddable":true,"href":"https:\/\/radiorevelacionfm.cl\/index.php?rest_route=%2Fwp%2Fv2%2Fcomments&post=6855"}],"version-history":[{"count":1,"href":"https:\/\/radiorevelacionfm.cl\/index.php?rest_route=\/wp\/v2\/posts\/6855\/revisions"}],"predecessor-version":[{"id":6857,"href":"https:\/\/radiorevelacionfm.cl\/index.php?rest_route=\/wp\/v2\/posts\/6855\/revisions\/6857"}],"wp:featuredmedia":[{"embeddable":true,"href":"https:\/\/radiorevelacionfm.cl\/index.php?rest_route=\/wp\/v2\/media\/6856"}],"wp:attachment":[{"href":"https:\/\/radiorevelacionfm.cl\/index.php?rest_route=%2Fwp%2Fv2%2Fmedia&parent=6855"}],"wp:term":[{"taxonomy":"category","embeddable":true,"href":"https:\/\/radiorevelacionfm.cl\/index.php?rest_route=%2Fwp%2Fv2%2Fcategories&post=6855"},{"taxonomy":"post_tag","embeddable":true,"href":"https:\/\/radiorevelacionfm.cl\/index.php?rest_route=%2Fwp%2Fv2%2Ftags&post=6855"}],"curies":[{"name":"wp","href":"https:\/\/api.w.org\/{rel}","templated":true}]}}