{"id":6845,"date":"2021-07-30T12:56:26","date_gmt":"2021-07-30T15:56:26","guid":{"rendered":"https:\/\/radiorevelacionfm.cl\/?p=6845"},"modified":"2021-07-30T12:56:26","modified_gmt":"2021-07-30T15:56:26","slug":"trabajadores-comenzaron-a-trasladarse-a-sus-nuevos-espacios-en-el-nuevo-hospital-de-cochrane","status":"publish","type":"post","link":"https:\/\/radiorevelacionfm.cl\/?p=6845","title":{"rendered":"Trabajadores comenzaron a trasladarse a sus nuevos espacios en el nuevo Hospital de Cochrane"},"content":{"rendered":"<div class=\"flex_column av_one_full  flex_column_div av-zero-column-padding first  avia-builder-el-0  el_before_av_one_full  avia-builder-el-first  \" style='border-radius:0px; '><div  class='avia-image-container  av-styling-    avia-builder-el-1  avia-builder-el-no-sibling  avia-align-center '  itemprop=\"image\" itemscope=\"itemscope\" itemtype=\"https:\/\/schema.org\/ImageObject\"  ><div class='avia-image-container-inner'><div class='avia-image-overlay-wrap'><img decoding=\"async\" class='wp-image-6847 avia-img-lazy-loading-not-6847 avia_image' src=\"https:\/\/radiorevelacionfm.cl\/wp-content\/uploads\/2021\/07\/traslado_1-1-1.jpeg\" alt='' title='traslado_1 (1) (1)' height=\"600\" width=\"1067\"  itemprop=\"thumbnailUrl\" srcset=\"https:\/\/radiorevelacionfm.cl\/wp-content\/uploads\/2021\/07\/traslado_1-1-1.jpeg 1067w, https:\/\/radiorevelacionfm.cl\/wp-content\/uploads\/2021\/07\/traslado_1-1-1-300x169.jpeg 300w, https:\/\/radiorevelacionfm.cl\/wp-content\/uploads\/2021\/07\/traslado_1-1-1-1030x579.jpeg 1030w, https:\/\/radiorevelacionfm.cl\/wp-content\/uploads\/2021\/07\/traslado_1-1-1-768x432.jpeg 768w, https:\/\/radiorevelacionfm.cl\/wp-content\/uploads\/2021\/07\/traslado_1-1-1-705x396.jpeg 705w, https:\/\/radiorevelacionfm.cl\/wp-content\/uploads\/2021\/07\/traslado_1-1-1-600x337.jpeg 600w\" sizes=\"(max-width: 1067px) 100vw, 1067px\" \/><\/div><\/div><\/div><\/div><div class=\"flex_column av_one_full  flex_column_div av-zero-column-padding first  avia-builder-el-2  el_after_av_one_full  el_before_av_one_full  column-top-margin\" style='border-radius:0px; '><section class=\"av_textblock_section \"  itemscope=\"itemscope\" itemtype=\"https:\/\/schema.org\/BlogPosting\" itemprop=\"blogPost\" ><div class='avia_textblock  '   itemprop=\"text\" ><p style=\"text-align: center;\"><span style=\"font-size: 18pt;\"><strong>Trabajadores comenzaron a trasladarse a sus nuevos espacios en el nuevo Hospital de Cochrane<\/strong><\/span><\/p>\n<div id=\"gtx-trans\" style=\"position: absolute; left: -50px; top: 4.31534px;\">\n<div class=\"gtx-trans-icon\"><\/div>\n<\/div>\n<\/div><\/section><\/div><div class=\"flex_column av_one_full  flex_column_div av-zero-column-padding first  avia-builder-el-4  el_after_av_one_full  el_before_av_hr  column-top-margin\" style='border-radius:0px; '><section class=\"av_textblock_section \"  itemscope=\"itemscope\" itemtype=\"https:\/\/schema.org\/BlogPosting\" itemprop=\"blogPost\" ><div class='avia_textblock  '   itemprop=\"text\" ><p style=\"text-align: justify;\">Desde el lunes 26, aprovechando un corte de internet y anticip\u00e1ndose al cronograma, los trabajadores del \u00e1rea administrativa del Hospital de Cochrane, con mucha alegr\u00eda, se organizaron para cambiarse a su nueva casa. Miriam Navarrete Nov\u00f3, directora del establecimiento, cont\u00f3 que fue un proceso ordenado, con mucho entusiasmo de parte de los funcionarios, que por iniciativa propia quisieron trasladar sus cosas para mantenerlas y cuidarlas.<\/p>\n<p style=\"text-align: justify;\">\u201cComenzamos con los traslados el d\u00eda lunes, moviendo los archivos y todo lo que hab\u00eda que traer, como computadores desde el edificio administrativo que estaba fuera de las dependencias del hospital antiguo, traslad\u00e1ndose el primer d\u00eda finanzas con caja y as\u00ed fuimos d\u00eda a d\u00eda avanzando, hasta que el mi\u00e9rcoles se termin\u00f3 de trasladar el resto de las dependencias, como: abastecimiento, secretar\u00eda y partes, recurso humano, el prevencionista y la enfermera coordinadora, m\u00e1s el jefe de servicios generales, as\u00ed es que ya estamos completamente instalados como \u00e1rea administrativa, cerrando el d\u00eda muy contentos\u201d, se\u00f1al\u00f3 Miriam Navarrete Novoa.<\/p>\n<p style=\"text-align: justify;\">Al respecto, Christian N\u00fa\u00f1ez Santana, encargado de abastecimiento del hospital de Cochrane, se expres\u00f3 muy contento al encontrarse instalado en su nueva oficina y nos cont\u00f3 detalles del trabajo realizado.<\/p>\n<p style=\"text-align: justify;\">\u201cCada unidad embal\u00f3 sus pertenencias, sus cosas, documentos de respaldo, fue un trabajo arduo, lo hicimos as\u00ed porque cada uno sabe el orden que tiene, qu\u00e9 documento es importante y con cual est\u00e1 trabajando. Fue con harta alegr\u00eda, porque hace mucho tiempo esper\u00e1bamos este cambio que nos benefici\u00f3 porque est\u00e1bamos muy hacinados y ahora tenemos harto espacio. Hay bodegas para guardar nuestros insumos de oficina y estamos operativos en un 100%, instaladas las impresoras, los computadores con internet y esta ma\u00f1ana, fue un d\u00eda especial, porque me queda un poco m\u00e1s lejos, as\u00ed es que me levant\u00e9 m\u00e1s temprano para llegar a la hora y me siento muy contento junto a mis colegas\u201d destac\u00f3.<\/p>\n<p style=\"text-align: justify;\">El proceso de cambio al nuevo edificio, continuar\u00e1 desarroll\u00e1ndose durante todo agosto, hasta llegar al d\u00eda en que se inicien formalmente las atenciones, poniendo a prueba la nueva infraestructura y el equipamiento instalado.<\/p>\n<\/div><\/section><\/div><div  style='height:50px' class='hr hr-invisible   avia-builder-el-6  el_after_av_one_full  el_before_av_social_share '><span class='hr-inner ' ><span class='hr-inner-style'><\/span><\/span><\/div><\/p>\n<div  class='av-social-sharing-box  avia-builder-el-7  el_after_av_hr  el_before_av_hr  '><div class='av-share-box'><h5 class='av-share-link-description av-no-toc '>Compartir esta noticia<\/h5><ul class='av-share-box-list noLightbox'><li class='av-share-link av-social-link-facebook' ><a target=\"_blank\" aria-label=\"Compartir en Facebook\" href='https:\/\/www.facebook.com\/sharer.php?u=https:\/\/radiorevelacionfm.cl\/?p=6845&#038;t=Trabajadores%20comenzaron%20a%20trasladarse%20a%20sus%20nuevos%20espacios%20en%20el%20nuevo%20Hospital%20de%20Cochrane' aria-hidden='false' data-av_icon='\ue8f3' data-av_iconfont='entypo-fontello' title='' data-avia-related-tooltip='Compartir en Facebook' rel=\"noopener\"><span class='avia_hidden_link_text'>Compartir en Facebook<\/span><\/a><\/li><li class='av-share-link av-social-link-twitter' ><a target=\"_blank\" aria-label=\"Compartir en Twitter\" href='https:\/\/twitter.com\/share?text=Trabajadores%20comenzaron%20a%20trasladarse%20a%20sus%20nuevos%20espacios%20en%20el%20nuevo%20Hospital%20de%20Cochrane&#038;url=https:\/\/radiorevelacionfm.cl\/?p=6845' aria-hidden='false' data-av_icon='\ue8f1' data-av_iconfont='entypo-fontello' title='' data-avia-related-tooltip='Compartir en Twitter' rel=\"noopener\"><span class='avia_hidden_link_text'>Compartir en Twitter<\/span><\/a><\/li><li class='av-share-link av-social-link-whatsapp' ><a target=\"_blank\" aria-label=\"Compartir en Whatsapp\" href='https:\/\/api.whatsapp.com\/send?text=https:\/\/radiorevelacionfm.cl\/?p=6845' aria-hidden='false' data-av_icon='\uf232' data-av_iconfont='entypo-fontello' title='' data-avia-related-tooltip='Compartir en Whatsapp' rel=\"noopener\"><span class='avia_hidden_link_text'>Compartir en Whatsapp<\/span><\/a><\/li><li class='av-share-link av-social-link-linkedin' ><a target=\"_blank\" aria-label=\"Compartir en LinkedIn\" href='https:\/\/linkedin.com\/shareArticle?mini=true&#038;title=Trabajadores%20comenzaron%20a%20trasladarse%20a%20sus%20nuevos%20espacios%20en%20el%20nuevo%20Hospital%20de%20Cochrane&#038;url=https:\/\/radiorevelacionfm.cl\/?p=6845' aria-hidden='false' data-av_icon='\ue8fc' data-av_iconfont='entypo-fontello' title='' data-avia-related-tooltip='Compartir en LinkedIn' rel=\"noopener\"><span class='avia_hidden_link_text'>Compartir en LinkedIn<\/span><\/a><\/li><li class='av-share-link av-social-link-mail' ><a  aria-label=\"Compartir por correo\" href='mailto:?subject=Trabajadores%20comenzaron%20a%20trasladarse%20a%20sus%20nuevos%20espacios%20en%20el%20nuevo%20Hospital%20de%20Cochrane&#038;body=https:\/\/radiorevelacionfm.cl\/?p=6845' aria-hidden='false' data-av_icon='\ue805' data-av_iconfont='entypo-fontello' title='' data-avia-related-tooltip='Compartir por correo'><span class='avia_hidden_link_text'>Compartir por correo<\/span><\/a><\/li><\/ul><\/div><\/div>\n<div  style='height:50px' class='hr hr-invisible   avia-builder-el-8  el_after_av_social_share  el_before_av_comments_list '><span class='hr-inner ' ><span class='hr-inner-style'><\/span><\/span><\/div>\n<div  class='av-buildercomment  av-blog-meta-html-info-disabled av-blog-meta-tag-disabled  '><\/div>\n","protected":false},"excerpt":{"rendered":"","protected":false},"author":1,"featured_media":6847,"comment_status":"open","ping_status":"open","sticky":false,"template":"","format":"standard","meta":{"footnotes":""},"categories":[46],"tags":[],"class_list":["post-6845","post","type-post","status-publish","format-standard","has-post-thumbnail","hentry","category-salud"],"jetpack_featured_media_url":"https:\/\/radiorevelacionfm.cl\/wp-content\/uploads\/2021\/07\/traslado_1-1-1.jpeg","_links":{"self":[{"href":"https:\/\/radiorevelacionfm.cl\/index.php?rest_route=\/wp\/v2\/posts\/6845","targetHints":{"allow":["GET"]}}],"collection":[{"href":"https:\/\/radiorevelacionfm.cl\/index.php?rest_route=\/wp\/v2\/posts"}],"about":[{"href":"https:\/\/radiorevelacionfm.cl\/index.php?rest_route=\/wp\/v2\/types\/post"}],"author":[{"embeddable":true,"href":"https:\/\/radiorevelacionfm.cl\/index.php?rest_route=\/wp\/v2\/users\/1"}],"replies":[{"embeddable":true,"href":"https:\/\/radiorevelacionfm.cl\/index.php?rest_route=%2Fwp%2Fv2%2Fcomments&post=6845"}],"version-history":[{"count":1,"href":"https:\/\/radiorevelacionfm.cl\/index.php?rest_route=\/wp\/v2\/posts\/6845\/revisions"}],"predecessor-version":[{"id":6848,"href":"https:\/\/radiorevelacionfm.cl\/index.php?rest_route=\/wp\/v2\/posts\/6845\/revisions\/6848"}],"wp:featuredmedia":[{"embeddable":true,"href":"https:\/\/radiorevelacionfm.cl\/index.php?rest_route=\/wp\/v2\/media\/6847"}],"wp:attachment":[{"href":"https:\/\/radiorevelacionfm.cl\/index.php?rest_route=%2Fwp%2Fv2%2Fmedia&parent=6845"}],"wp:term":[{"taxonomy":"category","embeddable":true,"href":"https:\/\/radiorevelacionfm.cl\/index.php?rest_route=%2Fwp%2Fv2%2Fcategories&post=6845"},{"taxonomy":"post_tag","embeddable":true,"href":"https:\/\/radiorevelacionfm.cl\/index.php?rest_route=%2Fwp%2Fv2%2Ftags&post=6845"}],"curies":[{"name":"wp","href":"https:\/\/api.w.org\/{rel}","templated":true}]}}