{"id":6833,"date":"2021-07-30T12:20:22","date_gmt":"2021-07-30T15:20:22","guid":{"rendered":"https:\/\/radiorevelacionfm.cl\/?p=6833"},"modified":"2021-07-30T12:26:12","modified_gmt":"2021-07-30T15:26:12","slug":"subdere-y-turismo-lanzan-fondos-concursables-para-potenciar-zonas-de-interes-turistico","status":"publish","type":"post","link":"https:\/\/radiorevelacionfm.cl\/?p=6833","title":{"rendered":"Subdere y Turismo lanzan fondos concursables para potenciar Zonas de Inter\u00e9s Tur\u00edstico"},"content":{"rendered":"<div class=\"flex_column av_one_full  flex_column_div av-zero-column-padding first  avia-builder-el-0  el_before_av_one_full  avia-builder-el-first  \" style='border-radius:0px; '><div  class='avia-image-container  av-styling-    avia-builder-el-1  avia-builder-el-no-sibling  avia-align-center '  itemprop=\"image\" itemscope=\"itemscope\" itemtype=\"https:\/\/schema.org\/ImageObject\"  ><div class='avia-image-container-inner'><div class='avia-image-overlay-wrap'><img decoding=\"async\" class='wp-image-0 avia-img-lazy-loading-not-0 avia_image' src=\"https:\/\/radiorevelacionfm.cl\/wp-content\/uploads\/2021\/07\/ZOIT-1-1.jpg\" alt='' title=''   itemprop=\"thumbnailUrl\"  \/><\/div><\/div><\/div><\/div><div class=\"flex_column av_one_full  flex_column_div av-zero-column-padding first  avia-builder-el-2  el_after_av_one_full  el_before_av_one_full  column-top-margin\" style='border-radius:0px; '><section class=\"av_textblock_section \"  itemscope=\"itemscope\" itemtype=\"https:\/\/schema.org\/BlogPosting\" itemprop=\"blogPost\" ><div class='avia_textblock  '   itemprop=\"text\" ><p style=\"text-align: center;\"><strong><span style=\"font-size: 18pt;\">Subdere y Turismo lanzan fondos concursables para potenciar Zonas de Inter\u00e9s Tur\u00edstico<\/span><\/strong><\/p>\n<div id=\"gtx-trans\" style=\"position: absolute; left: -50px; top: 4.31534px;\">\n<div class=\"gtx-trans-icon\"><\/div>\n<\/div>\n<\/div><\/section><\/div><div class=\"flex_column av_one_full  flex_column_div av-zero-column-padding first  avia-builder-el-4  el_after_av_one_full  el_before_av_hr  column-top-margin\" style='border-radius:0px; '><section class=\"av_textblock_section \"  itemscope=\"itemscope\" itemtype=\"https:\/\/schema.org\/BlogPosting\" itemprop=\"blogPost\" ><div class='avia_textblock  '   itemprop=\"text\" ><p style=\"font-weight: 400; text-align: justify;\">Actualmente, existen 35 Zonas de Inter\u00e9s Tur\u00edstico (ZOIT) declaradas por el Comit\u00e9 de Ministros de Turismo, emplazadas en distintos territorios de las 16 regiones del pa\u00eds. Sin embargo, pese a su popularidad, muchas de ellas no han explotado al m\u00e1ximo su potencial por falta de recursos. Para apoyar su progreso, la Subsecretar\u00eda de Desarrollo Regional y Administrativo (Subdere), lanz\u00f3 un concurso, junto a la Subsecretar\u00eda de Turismo, que permitir\u00e1 financiar proyectos de mejoramiento urbano de $60 millones en estas zonas.<\/p>\n<p style=\"font-weight: 400; text-align: justify;\">Son 10 cupos a los que podr\u00e1n postular las 64 comunas que tienen ZOIT vigentes, entre las que se encuentran, por ejemplo, La Estrella, Litueche y Las Cabras con la zona del Lago Rapel, Paihuano y Vicu\u00f1a con el Valle del Elqui, o Los \u00c1ngeles, Cabrero y Yumbel con los Saltos del Laja. Cada ZOIT podr\u00e1 acceder s\u00f3lo a un cupo.<\/p>\n<p style=\"font-weight: 400; text-align: justify;\">La presentaci\u00f3n de los proyectos ser\u00e1 hasta el 19 de agosto y debe estar acompa\u00f1ada de una descripci\u00f3n y justificaci\u00f3n sobre qu\u00e9 problema se pretende solucionar y c\u00f3mo la iniciativa promover\u00e1 un turismo sustentable.<\/p>\n<p style=\"font-weight: 400; text-align: justify;\">\u201cEl objetivo principal de este concurso, es apoyar el turismo en aquellas zonas con un alto potencial, pero que muchas veces no cuentan con los recursos para sacar el m\u00e1ximo provecho a sus atributos. Adem\u00e1s, incluimos un factor asociado a la pandemia, porque vamos a priorizar la ayuda para aquellas ZOIT cuyos comercios se han visto duramente afectados por las cuarentenas y las restricciones sanitarias\u201d,\u00a0explic\u00f3 la subsecretaria de Desarrollo Regional, Mar\u00eda Paz Troncoso.<\/p>\n<p style=\"font-weight: 400; text-align: justify;\">El subsecretario de Turismo, Jos\u00e9 Luis Uriarte, destac\u00f3 esta convocatoria se\u00f1alando que \u201cChile, como pa\u00eds con vocaci\u00f3n tur\u00edstica, tiene enormes oportunidades para desarrollar esta actividad de manera sustentable, aportando de forma importante al desarrollo social y econ\u00f3mico de los territorios. Desde el Gobierno estamos convencidos del gran potencial del turismo para la reactivaci\u00f3n de nuestro pa\u00eds y, en ese sentido, los fondos que entrega este concurso permitir\u00e1n financiar proyectos que aporten valor a los atractivos tur\u00edsticos de las comunas que resulten seleccionadas\u201d.<\/p>\n<p style=\"font-weight: 400; text-align: justify;\">Una vez que se seleccionen los 10 proyectos, cada municipio deber\u00e1 adjuntar la documentaci\u00f3n correspondiente a Subdere, seg\u00fan lo establecido en la Gu\u00eda Operativa para el Programa de Mejoramiento Urbano y Equipamiento Comunal (PMU), de donde provienen los recursos, y si est\u00e1 todo en orden, se proceder\u00e1 a su financiamiento.<\/p>\n<p style=\"font-weight: 400; text-align: left;\">Las postulaciones y las bases del concurso pueden encontrarse en las p\u00e1ginas web <a href=\"https:\/\/nt.embluemail.com\/p\/cl?data=1P%2B%2FJXtpLdngWn7DeJr4VPVba8sQNob95wtYxYHzM7EwBM6iSWZyrOZc5h7ssEu1BISLpf9AQrabG2UkfKEmtNINx1fPiRJO0USibMo1RLk%3D!-!aj3!-!http%3A%2F%2Fwww.subdere.gov.cl%3Futm_source=emBlue%26utm_medium=email%26utm_campaign=Nota+de+Prensa%26utm_content=Comunicado+Subdere--Subdere+y+Turismo+lanzan+fondos+concursables+para+potenciar+Zonas+de+Inter%C3%A9s+Tur%C3%ADstico%26utm_term=multiple--7--none--70-80--ENVIO+SIMPLE\" data-saferedirecturl=\"https:\/\/www.google.com\/url?q=https:\/\/nt.embluemail.com\/p\/cl?data%3D1P%252B%252FJXtpLdngWn7DeJr4VPVba8sQNob95wtYxYHzM7EwBM6iSWZyrOZc5h7ssEu1BISLpf9AQrabG2UkfKEmtNINx1fPiRJO0USibMo1RLk%253D!-!aj3!-!http%253A%252F%252Fwww.subdere.gov.cl%253Futm_source%3DemBlue%2526utm_medium%3Demail%2526utm_campaign%3DNota%2Bde%2BPrensa%2526utm_content%3DComunicado%2BSubdere--Subdere%2By%2BTurismo%2Blanzan%2Bfondos%2Bconcursables%2Bpara%2Bpotenciar%2BZonas%2Bde%2BInter%25C3%25A9s%2BTur%25C3%25ADstico%2526utm_term%3Dmultiple--7--none--70-80--ENVIO%2BSIMPLE&amp;source=gmail&amp;ust=1627692791008000&amp;usg=AFQjCNGKJUl3MP2Q-z_T7m1X4m86lJ9OsA\">www.subdere.gov.cl<\/a>\u00a0 y <a href=\"https:\/\/nt.embluemail.com\/p\/cl?data=qsCnFmwUP%2FoQ5oJbv%2BIJVOj47lAT0zTD%2FqEoyqBCTQjV9j1YKFzBOrHzWTsmZQT0oJr2ZFU2V%2BRC3z2VPNlvV7c%2FGNFN8g6aPstbFYrJ%2Bio%3D!-!aj3!-!http%3A%2F%2Fwww.subturismo.gob.cl%3Futm_source=emBlue%26utm_medium=email%26utm_campaign=Nota+de+Prensa%26utm_content=Comunicado+Subdere--Subdere+y+Turismo+lanzan+fondos+concursables+para+potenciar+Zonas+de+Inter%C3%A9s+Tur%C3%ADstico%26utm_term=multiple--7--none--70-80--ENVIO+SIMPLE\" data-saferedirecturl=\"https:\/\/www.google.com\/url?q=https:\/\/nt.embluemail.com\/p\/cl?data%3DqsCnFmwUP%252FoQ5oJbv%252BIJVOj47lAT0zTD%252FqEoyqBCTQjV9j1YKFzBOrHzWTsmZQT0oJr2ZFU2V%252BRC3z2VPNlvV7c%252FGNFN8g6aPstbFYrJ%252Bio%253D!-!aj3!-!http%253A%252F%252Fwww.subturismo.gob.cl%253Futm_source%3DemBlue%2526utm_medium%3Demail%2526utm_campaign%3DNota%2Bde%2BPrensa%2526utm_content%3DComunicado%2BSubdere--Subdere%2By%2BTurismo%2Blanzan%2Bfondos%2Bconcursables%2Bpara%2Bpotenciar%2BZonas%2Bde%2BInter%25C3%25A9s%2BTur%25C3%25ADstico%2526utm_term%3Dmultiple--7--none--70-80--ENVIO%2BSIMPLE&amp;source=gmail&amp;ust=1627692791008000&amp;usg=AFQjCNHor-YAqJQhfh3605gAGqiCWCjo3g\">www.subturismo.gob.cl<\/a><\/p>\n<\/div><\/section><\/div><div  style='height:50px' class='hr hr-invisible   avia-builder-el-6  el_after_av_one_full  el_before_av_social_share '><span class='hr-inner ' ><span class='hr-inner-style'><\/span><\/span><\/div><\/p>\n<div  class='av-social-sharing-box  avia-builder-el-7  el_after_av_hr  el_before_av_hr  '><div class='av-share-box'><h5 class='av-share-link-description av-no-toc '>Compartir esta noticia<\/h5><ul class='av-share-box-list noLightbox'><li class='av-share-link av-social-link-facebook' ><a target=\"_blank\" aria-label=\"Compartir en Facebook\" href='https:\/\/www.facebook.com\/sharer.php?u=https:\/\/radiorevelacionfm.cl\/?p=6833&#038;t=Subdere%20y%20Turismo%20lanzan%20fondos%20concursables%20para%20potenciar%20Zonas%20de%20Inter%C3%A9s%20Tur%C3%ADstico' aria-hidden='false' data-av_icon='\ue8f3' data-av_iconfont='entypo-fontello' title='' data-avia-related-tooltip='Compartir en Facebook' rel=\"noopener\"><span class='avia_hidden_link_text'>Compartir en Facebook<\/span><\/a><\/li><li class='av-share-link av-social-link-twitter' ><a target=\"_blank\" aria-label=\"Compartir en Twitter\" href='https:\/\/twitter.com\/share?text=Subdere%20y%20Turismo%20lanzan%20fondos%20concursables%20para%20potenciar%20Zonas%20de%20Inter%C3%A9s%20Tur%C3%ADstico&#038;url=https:\/\/radiorevelacionfm.cl\/?p=6833' aria-hidden='false' data-av_icon='\ue8f1' data-av_iconfont='entypo-fontello' title='' data-avia-related-tooltip='Compartir en Twitter' rel=\"noopener\"><span class='avia_hidden_link_text'>Compartir en Twitter<\/span><\/a><\/li><li class='av-share-link av-social-link-whatsapp' ><a target=\"_blank\" aria-label=\"Compartir en Whatsapp\" href='https:\/\/api.whatsapp.com\/send?text=https:\/\/radiorevelacionfm.cl\/?p=6833' aria-hidden='false' data-av_icon='\uf232' data-av_iconfont='entypo-fontello' title='' data-avia-related-tooltip='Compartir en Whatsapp' rel=\"noopener\"><span class='avia_hidden_link_text'>Compartir en Whatsapp<\/span><\/a><\/li><li class='av-share-link av-social-link-linkedin' ><a target=\"_blank\" aria-label=\"Compartir en LinkedIn\" href='https:\/\/linkedin.com\/shareArticle?mini=true&#038;title=Subdere%20y%20Turismo%20lanzan%20fondos%20concursables%20para%20potenciar%20Zonas%20de%20Inter%C3%A9s%20Tur%C3%ADstico&#038;url=https:\/\/radiorevelacionfm.cl\/?p=6833' aria-hidden='false' data-av_icon='\ue8fc' data-av_iconfont='entypo-fontello' title='' data-avia-related-tooltip='Compartir en LinkedIn' rel=\"noopener\"><span class='avia_hidden_link_text'>Compartir en LinkedIn<\/span><\/a><\/li><li class='av-share-link av-social-link-mail' ><a  aria-label=\"Compartir por correo\" href='mailto:?subject=Subdere%20y%20Turismo%20lanzan%20fondos%20concursables%20para%20potenciar%20Zonas%20de%20Inter%C3%A9s%20Tur%C3%ADstico&#038;body=https:\/\/radiorevelacionfm.cl\/?p=6833' aria-hidden='false' data-av_icon='\ue805' data-av_iconfont='entypo-fontello' title='' data-avia-related-tooltip='Compartir por correo'><span class='avia_hidden_link_text'>Compartir por correo<\/span><\/a><\/li><\/ul><\/div><\/div>\n<div  style='height:50px' class='hr hr-invisible   avia-builder-el-8  el_after_av_social_share  el_before_av_comments_list '><span class='hr-inner ' ><span class='hr-inner-style'><\/span><\/span><\/div>\n<div  class='av-buildercomment  av-blog-meta-html-info-disabled av-blog-meta-tag-disabled  '><\/div>\n","protected":false},"excerpt":{"rendered":"","protected":false},"author":1,"featured_media":6844,"comment_status":"open","ping_status":"open","sticky":false,"template":"","format":"standard","meta":{"footnotes":""},"categories":[54],"tags":[],"class_list":["post-6833","post","type-post","status-publish","format-standard","has-post-thumbnail","hentry","category-turismo"],"jetpack_featured_media_url":"https:\/\/radiorevelacionfm.cl\/wp-content\/uploads\/2021\/07\/zoit2-1-1_optimized.jpg","_links":{"self":[{"href":"https:\/\/radiorevelacionfm.cl\/index.php?rest_route=\/wp\/v2\/posts\/6833","targetHints":{"allow":["GET"]}}],"collection":[{"href":"https:\/\/radiorevelacionfm.cl\/index.php?rest_route=\/wp\/v2\/posts"}],"about":[{"href":"https:\/\/radiorevelacionfm.cl\/index.php?rest_route=\/wp\/v2\/types\/post"}],"author":[{"embeddable":true,"href":"https:\/\/radiorevelacionfm.cl\/index.php?rest_route=\/wp\/v2\/users\/1"}],"replies":[{"embeddable":true,"href":"https:\/\/radiorevelacionfm.cl\/index.php?rest_route=%2Fwp%2Fv2%2Fcomments&post=6833"}],"version-history":[{"count":1,"href":"https:\/\/radiorevelacionfm.cl\/index.php?rest_route=\/wp\/v2\/posts\/6833\/revisions"}],"predecessor-version":[{"id":6836,"href":"https:\/\/radiorevelacionfm.cl\/index.php?rest_route=\/wp\/v2\/posts\/6833\/revisions\/6836"}],"wp:featuredmedia":[{"embeddable":true,"href":"https:\/\/radiorevelacionfm.cl\/index.php?rest_route=\/wp\/v2\/media\/6844"}],"wp:attachment":[{"href":"https:\/\/radiorevelacionfm.cl\/index.php?rest_route=%2Fwp%2Fv2%2Fmedia&parent=6833"}],"wp:term":[{"taxonomy":"category","embeddable":true,"href":"https:\/\/radiorevelacionfm.cl\/index.php?rest_route=%2Fwp%2Fv2%2Fcategories&post=6833"},{"taxonomy":"post_tag","embeddable":true,"href":"https:\/\/radiorevelacionfm.cl\/index.php?rest_route=%2Fwp%2Fv2%2Ftags&post=6833"}],"curies":[{"name":"wp","href":"https:\/\/api.w.org\/{rel}","templated":true}]}}