{"id":6824,"date":"2021-07-30T11:38:08","date_gmt":"2021-07-30T14:38:08","guid":{"rendered":"https:\/\/radiorevelacionfm.cl\/?p=6824"},"modified":"2021-07-30T11:38:08","modified_gmt":"2021-07-30T14:38:08","slug":"seremi-de-economia-y-balance-de-apoyo-a-las-mipyme-hemos-entregado-mas-de-11-mil-millones-de-pesos-de-apoyo-directo-en-pandemia","status":"publish","type":"post","link":"https:\/\/radiorevelacionfm.cl\/?p=6824","title":{"rendered":"Seremi de Econom\u00eda y balance de apoyo a las Mipyme: \u201cHemos entregado m\u00e1s de 11 mil millones de pesos de apoyo directo en pandemia\u201d"},"content":{"rendered":"<div class=\"flex_column av_one_full  flex_column_div av-zero-column-padding first  avia-builder-el-0  el_before_av_one_full  avia-builder-el-first  \" style='border-radius:0px; '><div  class='avia-image-container  av-styling-    avia-builder-el-1  avia-builder-el-no-sibling  avia-align-center '  itemprop=\"image\" itemscope=\"itemscope\" itemtype=\"https:\/\/schema.org\/ImageObject\"  ><div class='avia-image-container-inner'><div class='avia-image-overlay-wrap'><img decoding=\"async\" class='wp-image-0 avia-img-lazy-loading-not-0 avia_image' src=\"https:\/\/radiorevelacionfm.cl\/wp-content\/uploads\/2021\/07\/seremi-de-economia-2-1_optimized.jpg\" alt='' title=''   itemprop=\"thumbnailUrl\"  \/><\/div><\/div><\/div><\/div><div class=\"flex_column av_one_full  flex_column_div av-zero-column-padding first  avia-builder-el-2  el_after_av_one_full  el_before_av_one_full  column-top-margin\" style='border-radius:0px; '><section class=\"av_textblock_section \"  itemscope=\"itemscope\" itemtype=\"https:\/\/schema.org\/BlogPosting\" itemprop=\"blogPost\" ><div class='avia_textblock  '   itemprop=\"text\" ><p style=\"text-align: center;\"><strong><span style=\"font-size: 18pt;\">Seremi de Econom\u00eda y balance de apoyo a las Mipyme: \u201cHemos entregado m\u00e1s de 11 mil millones de pesos de apoyo directo en pandemia\u201d<\/span><\/strong><\/p>\n<div id=\"gtx-trans\" style=\"position: absolute; left: -50px; top: 4.31534px;\">\n<div class=\"gtx-trans-icon\"><\/div>\n<\/div>\n<\/div><\/section><\/div><div class=\"flex_column av_one_full  flex_column_div av-zero-column-padding first  avia-builder-el-4  el_after_av_one_full  el_before_av_hr  column-top-margin\" style='border-radius:0px; '><section class=\"av_textblock_section \"  itemscope=\"itemscope\" itemtype=\"https:\/\/schema.org\/BlogPosting\" itemprop=\"blogPost\" ><div class='avia_textblock  '   itemprop=\"text\" ><p style=\"font-weight: 400; text-align: justify;\">Han pasado 1 a\u00f1o y 5 meses luego que nuestra regi\u00f3n fuera una de las primeras en Chile en tener casos de contagios por COVID- 19. Sin duda uno de los rubros m\u00e1s afectados por esta prolongada emergencia sanitaria pero tambi\u00e9n econ\u00f3mica fueron las Mipyme.<\/p>\n<p style=\"font-weight: 400; text-align: justify;\">Justamente desde el Ministerio de Econom\u00eda en Ays\u00e9n, esta jornada se dio a conocer un documento que incluye un cuadro resumen sobre los montos y n\u00famero de beneficiarios que han tenido los diversos programas de fomento y apoyo focalizadas s\u00f3lo a las Mipyme.<\/p>\n<p style=\"font-weight: 400; text-align: justify;\">\u201cEn estos meses hemos podido analizar c\u00f3mo ha afectado la econom\u00eda local los efectos de la pandemia en diversos rubros. Uno de ellos son nuestras micro, peque\u00f1as y medianas empresas que han tenido que enfrentar deudas, gastos y un periodo largo de tiempo sin ventas o ventas peque\u00f1as. En el marco de este an\u00e1lisis, hoy disponemos de informaci\u00f3n m\u00e1s certera de cu\u00e1nto ha sido el aporte del Gobierno que se ha inyectado directamente a este segmento de nuestra econom\u00eda\u201d, asever\u00f3 el Seremi de Econom\u00eda Carlos Pacheco.<\/p>\n<p style=\"font-weight: 400; text-align: justify;\">La autoridad agreg\u00f3 que \u201chasta el mes de julio hemos podido beneficiar a 12.049 personas que est\u00e1n a cargo de micros, peque\u00f1os y medianos negocios y emprendimientos con un monto total de 11 mil 860 millones de pesos, cifra que incluye el Bono de alivio en su primera etapa y programas de reactivaci\u00f3n e innovaci\u00f3n tanto de Corfo como de Sercotec\u201d.<\/p>\n<p style=\"font-weight: 400; text-align: justify;\">El encargado de la cartera econ\u00f3mica en la regi\u00f3n agreg\u00f3 que \u201cCon la entrega de esta informaci\u00f3n queremos visibilizar el trabajo que hemos estado desarrollando y ejecutando con todo el gabinete econ\u00f3mico y sus funcionarios, que desde el primer d\u00eda de la pandemia se han abocado a identificar los rubros m\u00e1s afectados y tambi\u00e9n buscando mecanismos y aumentando los montos de programas que regularmente estaban en calendario de ejecuci\u00f3n. En ese sentido tambi\u00e9n queremos agradecer al Gobierno Regional y al Parlamento en su esfuerzo por seguir aumentando los montos de programas de fomento productivo que han ido directamente a apoyar a nuestro motor econ\u00f3mico como son las Micro, peque\u00f1as y medianas empresas durante esta emergencia sanitaria\u201d.<\/p>\n<p style=\"font-weight: 400; text-align: justify;\">Finalmente, la autoridad indic\u00f3 que el esfuerzo continuar\u00e1 con una bater\u00eda de programas de emprendimiento y fortalecimiento que se ejecutar\u00e1n este segundo semestre especialmente por medio de Corfo, Sercotec y Sernatur de cara a los pr\u00f3ximos meses, con una alta taza de vacunaci\u00f3n en la poblaci\u00f3n aysenina y con las nuevas medidas del plan paso a paso, factores, que debieran dinamizar nuestra econom\u00eda local. As\u00ed como tambi\u00e9n la segunda etapa de solicitud y entrega del Bono de alivio que se inicia este 17 de agosto con el\u00a0<em>Bono variable<\/em>\u00a0por ventas realizadas el a\u00f1o 2019 por empresas que pagan impuestos en primera categor\u00eda, quienes obtendr\u00e1n recursos financieros con un tope de hasta 2 millones de pesos que no son excluyentes del primer bono de 1 mill\u00f3n, sino que m\u00e1s bien complementarios.<\/p>\n<\/div><\/section><\/div><div  style='height:50px' class='hr hr-invisible   avia-builder-el-6  el_after_av_one_full  el_before_av_social_share '><span class='hr-inner ' ><span class='hr-inner-style'><\/span><\/span><\/div><\/p>\n<div  class='av-social-sharing-box  avia-builder-el-7  el_after_av_hr  el_before_av_hr  '><div class='av-share-box'><h5 class='av-share-link-description av-no-toc '>Compartir esta noticia<\/h5><ul class='av-share-box-list noLightbox'><li class='av-share-link av-social-link-facebook' ><a target=\"_blank\" aria-label=\"Compartir en Facebook\" href='https:\/\/www.facebook.com\/sharer.php?u=https:\/\/radiorevelacionfm.cl\/?p=6824&#038;t=Seremi%20de%20Econom%C3%ADa%20y%20balance%20de%20apoyo%20a%20las%20Mipyme%3A%20%E2%80%9CHemos%20entregado%20m%C3%A1s%20de%2011%20mil%20millones%20de%20pesos%20de%20apoyo%20directo%20en%20pandemia%E2%80%9D' aria-hidden='false' data-av_icon='\ue8f3' data-av_iconfont='entypo-fontello' title='' data-avia-related-tooltip='Compartir en Facebook' rel=\"noopener\"><span class='avia_hidden_link_text'>Compartir en Facebook<\/span><\/a><\/li><li class='av-share-link av-social-link-twitter' ><a target=\"_blank\" aria-label=\"Compartir en Twitter\" href='https:\/\/twitter.com\/share?text=Seremi%20de%20Econom%C3%ADa%20y%20balance%20de%20apoyo%20a%20las%20Mipyme%3A%20%E2%80%9CHemos%20entregado%20m%C3%A1s%20de%2011%20mil%20millones%20de%20pesos%20de%20apoyo%20directo%20en%20pandemia%E2%80%9D&#038;url=https:\/\/radiorevelacionfm.cl\/?p=6824' aria-hidden='false' data-av_icon='\ue8f1' data-av_iconfont='entypo-fontello' title='' data-avia-related-tooltip='Compartir en Twitter' rel=\"noopener\"><span class='avia_hidden_link_text'>Compartir en Twitter<\/span><\/a><\/li><li class='av-share-link av-social-link-whatsapp' ><a target=\"_blank\" aria-label=\"Compartir en Whatsapp\" href='https:\/\/api.whatsapp.com\/send?text=https:\/\/radiorevelacionfm.cl\/?p=6824' aria-hidden='false' data-av_icon='\uf232' data-av_iconfont='entypo-fontello' title='' data-avia-related-tooltip='Compartir en Whatsapp' rel=\"noopener\"><span class='avia_hidden_link_text'>Compartir en Whatsapp<\/span><\/a><\/li><li class='av-share-link av-social-link-linkedin' ><a target=\"_blank\" aria-label=\"Compartir en LinkedIn\" href='https:\/\/linkedin.com\/shareArticle?mini=true&#038;title=Seremi%20de%20Econom%C3%ADa%20y%20balance%20de%20apoyo%20a%20las%20Mipyme%3A%20%E2%80%9CHemos%20entregado%20m%C3%A1s%20de%2011%20mil%20millones%20de%20pesos%20de%20apoyo%20directo%20en%20pandemia%E2%80%9D&#038;url=https:\/\/radiorevelacionfm.cl\/?p=6824' aria-hidden='false' data-av_icon='\ue8fc' data-av_iconfont='entypo-fontello' title='' data-avia-related-tooltip='Compartir en LinkedIn' rel=\"noopener\"><span class='avia_hidden_link_text'>Compartir en LinkedIn<\/span><\/a><\/li><li class='av-share-link av-social-link-mail' ><a  aria-label=\"Compartir por correo\" href='mailto:?subject=Seremi%20de%20Econom%C3%ADa%20y%20balance%20de%20apoyo%20a%20las%20Mipyme%3A%20%E2%80%9CHemos%20entregado%20m%C3%A1s%20de%2011%20mil%20millones%20de%20pesos%20de%20apoyo%20directo%20en%20pandemia%E2%80%9D&#038;body=https:\/\/radiorevelacionfm.cl\/?p=6824' aria-hidden='false' data-av_icon='\ue805' data-av_iconfont='entypo-fontello' title='' data-avia-related-tooltip='Compartir por correo'><span class='avia_hidden_link_text'>Compartir por correo<\/span><\/a><\/li><\/ul><\/div><\/div>\n<div  style='height:50px' class='hr hr-invisible   avia-builder-el-8  el_after_av_social_share  el_before_av_comments_list '><span class='hr-inner ' ><span class='hr-inner-style'><\/span><\/span><\/div>\n<div  class='av-buildercomment  av-blog-meta-html-info-disabled av-blog-meta-tag-disabled  '><\/div>\n","protected":false},"excerpt":{"rendered":"","protected":false},"author":1,"featured_media":0,"comment_status":"open","ping_status":"open","sticky":false,"template":"","format":"standard","meta":{"footnotes":""},"categories":[37],"tags":[],"class_list":["post-6824","post","type-post","status-publish","format-standard","hentry","category-economia"],"jetpack_featured_media_url":"","_links":{"self":[{"href":"https:\/\/radiorevelacionfm.cl\/index.php?rest_route=\/wp\/v2\/posts\/6824","targetHints":{"allow":["GET"]}}],"collection":[{"href":"https:\/\/radiorevelacionfm.cl\/index.php?rest_route=\/wp\/v2\/posts"}],"about":[{"href":"https:\/\/radiorevelacionfm.cl\/index.php?rest_route=\/wp\/v2\/types\/post"}],"author":[{"embeddable":true,"href":"https:\/\/radiorevelacionfm.cl\/index.php?rest_route=\/wp\/v2\/users\/1"}],"replies":[{"embeddable":true,"href":"https:\/\/radiorevelacionfm.cl\/index.php?rest_route=%2Fwp%2Fv2%2Fcomments&post=6824"}],"version-history":[{"count":1,"href":"https:\/\/radiorevelacionfm.cl\/index.php?rest_route=\/wp\/v2\/posts\/6824\/revisions"}],"predecessor-version":[{"id":6826,"href":"https:\/\/radiorevelacionfm.cl\/index.php?rest_route=\/wp\/v2\/posts\/6824\/revisions\/6826"}],"wp:attachment":[{"href":"https:\/\/radiorevelacionfm.cl\/index.php?rest_route=%2Fwp%2Fv2%2Fmedia&parent=6824"}],"wp:term":[{"taxonomy":"category","embeddable":true,"href":"https:\/\/radiorevelacionfm.cl\/index.php?rest_route=%2Fwp%2Fv2%2Fcategories&post=6824"},{"taxonomy":"post_tag","embeddable":true,"href":"https:\/\/radiorevelacionfm.cl\/index.php?rest_route=%2Fwp%2Fv2%2Ftags&post=6824"}],"curies":[{"name":"wp","href":"https:\/\/api.w.org\/{rel}","templated":true}]}}