{"id":6821,"date":"2021-07-30T10:21:37","date_gmt":"2021-07-30T13:21:37","guid":{"rendered":"https:\/\/radiorevelacionfm.cl\/?p=6821"},"modified":"2021-07-30T10:21:37","modified_gmt":"2021-07-30T13:21:37","slug":"rincon-patagon-celebrara-el-dia-nacional-de-la-cazuela-este-30-de-julio","status":"publish","type":"post","link":"https:\/\/radiorevelacionfm.cl\/?p=6821","title":{"rendered":"Rinc\u00f3n Patag\u00f3n celebrar\u00e1 el d\u00eda nacional de la cazuela este 30 de julio"},"content":{"rendered":"<div class=\"flex_column av_one_full  flex_column_div av-zero-column-padding first  avia-builder-el-0  el_before_av_one_full  avia-builder-el-first  \" style='border-radius:0px; '><div  class='avia-image-container  av-styling-    avia-builder-el-1  avia-builder-el-no-sibling  avia-align-center '  itemprop=\"image\" itemscope=\"itemscope\" itemtype=\"https:\/\/schema.org\/ImageObject\"  ><div class='avia-image-container-inner'><div class='avia-image-overlay-wrap'><img decoding=\"async\" class='wp-image-6822 avia-img-lazy-loading-not-6822 avia_image' src=\"https:\/\/radiorevelacionfm.cl\/wp-content\/uploads\/2021\/07\/IMG-Rincon-Patagon-1-1.jpg\" alt='' title='IMG Rincon Patagon (1) (1)' height=\"600\" width=\"800\"  itemprop=\"thumbnailUrl\" srcset=\"https:\/\/radiorevelacionfm.cl\/wp-content\/uploads\/2021\/07\/IMG-Rincon-Patagon-1-1.jpg 800w, https:\/\/radiorevelacionfm.cl\/wp-content\/uploads\/2021\/07\/IMG-Rincon-Patagon-1-1-300x225.jpg 300w, https:\/\/radiorevelacionfm.cl\/wp-content\/uploads\/2021\/07\/IMG-Rincon-Patagon-1-1-768x576.jpg 768w, https:\/\/radiorevelacionfm.cl\/wp-content\/uploads\/2021\/07\/IMG-Rincon-Patagon-1-1-705x529.jpg 705w, https:\/\/radiorevelacionfm.cl\/wp-content\/uploads\/2021\/07\/IMG-Rincon-Patagon-1-1-600x450.jpg 600w\" sizes=\"(max-width: 800px) 100vw, 800px\" \/><\/div><\/div><\/div><\/div><div class=\"flex_column av_one_full  flex_column_div av-zero-column-padding first  avia-builder-el-2  el_after_av_one_full  el_before_av_one_full  column-top-margin\" style='border-radius:0px; '><section class=\"av_textblock_section \"  itemscope=\"itemscope\" itemtype=\"https:\/\/schema.org\/BlogPosting\" itemprop=\"blogPost\" ><div class='avia_textblock  '   itemprop=\"text\" ><p style=\"text-align: center;\"><strong><span style=\"font-size: 18pt;\">Rinc\u00f3n Patag\u00f3n celebrar\u00e1 el d\u00eda nacional de la cazuela este 30 de julio<\/span><\/strong><\/p>\n<div id=\"gtx-trans\" style=\"position: absolute; left: -50px; top: 4.31534px;\">\n<div class=\"gtx-trans-icon\"><\/div>\n<\/div>\n<\/div><\/section><\/div><div class=\"flex_column av_one_full  flex_column_div av-zero-column-padding first  avia-builder-el-4  el_after_av_one_full  el_before_av_hr  column-top-margin\" style='border-radius:0px; '><section class=\"av_textblock_section \"  itemscope=\"itemscope\" itemtype=\"https:\/\/schema.org\/BlogPosting\" itemprop=\"blogPost\" ><div class='avia_textblock  '   itemprop=\"text\" ><div id=\":r3\" class=\"ii gt\">\n<div id=\":uc\" class=\"a3s aiL \">\n<div dir=\"auto\">\n<p dir=\"ltr\" style=\"text-align: justify;\">Cumpliendo con su tradici\u00f3n, el restaurante de Coyhaique, Rinc\u00f3n Patag\u00f3n celebrar\u00e1 este viernes 30 de julio el d\u00eda nacional de la cazuela. La carta contar\u00e1 con 7 variedades de cazuela que se ofrecen durante todo el a\u00f1o y que han sido patentadas por su propietaria, Mary Ule, que junto a la presidenta de la Asociaci\u00f3n Gremial de Gastron\u00f3micos y su rey guachaca, invitaron a la comunidad a disfrutar de sus sabores.<\/p>\n<p dir=\"ltr\" style=\"text-align: justify;\">Desde la Agrupaci\u00f3n de Gastron\u00f3micos de la Regi\u00f3n de Ays\u00e9n, su presidenta, Patricia Garc\u00eda, coment\u00f3 sobre la iniciativa que \u201chemos querido estar presentes a nombre de nuestra directiva, Mary es una socia muy activa y ha estado apoy\u00e1ndonos en todas las acciones como agrupaci\u00f3n. Felicitamos a nuestra asociada porque a pesar de las circunstancias, dado que estamos reci\u00e9n abriendo tras estar 9 semanas cerrados, ella quiera hacer este a\u00f1o de igual manera el d\u00eda nacional de la cazuela e incluso entregar parte de sus ganancias a la Agrupaci\u00f3n de Pacientes Trasladados, lo que es muy loable. Por eso, invitamos a la comunidad a venir, apoyar a nuestros gastron\u00f3micos y disfrutar de estas cazuelas que son tan sabrosas\u201d.<\/p>\n<p dir=\"ltr\" style=\"text-align: justify;\">En tanto, la propietaria del conocido restaurante de la capital regional, Mary Ule, manifest\u00f3 que \u201cagradecemos de todo coraz\u00f3n a la gente que prefiere el Rinc\u00f3n Patag\u00f3n y a quienes nos dan el apoyo esencial, nuestra gente, nuestros colaboradores y mi familia que me han dado este empuje para seguir adelante a pesar de todo lo d\u00edficil que hemos enfrentado esta pandemia. Con el cari\u00f1o de siempre, tendremos 7 variedades de cazuelas para ofrecer a quienes nos visiten este 30 de julio\u201d.<\/p>\n<p dir=\"ltr\" style=\"text-align: justify;\">\u201cEn nuestras cazuelas se pone mucho amor, mucha delicadeza dado que hacer un plato de comida no lo hace cualquiera, le ponemos mucho sabor. Para este a\u00f1o, vamos a dar a conocer nuestra nueva cazuela, la de cola de vaca con chuchoca, que por ser su presentaci\u00f3n no tendr\u00e1 costo, quienes la prefieran podr\u00e1n disfrutar uno de los 5 platos de esta variedad que vamos a regalar. As\u00ed es que la invitaci\u00f3n est\u00e1 hecha a toda la comunidad, comenzaremos con un corte de cinta para recibir a todos con cari\u00f1o y celebrar este d\u00eda que para nosotros es una tradici\u00f3n\u201d, agreg\u00f3 Mary Ule.<\/p>\n<p dir=\"ltr\" style=\"text-align: justify;\"><strong>Reinado con sentido social<\/strong><\/p>\n<p dir=\"ltr\" style=\"text-align: justify;\">Ya es una t\u00f3nica de cada a\u00f1o que esta celebraci\u00f3n cuente con su rey y reina guachaca, anunciados y coronados por Rinc\u00f3n Patag\u00f3n, este a\u00f1o la reina ser\u00e1, Yohana Hern\u00e1ndez, actual concejala y su rey ser\u00e1, Pablo Alvarado, conocido locutor de Radio Para\u00edso.<\/p>\n<p dir=\"ltr\" style=\"text-align: justify;\">Tras recibir su corona, el nuevo rey guachaca, Pablo \u00c1lvarado expres\u00f3 que \u201cagradezco a Mary Ule, el honor que me ha dado de representarlos en este d\u00eda de la cazuela que se celebrar\u00e1 despu\u00e9s de un dif\u00edcil a\u00f1o para nuestros gastron\u00f3micos, ser\u00e1 diferente, pero queremos abocarnos con este reconocimiento en apoyar desde la labor social a los gastron\u00f3micos de nuestra comuna y que esto no sea s\u00f3lo simb\u00f3lico, siendo nuestro compromiso en lo que ser\u00e1 este a\u00f1o de reinado\u201d.<\/p>\n<p dir=\"ltr\" style=\"text-align: justify;\">\u201cTenemos que disfrutar m\u00e1s que nunca las cazuelas del Rinc\u00f3n Patag\u00f3n que est\u00e1n patentadas y nos llena de orgullo en la Patagonia, as\u00ed es que la invitaci\u00f3n es a venir este viernes a Bilbao 272 desde las 12:00 hrs y hasta las 22:00 hrs para disfrutar de estos platos que est\u00e1n hechos por manos patagonas\u201d, concluy\u00f3 Alvarado.<\/p>\n<\/div>\n<div class=\"yj6qo\" style=\"text-align: justify;\"><\/div>\n<div class=\"adL\" style=\"text-align: justify;\"><\/div>\n<\/div>\n<\/div>\n<div id=\":qq\" class=\"hq gt\" style=\"text-align: justify;\"><\/div>\n<\/div><\/section><\/div><div  style='height:50px' class='hr hr-invisible   avia-builder-el-6  el_after_av_one_full  el_before_av_social_share '><span class='hr-inner ' ><span class='hr-inner-style'><\/span><\/span><\/div><\/p>\n<div  class='av-social-sharing-box  avia-builder-el-7  el_after_av_hr  el_before_av_hr  '><div class='av-share-box'><h5 class='av-share-link-description av-no-toc '>Compartir esta noticia<\/h5><ul class='av-share-box-list noLightbox'><li class='av-share-link av-social-link-facebook' ><a target=\"_blank\" aria-label=\"Compartir en Facebook\" href='https:\/\/www.facebook.com\/sharer.php?u=https:\/\/radiorevelacionfm.cl\/?p=6821&#038;t=Rinc%C3%B3n%20Patag%C3%B3n%20celebrar%C3%A1%20el%20d%C3%ADa%20nacional%20de%20la%20cazuela%20este%2030%20de%20julio' aria-hidden='false' data-av_icon='\ue8f3' data-av_iconfont='entypo-fontello' title='' data-avia-related-tooltip='Compartir en Facebook' rel=\"noopener\"><span class='avia_hidden_link_text'>Compartir en Facebook<\/span><\/a><\/li><li class='av-share-link av-social-link-twitter' ><a target=\"_blank\" aria-label=\"Compartir en Twitter\" href='https:\/\/twitter.com\/share?text=Rinc%C3%B3n%20Patag%C3%B3n%20celebrar%C3%A1%20el%20d%C3%ADa%20nacional%20de%20la%20cazuela%20este%2030%20de%20julio&#038;url=https:\/\/radiorevelacionfm.cl\/?p=6821' aria-hidden='false' data-av_icon='\ue8f1' data-av_iconfont='entypo-fontello' title='' data-avia-related-tooltip='Compartir en Twitter' rel=\"noopener\"><span class='avia_hidden_link_text'>Compartir en Twitter<\/span><\/a><\/li><li class='av-share-link av-social-link-whatsapp' ><a target=\"_blank\" aria-label=\"Compartir en Whatsapp\" href='https:\/\/api.whatsapp.com\/send?text=https:\/\/radiorevelacionfm.cl\/?p=6821' aria-hidden='false' data-av_icon='\uf232' data-av_iconfont='entypo-fontello' title='' data-avia-related-tooltip='Compartir en Whatsapp' rel=\"noopener\"><span class='avia_hidden_link_text'>Compartir en Whatsapp<\/span><\/a><\/li><li class='av-share-link av-social-link-linkedin' ><a target=\"_blank\" aria-label=\"Compartir en LinkedIn\" href='https:\/\/linkedin.com\/shareArticle?mini=true&#038;title=Rinc%C3%B3n%20Patag%C3%B3n%20celebrar%C3%A1%20el%20d%C3%ADa%20nacional%20de%20la%20cazuela%20este%2030%20de%20julio&#038;url=https:\/\/radiorevelacionfm.cl\/?p=6821' aria-hidden='false' data-av_icon='\ue8fc' data-av_iconfont='entypo-fontello' title='' data-avia-related-tooltip='Compartir en LinkedIn' rel=\"noopener\"><span class='avia_hidden_link_text'>Compartir en LinkedIn<\/span><\/a><\/li><li class='av-share-link av-social-link-mail' ><a  aria-label=\"Compartir por correo\" href='mailto:?subject=Rinc%C3%B3n%20Patag%C3%B3n%20celebrar%C3%A1%20el%20d%C3%ADa%20nacional%20de%20la%20cazuela%20este%2030%20de%20julio&#038;body=https:\/\/radiorevelacionfm.cl\/?p=6821' aria-hidden='false' data-av_icon='\ue805' data-av_iconfont='entypo-fontello' title='' data-avia-related-tooltip='Compartir por correo'><span class='avia_hidden_link_text'>Compartir por correo<\/span><\/a><\/li><\/ul><\/div><\/div>\n<div  style='height:50px' class='hr hr-invisible   avia-builder-el-8  el_after_av_social_share  el_before_av_comments_list '><span class='hr-inner ' ><span class='hr-inner-style'><\/span><\/span><\/div>\n<div  class='av-buildercomment  av-blog-meta-html-info-disabled av-blog-meta-tag-disabled  '><\/div>\n","protected":false},"excerpt":{"rendered":"","protected":false},"author":1,"featured_media":6822,"comment_status":"open","ping_status":"open","sticky":false,"template":"","format":"standard","meta":{"footnotes":""},"categories":[38],"tags":[],"class_list":["post-6821","post","type-post","status-publish","format-standard","has-post-thumbnail","hentry","category-regional"],"jetpack_featured_media_url":"https:\/\/radiorevelacionfm.cl\/wp-content\/uploads\/2021\/07\/IMG-Rincon-Patagon-1-1.jpg","_links":{"self":[{"href":"https:\/\/radiorevelacionfm.cl\/index.php?rest_route=\/wp\/v2\/posts\/6821","targetHints":{"allow":["GET"]}}],"collection":[{"href":"https:\/\/radiorevelacionfm.cl\/index.php?rest_route=\/wp\/v2\/posts"}],"about":[{"href":"https:\/\/radiorevelacionfm.cl\/index.php?rest_route=\/wp\/v2\/types\/post"}],"author":[{"embeddable":true,"href":"https:\/\/radiorevelacionfm.cl\/index.php?rest_route=\/wp\/v2\/users\/1"}],"replies":[{"embeddable":true,"href":"https:\/\/radiorevelacionfm.cl\/index.php?rest_route=%2Fwp%2Fv2%2Fcomments&post=6821"}],"version-history":[{"count":1,"href":"https:\/\/radiorevelacionfm.cl\/index.php?rest_route=\/wp\/v2\/posts\/6821\/revisions"}],"predecessor-version":[{"id":6823,"href":"https:\/\/radiorevelacionfm.cl\/index.php?rest_route=\/wp\/v2\/posts\/6821\/revisions\/6823"}],"wp:featuredmedia":[{"embeddable":true,"href":"https:\/\/radiorevelacionfm.cl\/index.php?rest_route=\/wp\/v2\/media\/6822"}],"wp:attachment":[{"href":"https:\/\/radiorevelacionfm.cl\/index.php?rest_route=%2Fwp%2Fv2%2Fmedia&parent=6821"}],"wp:term":[{"taxonomy":"category","embeddable":true,"href":"https:\/\/radiorevelacionfm.cl\/index.php?rest_route=%2Fwp%2Fv2%2Fcategories&post=6821"},{"taxonomy":"post_tag","embeddable":true,"href":"https:\/\/radiorevelacionfm.cl\/index.php?rest_route=%2Fwp%2Fv2%2Ftags&post=6821"}],"curies":[{"name":"wp","href":"https:\/\/api.w.org\/{rel}","templated":true}]}}