{"id":6812,"date":"2021-07-30T10:10:25","date_gmt":"2021-07-30T13:10:25","guid":{"rendered":"https:\/\/radiorevelacionfm.cl\/?p=6812"},"modified":"2021-07-30T10:18:40","modified_gmt":"2021-07-30T13:18:40","slug":"autoridades-ayseninas-recorren-escuelas-municipales-para-conocer-todos-los-protocolos-previo-inicio-del-segundo-semestre-academico","status":"publish","type":"post","link":"https:\/\/radiorevelacionfm.cl\/?p=6812","title":{"rendered":"Autoridades ayseninas recorren escuelas municipales para conocer in situ protocolos previo inicio del segundo semestre acad\u00e9mico"},"content":{"rendered":"<div class=\"flex_column av_one_full  flex_column_div av-zero-column-padding first  avia-builder-el-0  el_before_av_one_full  avia-builder-el-first  \" style='border-radius:0px; '><div  class='avia-image-container  av-styling-    avia-builder-el-1  avia-builder-el-no-sibling  avia-align-center '  itemprop=\"image\" itemscope=\"itemscope\" itemtype=\"https:\/\/schema.org\/ImageObject\"  ><div class='avia-image-container-inner'><div class='avia-image-overlay-wrap'><img decoding=\"async\" class='wp-image-6814 avia-img-lazy-loading-not-6814 avia_image' src=\"https:\/\/radiorevelacionfm.cl\/wp-content\/uploads\/2021\/07\/Colegios-Aysen2i-1-1.jpg\" alt='' title='Colegios Ays\u00e9n2i (1) (1)' height=\"600\" width=\"934\"  itemprop=\"thumbnailUrl\" srcset=\"https:\/\/radiorevelacionfm.cl\/wp-content\/uploads\/2021\/07\/Colegios-Aysen2i-1-1.jpg 934w, https:\/\/radiorevelacionfm.cl\/wp-content\/uploads\/2021\/07\/Colegios-Aysen2i-1-1-300x193.jpg 300w, https:\/\/radiorevelacionfm.cl\/wp-content\/uploads\/2021\/07\/Colegios-Aysen2i-1-1-768x493.jpg 768w, https:\/\/radiorevelacionfm.cl\/wp-content\/uploads\/2021\/07\/Colegios-Aysen2i-1-1-705x453.jpg 705w, https:\/\/radiorevelacionfm.cl\/wp-content\/uploads\/2021\/07\/Colegios-Aysen2i-1-1-600x385.jpg 600w\" sizes=\"(max-width: 934px) 100vw, 934px\" \/><\/div><\/div><\/div><\/div>\n<div class=\"flex_column av_one_full  flex_column_div av-zero-column-padding first  avia-builder-el-2  el_after_av_one_full  el_before_av_one_full  column-top-margin\" style='border-radius:0px; '><section class=\"av_textblock_section \"  itemscope=\"itemscope\" itemtype=\"https:\/\/schema.org\/BlogPosting\" itemprop=\"blogPost\" ><div class='avia_textblock  '   itemprop=\"text\" ><p style=\"text-align: center;\"><strong><span style=\"font-size: 18pt;\">Autoridades ayseninas recorren escuelas municipales para conocer in situ protocolos previo inicio del segundo semestre acad\u00e9mico<\/span><\/strong><\/p>\n<div id=\"gtx-trans\" style=\"position: absolute; left: -50px; top: 4.31534px;\">\n<div class=\"gtx-trans-icon\"><\/div>\n<\/div>\n<\/div><\/section><\/div><div class=\"flex_column av_one_full  flex_column_div av-zero-column-padding first  avia-builder-el-4  el_after_av_one_full  el_before_av_hr  column-top-margin\" style='border-radius:0px; '><section class=\"av_textblock_section \"  itemscope=\"itemscope\" itemtype=\"https:\/\/schema.org\/BlogPosting\" itemprop=\"blogPost\" ><div class='avia_textblock  '   itemprop=\"text\" ><p style=\"text-align: justify;\">Conocer in situ los protocolos de los establecimientos educacionales municipalizados de Ays\u00e9n de cara a lo que ser\u00e1 el inicio del segundo semestre acad\u00e9mico fue el objetivo de la visita que este jueves realizaron autoridades locales en la capital comunal.<\/p>\n<p style=\"text-align: justify;\">Hasta las escuelas Ribera Sur, Litoral Austral y Gabriela Mistral en Puerto Ays\u00e9n arribaron el jefe de Gabinete del municipio, Marco Co\u00f1uecar acompa\u00f1ado de los concejales de la comuna, Alejandro Soto, Jorge Figueroa y Gabriel Mu\u00f1oz, quienes fueron recibidos por el director (S) de Educaci\u00f3n Municipal, Freddy Moraga y el profesional Prevencionista de Riesgos del DEM, Yerko Pur\u00e1n.<\/p>\n<p style=\"text-align: justify;\">De esta manera, iniciaron el recorrido que busc\u00f3 dar a conocer el trabajo ejecutado desde el DEM en pos de la comunidad estudiantil, y que incluye que cada uno de los recintos educacionales cuente con su propio equipo de sanitizaci\u00f3n con su respectivo equipamiento, m\u00e1quina pulverizadora y certificaci\u00f3n desde la seremi de Salud. As\u00ed como una importante relaci\u00f3n con Acci\u00f3n Sanitaria, quienes han orientado en cuanto a las recomendaciones y que ha implicado mejorar la comunicaci\u00f3n interna y la actualizaci\u00f3n de protocolos. Igualmente, con el CESFAM de Puerto Ays\u00e9n, lo que ha permitido la constante toma de ex\u00e1menes PCR a los funcionarios de los establecimientos educacionales y, adem\u00e1s, con Mutual de Seguridad, quienes han realizado diversas capacitaciones al personal de educaci\u00f3n, y con quienes prontamente se efectuar\u00e1n renovaciones de se\u00f1al\u00e9ticas, as\u00ed como charlas de psicolog\u00eda de trabajo para personal DEM.<\/p>\n<p style=\"text-align: justify;\">Es as\u00ed que esta visita en terreno se llev\u00f3 a cabo por las diversas dependencias de las escuelas, y contempl\u00f3 ingreso, aulas de clases, ba\u00f1os, entre otros. Al respecto, el jefe de gabinete Marco Co\u00f1uecar manifest\u00f3 que se est\u00e1 avanzando en cuanto a reforzar las medidas de protocolo en este recorrido que forma parte de la Comisi\u00f3n de Seguridad de la municipalidad y que fue solicitada por los concejales Jorge Figueroa y Gabriel Mu\u00f1oz, la cual fue extensiva a todos los miembros del cuerpo colegiado. \u201cHay un importante avance. Si bien hay algunas cosas que pudieran faltar, ya fueron informadas al director DEM para que acelere el proceso, y as\u00ed el d\u00eda lunes ya tengamos a los alumnos que lo deseen en clases presenciales, y lo que no en clases online, la idea es que los pap\u00e1s puedan decidir qu\u00e9 modalidad utilizar\u00e1n as\u00ed que esperar que todo salga bien\u201d, indic\u00f3 el personero municipal.<\/p>\n<p style=\"text-align: justify;\">Por su parte, el concejal Gabriel Mu\u00f1oz relev\u00f3 el estado de los establecimientos de la educaci\u00f3n municipal, indicando que \u201cesperar que los ni\u00f1os puedan venir a sus clases a aprender, a compartir con sus compa\u00f1eros. En este recorrido, en general, est\u00e1 todo ordenado como debe ser. Salas y ba\u00f1os, todo impecable. No nos hemos encontrado con ninguna sorpresa as\u00ed que esperar se puedan reiniciar las clases presenciales\u201d.<\/p>\n<p style=\"text-align: justify;\">El concejal Alejandro Soto, en tanto, agradeci\u00f3 al municipio la invitaci\u00f3n extendida para revisar conjuntamente en los establecimientos lo relativo a la bioseguridad y el retorno a clases. \u201cSi bien encontramos algunas observaciones que son menores, eso se verificar\u00e1 el fin de semana, pero los establecimientos est\u00e1n listos para recibir a sus alumnos con todas las medidas. As\u00ed que invitar a la comunidad a que traigan a sus ni\u00f1os, a que vengan tranquilos, y los ni\u00f1os que no est\u00e9n vacunados invitarlos a que realicen su vacunaci\u00f3n en el proceso que estamos viviendo hoy por hoy\u201d.<\/p>\n<p style=\"text-align: justify;\">Para el director (S) DEM, Freddy Moraga que los estudiantes, sus familias y los funcionarios de cada uno de los establecimientos se sientan seguros, es fundamental. \u201cEs super importante para nosotros este retorno a clases, no voy a adelantar el detalle por lealtad a los directores con quienes nos reuniremos la pr\u00f3xima semana para poder asentar un poco m\u00e1s la diferencia que hay entre paso a paso, hoy en fase 3 y obviamente para que los chicos puedan venir en la medida de lo posible teniendo en cuenta siempre la seguridad, que es materia primordial para los directores y quien habla\u201d, explic\u00f3 agregando que \u201cobviamente el ministerio de educaci\u00f3n da las instrucciones de que el retorno es un tema voluntario, sin prejuicio de ello est\u00e1n dadas las condiciones para que volvamos de forma paulatina a clases\u201d, finaliz\u00f3 Moraga Castro.<\/p>\n<\/div><\/section><\/div><\/p>\n<div  style='height:50px' class='hr hr-invisible   avia-builder-el-6  el_after_av_one_full  el_before_av_social_share '><span class='hr-inner ' ><span class='hr-inner-style'><\/span><\/span><\/div>\n<div  class='av-social-sharing-box  avia-builder-el-7  el_after_av_hr  el_before_av_hr  '><div class='av-share-box'><h5 class='av-share-link-description av-no-toc '>Compartir esta noticia<\/h5><ul class='av-share-box-list noLightbox'><li class='av-share-link av-social-link-facebook' ><a target=\"_blank\" aria-label=\"Compartir en Facebook\" href='https:\/\/www.facebook.com\/sharer.php?u=https:\/\/radiorevelacionfm.cl\/?p=6812&#038;t=Autoridades%20ayseninas%20recorren%20escuelas%20municipales%20para%20conocer%20in%20situ%20protocolos%20previo%20inicio%20del%20segundo%20semestre%20acad%C3%A9mico' aria-hidden='false' data-av_icon='\ue8f3' data-av_iconfont='entypo-fontello' title='' data-avia-related-tooltip='Compartir en Facebook' rel=\"noopener\"><span class='avia_hidden_link_text'>Compartir en Facebook<\/span><\/a><\/li><li class='av-share-link av-social-link-twitter' ><a target=\"_blank\" aria-label=\"Compartir en Twitter\" href='https:\/\/twitter.com\/share?text=Autoridades%20ayseninas%20recorren%20escuelas%20municipales%20para%20conocer%20in%20situ%20protocolos%20previo%20inicio%20del%20segundo%20semestre%20acad%C3%A9mico&#038;url=https:\/\/radiorevelacionfm.cl\/?p=6812' aria-hidden='false' data-av_icon='\ue8f1' data-av_iconfont='entypo-fontello' title='' data-avia-related-tooltip='Compartir en Twitter' rel=\"noopener\"><span class='avia_hidden_link_text'>Compartir en Twitter<\/span><\/a><\/li><li class='av-share-link av-social-link-whatsapp' ><a target=\"_blank\" aria-label=\"Compartir en Whatsapp\" href='https:\/\/api.whatsapp.com\/send?text=https:\/\/radiorevelacionfm.cl\/?p=6812' aria-hidden='false' data-av_icon='\uf232' data-av_iconfont='entypo-fontello' title='' data-avia-related-tooltip='Compartir en Whatsapp' rel=\"noopener\"><span class='avia_hidden_link_text'>Compartir en Whatsapp<\/span><\/a><\/li><li class='av-share-link av-social-link-linkedin' ><a target=\"_blank\" aria-label=\"Compartir en LinkedIn\" href='https:\/\/linkedin.com\/shareArticle?mini=true&#038;title=Autoridades%20ayseninas%20recorren%20escuelas%20municipales%20para%20conocer%20in%20situ%20protocolos%20previo%20inicio%20del%20segundo%20semestre%20acad%C3%A9mico&#038;url=https:\/\/radiorevelacionfm.cl\/?p=6812' aria-hidden='false' data-av_icon='\ue8fc' data-av_iconfont='entypo-fontello' title='' data-avia-related-tooltip='Compartir en LinkedIn' rel=\"noopener\"><span class='avia_hidden_link_text'>Compartir en LinkedIn<\/span><\/a><\/li><li class='av-share-link av-social-link-mail' ><a  aria-label=\"Compartir por correo\" href='mailto:?subject=Autoridades%20ayseninas%20recorren%20escuelas%20municipales%20para%20conocer%20in%20situ%20protocolos%20previo%20inicio%20del%20segundo%20semestre%20acad%C3%A9mico&#038;body=https:\/\/radiorevelacionfm.cl\/?p=6812' aria-hidden='false' data-av_icon='\ue805' data-av_iconfont='entypo-fontello' title='' data-avia-related-tooltip='Compartir por correo'><span class='avia_hidden_link_text'>Compartir por correo<\/span><\/a><\/li><\/ul><\/div><\/div>\n<div  style='height:50px' class='hr hr-invisible   avia-builder-el-8  el_after_av_social_share  el_before_av_comments_list '><span class='hr-inner ' ><span class='hr-inner-style'><\/span><\/span><\/div>\n<div  class='av-buildercomment  av-blog-meta-html-info-disabled av-blog-meta-tag-disabled  '><\/div>\n","protected":false},"excerpt":{"rendered":"","protected":false},"author":1,"featured_media":6814,"comment_status":"open","ping_status":"open","sticky":false,"template":"","format":"standard","meta":{"footnotes":""},"categories":[49],"tags":[],"class_list":["post-6812","post","type-post","status-publish","format-standard","has-post-thumbnail","hentry","category-educacion"],"jetpack_featured_media_url":"https:\/\/radiorevelacionfm.cl\/wp-content\/uploads\/2021\/07\/Colegios-Aysen2i-1-1.jpg","_links":{"self":[{"href":"https:\/\/radiorevelacionfm.cl\/index.php?rest_route=\/wp\/v2\/posts\/6812","targetHints":{"allow":["GET"]}}],"collection":[{"href":"https:\/\/radiorevelacionfm.cl\/index.php?rest_route=\/wp\/v2\/posts"}],"about":[{"href":"https:\/\/radiorevelacionfm.cl\/index.php?rest_route=\/wp\/v2\/types\/post"}],"author":[{"embeddable":true,"href":"https:\/\/radiorevelacionfm.cl\/index.php?rest_route=\/wp\/v2\/users\/1"}],"replies":[{"embeddable":true,"href":"https:\/\/radiorevelacionfm.cl\/index.php?rest_route=%2Fwp%2Fv2%2Fcomments&post=6812"}],"version-history":[{"count":3,"href":"https:\/\/radiorevelacionfm.cl\/index.php?rest_route=\/wp\/v2\/posts\/6812\/revisions"}],"predecessor-version":[{"id":6843,"href":"https:\/\/radiorevelacionfm.cl\/index.php?rest_route=\/wp\/v2\/posts\/6812\/revisions\/6843"}],"wp:featuredmedia":[{"embeddable":true,"href":"https:\/\/radiorevelacionfm.cl\/index.php?rest_route=\/wp\/v2\/media\/6814"}],"wp:attachment":[{"href":"https:\/\/radiorevelacionfm.cl\/index.php?rest_route=%2Fwp%2Fv2%2Fmedia&parent=6812"}],"wp:term":[{"taxonomy":"category","embeddable":true,"href":"https:\/\/radiorevelacionfm.cl\/index.php?rest_route=%2Fwp%2Fv2%2Fcategories&post=6812"},{"taxonomy":"post_tag","embeddable":true,"href":"https:\/\/radiorevelacionfm.cl\/index.php?rest_route=%2Fwp%2Fv2%2Ftags&post=6812"}],"curies":[{"name":"wp","href":"https:\/\/api.w.org\/{rel}","templated":true}]}}