{"id":6809,"date":"2021-07-30T16:36:36","date_gmt":"2021-07-30T19:36:36","guid":{"rendered":"https:\/\/radiorevelacionfm.cl\/?p=6809"},"modified":"2021-07-30T18:06:48","modified_gmt":"2021-07-30T21:06:48","slug":"apoderados-ya-pueden-registrarse-en-el-sistema-de-admision-escolar-y-conocer-colegios-antes-de-la-postulacion","status":"publish","type":"post","link":"https:\/\/radiorevelacionfm.cl\/?p=6809","title":{"rendered":"Apoderados ya pueden registrarse en el sistema de admisi\u00f3n escolar y conocer colegios antes de la postulaci\u00f3n"},"content":{"rendered":"<div class=\"flex_column av_one_full  flex_column_div av-zero-column-padding first  avia-builder-el-0  el_before_av_one_full  avia-builder-el-first  \" style='border-radius:0px; '><div  class='avia-image-container  av-styling-    avia-builder-el-1  avia-builder-el-no-sibling  avia-align-center '  itemprop=\"image\" itemscope=\"itemscope\" itemtype=\"https:\/\/schema.org\/ImageObject\"  ><div class='avia-image-container-inner'><div class='avia-image-overlay-wrap'><img decoding=\"async\" class='wp-image-0 avia-img-lazy-loading-not-0 avia_image' src=\"https:\/\/radiorevelacionfm.cl\/wp-content\/uploads\/2021\/07\/SAE1-1-1.jpg\" alt='' title=''   itemprop=\"thumbnailUrl\"  \/><\/div><\/div><\/div><\/div><div class=\"flex_column av_one_full  flex_column_div av-zero-column-padding first  avia-builder-el-2  el_after_av_one_full  el_before_av_one_full  column-top-margin\" style='border-radius:0px; '><section class=\"av_textblock_section \"  itemscope=\"itemscope\" itemtype=\"https:\/\/schema.org\/BlogPosting\" itemprop=\"blogPost\" ><div class='avia_textblock  '   itemprop=\"text\" ><p style=\"text-align: center;\"><strong><span style=\"font-size: 18pt;\">Apoderados ya pueden registrarse en el sistema de admisi\u00f3n escolar y conocer colegios antes de la postulaci\u00f3n<\/span><\/strong><\/p>\n<div id=\"gtx-trans\" style=\"position: absolute; left: -50px; top: 4.31534px;\">\n<div class=\"gtx-trans-icon\"><\/div>\n<\/div>\n<\/div><\/section><\/div><div class=\"flex_column av_one_full  flex_column_div av-zero-column-padding first  avia-builder-el-4  el_after_av_one_full  el_before_av_hr  column-top-margin\" style='border-radius:0px; '><section class=\"av_textblock_section \"  itemscope=\"itemscope\" itemtype=\"https:\/\/schema.org\/BlogPosting\" itemprop=\"blogPost\" ><div class='avia_textblock  '   itemprop=\"text\" ><p class=\"v1MsoNormal\" style=\"text-align: justify;\"><span lang=\"ES\">Este jueves 29 de julio el Ministerio de Educaci\u00f3n abri\u00f3 el periodo de registro anticipado para el proceso de postulaci\u00f3n al Sistema de Admisi\u00f3n Escolar para el a\u00f1o acad\u00e9mico 2022 que comenzar\u00e1 este 12 de agosto.<\/span><\/p>\n<p class=\"v1MsoNormal\" style=\"text-align: justify;\"><span lang=\"ES\">Se trata de un periodo previo a la postulaci\u00f3n, que permite a los apoderados registrarse en la plataforma, entrar para conocerla y familiarizarse con ella, y conocer los proyectos educativos a los que podr\u00e1 postular a sus hijos una vez comience el proceso.<\/span><\/p>\n<p class=\"v1MsoNormal\" style=\"text-align: justify;\"><span lang=\"ES\">Al acceder a\u00a0<\/span><a href=\"https:\/\/nam02.safelinks.protection.outlook.com\/?url=http%3A%2F%2Fwww.sistemadeadmisionescolar.cl%2F&amp;data=04%7C01%7Ccamilo.gomez%40mineduc.cl%7C9725df095ff44c2ce98708d952a70ac6%7C2e4cfe500580414093874ecde39def60%7C0%7C0%7C637631699671593148%7CUnknown%7CTWFpbGZsb3d8eyJWIjoiMC4wLjAwMDAiLCJQIjoiV2luMzIiLCJBTiI6Ik1haWwiLCJXVCI6Mn0%3D%7C1000&amp;sdata=ApatlsPj1B1ZEYi9VMeFYh8lrWJ97d7eCAQgn8fznOU%3D&amp;reserved=0\" target=\"_blank\" rel=\"noopener noreferrer\"><span lang=\"ES\">www.sistemadeadmisionescolar.cl<\/span><\/a><span lang=\"ES\">, las familias desde ya pueden buscar establecimientos cercanos, conocer sus proyectos educativos, revisar cu\u00e1ntas postulaciones tuvo el a\u00f1o anterior, cu\u00e1ntas vacantes hay disponibles por nivel, acceder a indicadores de la Agencia de Calidad, entre otras caracter\u00edsticas que considere importantes en un colegio.<\/span><\/p>\n<p class=\"v1MsoNormal\" style=\"text-align: justify;\"><span lang=\"ES\">\u201cCreemos que es muy importante que las familias puedan conocer bien los colegios a los que desean postular, con m\u00e1s informaci\u00f3n a la mano se toman mejores decisiones, es por esto que hemos puesto a disposici\u00f3n de todos diferentes aspectos de los establecimientos, que van desde lo acad\u00e9mico hasta lo socioemocional, con indicadores de convivencia escolar\u201d, comenta el Subsecretario de Educaci\u00f3n, Jorge Poblete.<\/span><\/p>\n<p class=\"v1MsoNormal\" style=\"text-align: justify;\"><span lang=\"ES\">Es importante tener en cuenta que este sistema es para postular a establecimientos educacionales que reciben aportes del Estado, y opera para aquellos apoderados que quieran cambiar a sus hijos de establecimiento, para quienes entran por primera vez al sistema educativo, o los alumnos que actualmente asisten a un establecimiento que no ofrece continuidad para el nivel siguiente.<\/span><span lang=\"ES\">\u00a0<\/span><\/p>\n<p class=\"v1MsoNormal\" style=\"text-align: justify;\"><b><span lang=\"ES\">Fechas importantes:<\/span><\/b><\/p>\n<ul type=\"disc\">\n<li class=\"v1MsoNormal\" style=\"text-align: justify;\"><span lang=\"ES\">29 de julio: inicio de registro anticipado en la plataforma.<\/span><\/li>\n<li class=\"v1MsoNormal\" style=\"text-align: justify;\"><span lang=\"ES\">12 de agosto al 8 de septiembre: periodo principal de postulaci\u00f3n.<\/span><\/li>\n<li class=\"v1MsoNormal\" style=\"text-align: justify;\"><span lang=\"ES\">20 de septiembre al 5 de octubre: procedimientos especiales de admisi\u00f3n (establecimientos que cuentan con Programa de Integraci\u00f3n Escolar (PIE), alta exigencia, o de especializaci\u00f3n temprana).<\/span><\/li>\n<li class=\"v1MsoNormal\" style=\"text-align: justify;\"><span lang=\"ES\">25 al 29 de octubre: publicaci\u00f3n de resultados.<\/span><\/li>\n<li class=\"v1MsoNormal\" style=\"text-align: justify;\"><span lang=\"ES\">23 al 30 de noviembre: periodo complementario de postulaci\u00f3n.<\/span><\/li>\n<li class=\"v1MsoNormal\" style=\"text-align: justify;\"><span lang=\"ES\">14 de diciembre: publicaci\u00f3n de resultados del periodo complementario.<\/span><\/li>\n<li class=\"v1MsoNormal\" style=\"text-align: justify;\"><span lang=\"ES\">15 al 27 de diciembre: periodo de matr\u00edcula en los establecimientos.<\/span><\/li>\n<\/ul>\n<\/div><\/section><\/div><div  style='height:50px' class='hr hr-invisible   avia-builder-el-6  el_after_av_one_full  el_before_av_social_share '><span class='hr-inner ' ><span class='hr-inner-style'><\/span><\/span><\/div><\/p>\n<div  class='av-social-sharing-box  avia-builder-el-7  el_after_av_hr  el_before_av_hr  '><div class='av-share-box'><h5 class='av-share-link-description av-no-toc '>Compartir esta noticia<\/h5><ul class='av-share-box-list noLightbox'><li class='av-share-link av-social-link-facebook' ><a target=\"_blank\" aria-label=\"Compartir en Facebook\" href='https:\/\/www.facebook.com\/sharer.php?u=https:\/\/radiorevelacionfm.cl\/?p=6809&#038;t=Apoderados%20ya%20pueden%20registrarse%20en%20el%20sistema%20de%20admisi%C3%B3n%20escolar%20y%20conocer%20colegios%20antes%20de%20la%20postulaci%C3%B3n' aria-hidden='false' data-av_icon='\ue8f3' data-av_iconfont='entypo-fontello' title='' data-avia-related-tooltip='Compartir en Facebook' rel=\"noopener\"><span class='avia_hidden_link_text'>Compartir en Facebook<\/span><\/a><\/li><li class='av-share-link av-social-link-twitter' ><a target=\"_blank\" aria-label=\"Compartir en Twitter\" href='https:\/\/twitter.com\/share?text=Apoderados%20ya%20pueden%20registrarse%20en%20el%20sistema%20de%20admisi%C3%B3n%20escolar%20y%20conocer%20colegios%20antes%20de%20la%20postulaci%C3%B3n&#038;url=https:\/\/radiorevelacionfm.cl\/?p=6809' aria-hidden='false' data-av_icon='\ue8f1' data-av_iconfont='entypo-fontello' title='' data-avia-related-tooltip='Compartir en Twitter' rel=\"noopener\"><span class='avia_hidden_link_text'>Compartir en Twitter<\/span><\/a><\/li><li class='av-share-link av-social-link-whatsapp' ><a target=\"_blank\" aria-label=\"Compartir en Whatsapp\" href='https:\/\/api.whatsapp.com\/send?text=https:\/\/radiorevelacionfm.cl\/?p=6809' aria-hidden='false' data-av_icon='\uf232' data-av_iconfont='entypo-fontello' title='' data-avia-related-tooltip='Compartir en Whatsapp' rel=\"noopener\"><span class='avia_hidden_link_text'>Compartir en Whatsapp<\/span><\/a><\/li><li class='av-share-link av-social-link-linkedin' ><a target=\"_blank\" aria-label=\"Compartir en LinkedIn\" href='https:\/\/linkedin.com\/shareArticle?mini=true&#038;title=Apoderados%20ya%20pueden%20registrarse%20en%20el%20sistema%20de%20admisi%C3%B3n%20escolar%20y%20conocer%20colegios%20antes%20de%20la%20postulaci%C3%B3n&#038;url=https:\/\/radiorevelacionfm.cl\/?p=6809' aria-hidden='false' data-av_icon='\ue8fc' data-av_iconfont='entypo-fontello' title='' data-avia-related-tooltip='Compartir en LinkedIn' rel=\"noopener\"><span class='avia_hidden_link_text'>Compartir en LinkedIn<\/span><\/a><\/li><li class='av-share-link av-social-link-mail' ><a  aria-label=\"Compartir por correo\" href='mailto:?subject=Apoderados%20ya%20pueden%20registrarse%20en%20el%20sistema%20de%20admisi%C3%B3n%20escolar%20y%20conocer%20colegios%20antes%20de%20la%20postulaci%C3%B3n&#038;body=https:\/\/radiorevelacionfm.cl\/?p=6809' aria-hidden='false' data-av_icon='\ue805' data-av_iconfont='entypo-fontello' title='' data-avia-related-tooltip='Compartir por correo'><span class='avia_hidden_link_text'>Compartir por correo<\/span><\/a><\/li><\/ul><\/div><\/div>\n<div  style='height:50px' class='hr hr-invisible   avia-builder-el-8  el_after_av_social_share  el_before_av_comments_list '><span class='hr-inner ' ><span class='hr-inner-style'><\/span><\/span><\/div>\n<div  class='av-buildercomment  av-blog-meta-html-info-disabled av-blog-meta-tag-disabled  '><\/div>\n","protected":false},"excerpt":{"rendered":"","protected":false},"author":1,"featured_media":6864,"comment_status":"open","ping_status":"open","sticky":false,"template":"","format":"standard","meta":{"footnotes":""},"categories":[49],"tags":[],"class_list":["post-6809","post","type-post","status-publish","format-standard","has-post-thumbnail","hentry","category-educacion"],"jetpack_featured_media_url":"https:\/\/radiorevelacionfm.cl\/wp-content\/uploads\/2021\/07\/SAE1-1-1-1.jpg","_links":{"self":[{"href":"https:\/\/radiorevelacionfm.cl\/index.php?rest_route=\/wp\/v2\/posts\/6809","targetHints":{"allow":["GET"]}}],"collection":[{"href":"https:\/\/radiorevelacionfm.cl\/index.php?rest_route=\/wp\/v2\/posts"}],"about":[{"href":"https:\/\/radiorevelacionfm.cl\/index.php?rest_route=\/wp\/v2\/types\/post"}],"author":[{"embeddable":true,"href":"https:\/\/radiorevelacionfm.cl\/index.php?rest_route=\/wp\/v2\/users\/1"}],"replies":[{"embeddable":true,"href":"https:\/\/radiorevelacionfm.cl\/index.php?rest_route=%2Fwp%2Fv2%2Fcomments&post=6809"}],"version-history":[{"count":1,"href":"https:\/\/radiorevelacionfm.cl\/index.php?rest_route=\/wp\/v2\/posts\/6809\/revisions"}],"predecessor-version":[{"id":6811,"href":"https:\/\/radiorevelacionfm.cl\/index.php?rest_route=\/wp\/v2\/posts\/6809\/revisions\/6811"}],"wp:featuredmedia":[{"embeddable":true,"href":"https:\/\/radiorevelacionfm.cl\/index.php?rest_route=\/wp\/v2\/media\/6864"}],"wp:attachment":[{"href":"https:\/\/radiorevelacionfm.cl\/index.php?rest_route=%2Fwp%2Fv2%2Fmedia&parent=6809"}],"wp:term":[{"taxonomy":"category","embeddable":true,"href":"https:\/\/radiorevelacionfm.cl\/index.php?rest_route=%2Fwp%2Fv2%2Fcategories&post=6809"},{"taxonomy":"post_tag","embeddable":true,"href":"https:\/\/radiorevelacionfm.cl\/index.php?rest_route=%2Fwp%2Fv2%2Ftags&post=6809"}],"curies":[{"name":"wp","href":"https:\/\/api.w.org\/{rel}","templated":true}]}}