{"id":6806,"date":"2021-07-29T19:01:30","date_gmt":"2021-07-29T22:01:30","guid":{"rendered":"https:\/\/radiorevelacionfm.cl\/?p=6806"},"modified":"2021-07-29T19:01:30","modified_gmt":"2021-07-29T22:01:30","slug":"dan-a-conocer-campana-que-difunde-derechos-de-las-mujeres-embarazadas-privadas-de-libertad","status":"publish","type":"post","link":"https:\/\/radiorevelacionfm.cl\/?p=6806","title":{"rendered":"Dan a conocer campa\u00f1a que difunde derechos de las mujeres embarazadas privadas de libertad"},"content":{"rendered":"<div class=\"flex_column av_one_full  flex_column_div av-zero-column-padding first  avia-builder-el-0  el_before_av_one_full  avia-builder-el-first  \" style='border-radius:0px; '><div  class='avia-image-container  av-styling-    avia-builder-el-1  avia-builder-el-no-sibling  avia-align-center '  itemprop=\"image\" itemscope=\"itemscope\" itemtype=\"https:\/\/schema.org\/ImageObject\"  ><div class='avia-image-container-inner'><div class='avia-image-overlay-wrap'><img decoding=\"async\" class='wp-image-0 avia-img-lazy-loading-not-0 avia_image' src=\"https:\/\/radiorevelacionfm.cl\/wp-content\/uploads\/2021\/07\/IMG_Derechos-01-1-1.jpg\" alt='' title=''   itemprop=\"thumbnailUrl\"  \/><\/div><\/div><\/div><\/div><div class=\"flex_column av_one_full  flex_column_div av-zero-column-padding first  avia-builder-el-2  el_after_av_one_full  el_before_av_one_full  column-top-margin\" style='border-radius:0px; '><section class=\"av_textblock_section \"  itemscope=\"itemscope\" itemtype=\"https:\/\/schema.org\/BlogPosting\" itemprop=\"blogPost\" ><div class='avia_textblock  '   itemprop=\"text\" ><p style=\"text-align: center;\"><strong><span style=\"font-size: 18pt;\">Dan a conocer campa\u00f1a que difunde derechos de las mujeres embarazadas privadas de libertad<\/span><\/strong><\/p>\n<div id=\"gtx-trans\" style=\"position: absolute; left: -50px; top: 4.31534px;\">\n<div class=\"gtx-trans-icon\"><\/div>\n<\/div>\n<\/div><\/section><\/div><div class=\"flex_column av_one_full  flex_column_div av-zero-column-padding first  avia-builder-el-4  el_after_av_one_full  el_before_av_hr  column-top-margin\" style='border-radius:0px; '><section class=\"av_textblock_section \"  itemscope=\"itemscope\" itemtype=\"https:\/\/schema.org\/BlogPosting\" itemprop=\"blogPost\" ><div class='avia_textblock  '   itemprop=\"text\" ><p style=\"text-align: justify;\">A trav\u00e9s de una visita al Centro de Cumplimiento Penitenciario (CCP) de Coyhaique, la Seremi de la Mujer y la Equidad de G\u00e9nero, B\u00e1rbara Ort\u00fazar, junto a su par de Justicia y Derechos Humanos, Luis Prieto, se reunieron con el equipo de Gendarmer\u00eda y mujeres privadas de libertad para dar a conocer aspectos claves de la campa\u00f1a \u201cConoce tus Derechos\u201d la cual busca difundir, especialmente, los derechos de las mujeres embarazadas privadas de libertad, los cuales est\u00e1n protegidos y establecidos por los tratados internacionales y el marco legal vigente en nuestro pa\u00eds.<\/p>\n<p style=\"text-align: justify;\">Dicha campa\u00f1a, difundida a nivel nacional, brindar\u00e1 esta fundamental informaci\u00f3n por medio de afiches que estar\u00e1n visibles en espacios comunes de establecimientos penitenciarios que cuentan con internas en todo el pa\u00eds.<\/p>\n<p style=\"text-align: justify;\">Durante la instancia, las autoridades que visitaron el CCP adem\u00e1s dieron a conocer un protocolo institucional que busca mejorar la coordinaci\u00f3n con los servicios de salud y asegurar la dignidad de aquellas mujeres privadas de libertad que van a ser madres, lo cual fue uno de los compromisos de la Agenda Mujer.<\/p>\n<p style=\"text-align: justify;\">Sobre la importancia de difundir los derechos de las mujeres internas embarazadas, la Seremi de la Mujer y la Equidad de G\u00e9nero, B\u00e1rbara Ort\u00fazar, se\u00f1al\u00f3 que \u201cEsta fue una instancia sumamente enriquecedora, ya que todas las mujeres, independiente de su situaci\u00f3n, y ahora en particular, pese a estar ellas privadas de libertad, son personas de derechos y deben vivir un embarazo de manera digna y con tranquilidad, tanto para ellas como por el ni\u00f1o o ni\u00f1a que est\u00e1 por nacer. Como Ministerio y parte del Gobierno del Presidente Pi\u00f1era, tenemos la tarea de difundir y promocionar los derechos de las mujeres y, en esta oportunidad el foco est\u00e1 en las embarazadas. Por esto, adem\u00e1s agradezco el trabajo que realiza gendarmer\u00eda, ya que son ellos quienes permiten que esto se cumpla\u201d.<\/p>\n<p style=\"text-align: justify;\">Por su parte, el Seremi de Justicia y Derechos Humanos, Luis Prieto, destac\u00f3 que \u201csiempre es importante difundir los derechos de las mujeres, y del ni\u00f1o o ni\u00f1a que est\u00e1 por nacer, indistintamente si las futuras madres se encuentran o no privadas de libertad, por ello valoramos el inter\u00e9s constante de la Serem\u00eda de la mujer y equidad de g\u00e9nero en contribuir desde distintos \u00e1mbitos al bienestar de las usuarias de la secci\u00f3n femenina del CCP Coyhaique\u201d.<\/p>\n<p style=\"text-align: justify;\">Los derechos contenidos en el afiche son:<\/p>\n<ul style=\"text-align: justify;\">\n<li>Un trato humano, digno, con respeto y amabilidad en todo momento.<\/li>\n<li>Que se vigile y cuide tu integridad f\u00edsica y ps\u00edquica, como tambi\u00e9n del que est\u00e1 por nacer.<\/li>\n<li>Que permanezcas en un lugar adecuado para tu embarazo, con caracter\u00edsticas distintas y excepcionales al resto de las privadas de libertad en lo referido al r\u00e9gimen interno y acondicionamiento del lugar.<\/li>\n<li>Recibir tu atenci\u00f3n de salud respetando las condiciones de privacidad y resguardo de tu intimidad como paciente.<\/li>\n<li>Ser trasladada en un veh\u00edculo distinto al utilizado en salidas cotidianas por el resto de las privadas de libertad, cuando sea necesario el desarrollo de alguna salida del penal.<\/li>\n<li>Que recibas atenci\u00f3n de salud y educaci\u00f3n junto con la inscripci\u00f3n en el respectivo CESFAM en el programa CRECIENDO JUNTOS que incorpora los beneficios: atenci\u00f3n de salud, entrega de leche vacunas para ti y tu hijo(a).<\/li>\n<\/ul>\n<\/div><\/section><\/div><div  style='height:50px' class='hr hr-invisible   avia-builder-el-6  el_after_av_one_full  el_before_av_social_share '><span class='hr-inner ' ><span class='hr-inner-style'><\/span><\/span><\/div><\/p>\n<div  class='av-social-sharing-box  avia-builder-el-7  el_after_av_hr  el_before_av_hr  '><div class='av-share-box'><h5 class='av-share-link-description av-no-toc '>Compartir esta noticia<\/h5><ul class='av-share-box-list noLightbox'><li class='av-share-link av-social-link-facebook' ><a target=\"_blank\" aria-label=\"Compartir en Facebook\" href='https:\/\/www.facebook.com\/sharer.php?u=https:\/\/radiorevelacionfm.cl\/?p=6806&#038;t=Dan%20a%20conocer%20campa%C3%B1a%20que%20difunde%20derechos%20de%20las%20mujeres%20embarazadas%20privadas%20de%20libertad' aria-hidden='false' data-av_icon='\ue8f3' data-av_iconfont='entypo-fontello' title='' data-avia-related-tooltip='Compartir en Facebook' rel=\"noopener\"><span class='avia_hidden_link_text'>Compartir en Facebook<\/span><\/a><\/li><li class='av-share-link av-social-link-twitter' ><a target=\"_blank\" aria-label=\"Compartir en Twitter\" href='https:\/\/twitter.com\/share?text=Dan%20a%20conocer%20campa%C3%B1a%20que%20difunde%20derechos%20de%20las%20mujeres%20embarazadas%20privadas%20de%20libertad&#038;url=https:\/\/radiorevelacionfm.cl\/?p=6806' aria-hidden='false' data-av_icon='\ue8f1' data-av_iconfont='entypo-fontello' title='' data-avia-related-tooltip='Compartir en Twitter' rel=\"noopener\"><span class='avia_hidden_link_text'>Compartir en Twitter<\/span><\/a><\/li><li class='av-share-link av-social-link-whatsapp' ><a target=\"_blank\" aria-label=\"Compartir en Whatsapp\" href='https:\/\/api.whatsapp.com\/send?text=https:\/\/radiorevelacionfm.cl\/?p=6806' aria-hidden='false' data-av_icon='\uf232' data-av_iconfont='entypo-fontello' title='' data-avia-related-tooltip='Compartir en Whatsapp' rel=\"noopener\"><span class='avia_hidden_link_text'>Compartir en Whatsapp<\/span><\/a><\/li><li class='av-share-link av-social-link-linkedin' ><a target=\"_blank\" aria-label=\"Compartir en LinkedIn\" href='https:\/\/linkedin.com\/shareArticle?mini=true&#038;title=Dan%20a%20conocer%20campa%C3%B1a%20que%20difunde%20derechos%20de%20las%20mujeres%20embarazadas%20privadas%20de%20libertad&#038;url=https:\/\/radiorevelacionfm.cl\/?p=6806' aria-hidden='false' data-av_icon='\ue8fc' data-av_iconfont='entypo-fontello' title='' data-avia-related-tooltip='Compartir en LinkedIn' rel=\"noopener\"><span class='avia_hidden_link_text'>Compartir en LinkedIn<\/span><\/a><\/li><li class='av-share-link av-social-link-mail' ><a  aria-label=\"Compartir por correo\" href='mailto:?subject=Dan%20a%20conocer%20campa%C3%B1a%20que%20difunde%20derechos%20de%20las%20mujeres%20embarazadas%20privadas%20de%20libertad&#038;body=https:\/\/radiorevelacionfm.cl\/?p=6806' aria-hidden='false' data-av_icon='\ue805' data-av_iconfont='entypo-fontello' title='' data-avia-related-tooltip='Compartir por correo'><span class='avia_hidden_link_text'>Compartir por correo<\/span><\/a><\/li><\/ul><\/div><\/div>\n<div  style='height:50px' class='hr hr-invisible   avia-builder-el-8  el_after_av_social_share  el_before_av_comments_list '><span class='hr-inner ' ><span class='hr-inner-style'><\/span><\/span><\/div>\n<div  class='av-buildercomment  av-blog-meta-html-info-disabled av-blog-meta-tag-disabled  '><\/div>\n","protected":false},"excerpt":{"rendered":"","protected":false},"author":1,"featured_media":0,"comment_status":"open","ping_status":"open","sticky":false,"template":"","format":"standard","meta":{"footnotes":""},"categories":[38],"tags":[],"class_list":["post-6806","post","type-post","status-publish","format-standard","hentry","category-regional"],"jetpack_featured_media_url":"","_links":{"self":[{"href":"https:\/\/radiorevelacionfm.cl\/index.php?rest_route=\/wp\/v2\/posts\/6806","targetHints":{"allow":["GET"]}}],"collection":[{"href":"https:\/\/radiorevelacionfm.cl\/index.php?rest_route=\/wp\/v2\/posts"}],"about":[{"href":"https:\/\/radiorevelacionfm.cl\/index.php?rest_route=\/wp\/v2\/types\/post"}],"author":[{"embeddable":true,"href":"https:\/\/radiorevelacionfm.cl\/index.php?rest_route=\/wp\/v2\/users\/1"}],"replies":[{"embeddable":true,"href":"https:\/\/radiorevelacionfm.cl\/index.php?rest_route=%2Fwp%2Fv2%2Fcomments&post=6806"}],"version-history":[{"count":1,"href":"https:\/\/radiorevelacionfm.cl\/index.php?rest_route=\/wp\/v2\/posts\/6806\/revisions"}],"predecessor-version":[{"id":6808,"href":"https:\/\/radiorevelacionfm.cl\/index.php?rest_route=\/wp\/v2\/posts\/6806\/revisions\/6808"}],"wp:attachment":[{"href":"https:\/\/radiorevelacionfm.cl\/index.php?rest_route=%2Fwp%2Fv2%2Fmedia&parent=6806"}],"wp:term":[{"taxonomy":"category","embeddable":true,"href":"https:\/\/radiorevelacionfm.cl\/index.php?rest_route=%2Fwp%2Fv2%2Fcategories&post=6806"},{"taxonomy":"post_tag","embeddable":true,"href":"https:\/\/radiorevelacionfm.cl\/index.php?rest_route=%2Fwp%2Fv2%2Ftags&post=6806"}],"curies":[{"name":"wp","href":"https:\/\/api.w.org\/{rel}","templated":true}]}}