{"id":6802,"date":"2021-07-29T16:30:10","date_gmt":"2021-07-29T19:30:10","guid":{"rendered":"https:\/\/radiorevelacionfm.cl\/?p=6802"},"modified":"2021-07-29T17:47:07","modified_gmt":"2021-07-29T20:47:07","slug":"ministro-de-educacion-destaca-trabajo-de-autoridades-y-comunidades-educativas-de-la-region-de-aysen-para-retorno-presencial-a-clases","status":"publish","type":"post","link":"https:\/\/radiorevelacionfm.cl\/?p=6802","title":{"rendered":"Ministro de Educaci\u00f3n destaca trabajo de autoridades y comunidades educativas de la regi\u00f3n de Ays\u00e9n para retorno presencial a clases"},"content":{"rendered":"<div class=\"flex_column av_one_full  flex_column_div av-zero-column-padding first  avia-builder-el-0  el_before_av_one_full  avia-builder-el-first  \" style='border-radius:0px; '><div  class='avia-image-container  av-styling-    avia-builder-el-1  avia-builder-el-no-sibling  avia-align-center '  itemprop=\"image\" itemscope=\"itemscope\" itemtype=\"https:\/\/schema.org\/ImageObject\"  ><div class='avia-image-container-inner'><div class='avia-image-overlay-wrap'><img decoding=\"async\" class='wp-image-6799 avia-img-lazy-loading-not-6799 avia_image' src=\"https:\/\/radiorevelacionfm.cl\/wp-content\/uploads\/2021\/07\/REUNION-CON-MINISTRO-RAUL-FIGUEROA1-1-1.jpg\" alt='' title='REUNI\u00d3N CON MINISTRO RA\u00daL FIGUEROA1 (1) (1)' height=\"600\" width=\"1147\"  itemprop=\"thumbnailUrl\" srcset=\"https:\/\/radiorevelacionfm.cl\/wp-content\/uploads\/2021\/07\/REUNION-CON-MINISTRO-RAUL-FIGUEROA1-1-1.jpg 1147w, https:\/\/radiorevelacionfm.cl\/wp-content\/uploads\/2021\/07\/REUNION-CON-MINISTRO-RAUL-FIGUEROA1-1-1-300x157.jpg 300w, https:\/\/radiorevelacionfm.cl\/wp-content\/uploads\/2021\/07\/REUNION-CON-MINISTRO-RAUL-FIGUEROA1-1-1-1030x539.jpg 1030w, https:\/\/radiorevelacionfm.cl\/wp-content\/uploads\/2021\/07\/REUNION-CON-MINISTRO-RAUL-FIGUEROA1-1-1-768x402.jpg 768w, https:\/\/radiorevelacionfm.cl\/wp-content\/uploads\/2021\/07\/REUNION-CON-MINISTRO-RAUL-FIGUEROA1-1-1-705x369.jpg 705w, https:\/\/radiorevelacionfm.cl\/wp-content\/uploads\/2021\/07\/REUNION-CON-MINISTRO-RAUL-FIGUEROA1-1-1-600x314.jpg 600w\" sizes=\"(max-width: 1147px) 100vw, 1147px\" \/><\/div><\/div><\/div><\/div><div class=\"flex_column av_one_full  flex_column_div av-zero-column-padding first  avia-builder-el-2  el_after_av_one_full  el_before_av_one_full  column-top-margin\" style='border-radius:0px; '><section class=\"av_textblock_section \"  itemscope=\"itemscope\" itemtype=\"https:\/\/schema.org\/BlogPosting\" itemprop=\"blogPost\" ><div class='avia_textblock  '   itemprop=\"text\" ><p style=\"text-align: center;\"><strong><span style=\"font-size: 18pt;\">Ministro de Educaci\u00f3n destaca trabajo de autoridades y comunidades educativas de la regi\u00f3n de Ays\u00e9n para retorno presencial a clases <\/span><\/strong><\/p>\n<div id=\"gtx-trans\" style=\"position: absolute; left: -50px; top: 4.31534px;\">\n<div class=\"gtx-trans-icon\"><\/div>\n<\/div>\n<\/div><\/section><\/div><div class=\"flex_column av_one_full  flex_column_div av-zero-column-padding first  avia-builder-el-4  el_after_av_one_full  el_before_av_hr  column-top-margin\" style='border-radius:0px; '><section class=\"av_textblock_section \"  itemscope=\"itemscope\" itemtype=\"https:\/\/schema.org\/BlogPosting\" itemprop=\"blogPost\" ><div class='avia_textblock  '   itemprop=\"text\" ><p style=\"text-align: justify;\">Secretario de Estado resalt\u00f3 lo realizado por el Seremi Sergio Becerra, alcaldes, profesores, auxiliares, estudiantes, padres y apoderados, se\u00f1alando que lo hecho en Ays\u00e9n ha servido de ejemplo para otras zonas del pa\u00eds.<\/p>\n<p style=\"text-align: justify;\">El ministro de Educaci\u00f3n, Ra\u00fal Figueroa, destac\u00f3 el trabajo que se ha desarrollado en la regi\u00f3n de Ays\u00e9n por parte de autoridades y comunidades educativas, para el retorno presencial a clases, m\u00e1s a\u00fan considerando que este lunes 2 de agosto los estudiantes vuelven de su periodo de vacaciones de invierno.<\/p>\n<p style=\"text-align: justify;\">Lo anterior, en el marco de una reuni\u00f3n sostenida en los \u00faltimos d\u00edas con el senador David Sandoval, donde precisamente analizaron el impacto que tiene la presencialidad para los estudiantes. \u201cVolver a abrir las escuelas, los jardines infantiles, es fundamental, porque lo que han perdido nuestros ni\u00f1os y ni\u00f1as durante la pandemia ha sido much\u00edsimo, y recuperar la presencialidad es lo que todos los organismos internacionales se\u00f1alan (como) lo m\u00e1s importante\u201d, indic\u00f3 el Secretario de Estado.<\/p>\n<p style=\"text-align: justify;\">En ese sentido, la autoridades sectorial dijo que la regi\u00f3n de Ays\u00e9n ha sido un ejemplo para todo el pa\u00eds. \u201cDurante el primer semestre de este a\u00f1o, fue de las regiones que tuvieron\u00a0un mayor porcentaje de apertura de establecimientos en todo Chile, cumpliendo rigurosamente con todos los protocolos sanitarios, con un muy buen comportamiento de las comunidades y un enorme compromiso de los profesores, asistentes de la educaci\u00f3n, de los apoderados y por supuesto de los alumnos\u201d, puntualiz\u00f3.<\/p>\n<p style=\"text-align: justify;\">Por ello es que destac\u00f3 especialmente el trabajo que ha realizado el seremi Sergio Becerra con todas las comunidades educativas a nivel regional, insistiendo que esa labor ha servido de ejemplo. \u201cFelicitar a todas las comunidades educativas de la regi\u00f3n de Ays\u00e9n, porque lo que ellos han hecho ha permitido que en el resto del pa\u00eds puedan observar y seguir ese ejemplo, para lograr ese prop\u00f3sito tan noble, que es que nuestros ni\u00f1os y ni\u00f1as tengan la mejor educaci\u00f3n\u201d, subray\u00f3.<\/p>\n<p style=\"text-align: justify;\">Adem\u00e1s, Figueroa recalc\u00f3 que todas las medidas sanitarias se cumplen y han demostrado ser efectivas. \u201cPor lo tanto, si somos rigurosos en el cumplimiento de las medidas sanitarias, pueden estar tranquilos (los padres y apoderados) que los contagios se reducen al m\u00e1ximo y los ni\u00f1os se favorecen much\u00edsimo con la recuperaci\u00f3n de la presencialidad\u201d.<\/p>\n<p style=\"text-align: justify;\">Por su parte, el senador David Sandoval, valor\u00f3 el mensaje entregado por el jefe del Mineduc, destacando tambi\u00e9n el enorme trabajo que han realizado los alcaldes en todos los rincones de la regi\u00f3n de Ays\u00e9n. \u201cEs muy oportuno el mensaje del ministro (Figueroa), porque el lunes vuelven (los estudiantes) de su periodo de vacaciones de invierno. Destacar el trabajo de toda la comunidad escolar, de nuestros alcaldes que han tenido un compromiso s\u00faper fuerte\u201d, se\u00f1al\u00f3 Sandoval, destacando el manejo sanitario que ha habido en la zona.<\/p>\n<p style=\"text-align: justify;\">\u201cFeliz retorno a clases, a esa actividad de socializar con los dem\u00e1s\u201d, dijo finalmente el parlamentario.<\/p>\n<\/div><\/section><\/div><div  style='height:50px' class='hr hr-invisible   avia-builder-el-6  el_after_av_one_full  el_before_av_social_share '><span class='hr-inner ' ><span class='hr-inner-style'><\/span><\/span><\/div><\/p>\n<div  class='av-social-sharing-box  avia-builder-el-7  el_after_av_hr  el_before_av_hr  '><div class='av-share-box'><h5 class='av-share-link-description av-no-toc '>Compartir esta noticia<\/h5><ul class='av-share-box-list noLightbox'><li class='av-share-link av-social-link-facebook' ><a target=\"_blank\" aria-label=\"Compartir en Facebook\" href='https:\/\/www.facebook.com\/sharer.php?u=https:\/\/radiorevelacionfm.cl\/?p=6802&#038;t=Ministro%20de%20Educaci%C3%B3n%20destaca%20trabajo%20de%20autoridades%20y%20comunidades%20educativas%20de%20la%20regi%C3%B3n%20de%20Ays%C3%A9n%20para%20retorno%20presencial%20a%20clases' aria-hidden='false' data-av_icon='\ue8f3' data-av_iconfont='entypo-fontello' title='' data-avia-related-tooltip='Compartir en Facebook' rel=\"noopener\"><span class='avia_hidden_link_text'>Compartir en Facebook<\/span><\/a><\/li><li class='av-share-link av-social-link-twitter' ><a target=\"_blank\" aria-label=\"Compartir en Twitter\" href='https:\/\/twitter.com\/share?text=Ministro%20de%20Educaci%C3%B3n%20destaca%20trabajo%20de%20autoridades%20y%20comunidades%20educativas%20de%20la%20regi%C3%B3n%20de%20Ays%C3%A9n%20para%20retorno%20presencial%20a%20clases&#038;url=https:\/\/radiorevelacionfm.cl\/?p=6802' aria-hidden='false' data-av_icon='\ue8f1' data-av_iconfont='entypo-fontello' title='' data-avia-related-tooltip='Compartir en Twitter' rel=\"noopener\"><span class='avia_hidden_link_text'>Compartir en Twitter<\/span><\/a><\/li><li class='av-share-link av-social-link-whatsapp' ><a target=\"_blank\" aria-label=\"Compartir en Whatsapp\" href='https:\/\/api.whatsapp.com\/send?text=https:\/\/radiorevelacionfm.cl\/?p=6802' aria-hidden='false' data-av_icon='\uf232' data-av_iconfont='entypo-fontello' title='' data-avia-related-tooltip='Compartir en Whatsapp' rel=\"noopener\"><span class='avia_hidden_link_text'>Compartir en Whatsapp<\/span><\/a><\/li><li class='av-share-link av-social-link-linkedin' ><a target=\"_blank\" aria-label=\"Compartir en LinkedIn\" href='https:\/\/linkedin.com\/shareArticle?mini=true&#038;title=Ministro%20de%20Educaci%C3%B3n%20destaca%20trabajo%20de%20autoridades%20y%20comunidades%20educativas%20de%20la%20regi%C3%B3n%20de%20Ays%C3%A9n%20para%20retorno%20presencial%20a%20clases&#038;url=https:\/\/radiorevelacionfm.cl\/?p=6802' aria-hidden='false' data-av_icon='\ue8fc' data-av_iconfont='entypo-fontello' title='' data-avia-related-tooltip='Compartir en LinkedIn' rel=\"noopener\"><span class='avia_hidden_link_text'>Compartir en LinkedIn<\/span><\/a><\/li><li class='av-share-link av-social-link-mail' ><a  aria-label=\"Compartir por correo\" href='mailto:?subject=Ministro%20de%20Educaci%C3%B3n%20destaca%20trabajo%20de%20autoridades%20y%20comunidades%20educativas%20de%20la%20regi%C3%B3n%20de%20Ays%C3%A9n%20para%20retorno%20presencial%20a%20clases&#038;body=https:\/\/radiorevelacionfm.cl\/?p=6802' aria-hidden='false' data-av_icon='\ue805' data-av_iconfont='entypo-fontello' title='' data-avia-related-tooltip='Compartir por correo'><span class='avia_hidden_link_text'>Compartir por correo<\/span><\/a><\/li><\/ul><\/div><\/div>\n<div  style='height:50px' class='hr hr-invisible   avia-builder-el-8  el_after_av_social_share  el_before_av_comments_list '><span class='hr-inner ' ><span class='hr-inner-style'><\/span><\/span><\/div>\n<div  class='av-buildercomment  av-blog-meta-html-info-disabled av-blog-meta-tag-disabled  '><\/div>\n","protected":false},"excerpt":{"rendered":"","protected":false},"author":1,"featured_media":6799,"comment_status":"open","ping_status":"open","sticky":false,"template":"","format":"standard","meta":{"footnotes":""},"categories":[49],"tags":[],"class_list":["post-6802","post","type-post","status-publish","format-standard","has-post-thumbnail","hentry","category-educacion"],"jetpack_featured_media_url":"https:\/\/radiorevelacionfm.cl\/wp-content\/uploads\/2021\/07\/REUNION-CON-MINISTRO-RAUL-FIGUEROA1-1-1.jpg","_links":{"self":[{"href":"https:\/\/radiorevelacionfm.cl\/index.php?rest_route=\/wp\/v2\/posts\/6802","targetHints":{"allow":["GET"]}}],"collection":[{"href":"https:\/\/radiorevelacionfm.cl\/index.php?rest_route=\/wp\/v2\/posts"}],"about":[{"href":"https:\/\/radiorevelacionfm.cl\/index.php?rest_route=\/wp\/v2\/types\/post"}],"author":[{"embeddable":true,"href":"https:\/\/radiorevelacionfm.cl\/index.php?rest_route=\/wp\/v2\/users\/1"}],"replies":[{"embeddable":true,"href":"https:\/\/radiorevelacionfm.cl\/index.php?rest_route=%2Fwp%2Fv2%2Fcomments&post=6802"}],"version-history":[{"count":1,"href":"https:\/\/radiorevelacionfm.cl\/index.php?rest_route=\/wp\/v2\/posts\/6802\/revisions"}],"predecessor-version":[{"id":6803,"href":"https:\/\/radiorevelacionfm.cl\/index.php?rest_route=\/wp\/v2\/posts\/6802\/revisions\/6803"}],"wp:featuredmedia":[{"embeddable":true,"href":"https:\/\/radiorevelacionfm.cl\/index.php?rest_route=\/wp\/v2\/media\/6799"}],"wp:attachment":[{"href":"https:\/\/radiorevelacionfm.cl\/index.php?rest_route=%2Fwp%2Fv2%2Fmedia&parent=6802"}],"wp:term":[{"taxonomy":"category","embeddable":true,"href":"https:\/\/radiorevelacionfm.cl\/index.php?rest_route=%2Fwp%2Fv2%2Fcategories&post=6802"},{"taxonomy":"post_tag","embeddable":true,"href":"https:\/\/radiorevelacionfm.cl\/index.php?rest_route=%2Fwp%2Fv2%2Ftags&post=6802"}],"curies":[{"name":"wp","href":"https:\/\/api.w.org\/{rel}","templated":true}]}}