{"id":6795,"date":"2021-07-29T16:08:02","date_gmt":"2021-07-29T19:08:02","guid":{"rendered":"https:\/\/radiorevelacionfm.cl\/?p=6795"},"modified":"2021-07-29T16:08:02","modified_gmt":"2021-07-29T19:08:02","slug":"gobierno-promulga-ley-que-establece-el-nuevo-sistema-nacional-de-prevencion-y-respuesta-ante-desastres","status":"publish","type":"post","link":"https:\/\/radiorevelacionfm.cl\/?p=6795","title":{"rendered":"Gobierno promulga ley que establece el nuevo Sistema Nacional de Prevenci\u00f3n y Respuesta ante Desastres"},"content":{"rendered":"<div class=\"flex_column av_one_full  flex_column_div av-zero-column-padding first  avia-builder-el-0  el_before_av_one_full  avia-builder-el-first  \" style='border-radius:0px; '><div  class='avia-image-container  av-styling-    avia-builder-el-1  avia-builder-el-no-sibling  avia-align-center '  itemprop=\"image\" itemscope=\"itemscope\" itemtype=\"https:\/\/schema.org\/ImageObject\"  ><div class='avia-image-container-inner'><div class='avia-image-overlay-wrap'><img decoding=\"async\" class='wp-image-6796 avia-img-lazy-loading-not-6796 avia_image' src=\"https:\/\/radiorevelacionfm.cl\/wp-content\/uploads\/2021\/07\/foto-promulgacion-ley-sinapred-1_optimized.jpg\" alt='' title='foto-promulgaci\u00f3n-ley-sinapred-(1)_optimized' height=\"600\" width=\"900\"  itemprop=\"thumbnailUrl\" srcset=\"https:\/\/radiorevelacionfm.cl\/wp-content\/uploads\/2021\/07\/foto-promulgacion-ley-sinapred-1_optimized.jpg 900w, https:\/\/radiorevelacionfm.cl\/wp-content\/uploads\/2021\/07\/foto-promulgacion-ley-sinapred-1_optimized-300x200.jpg 300w, https:\/\/radiorevelacionfm.cl\/wp-content\/uploads\/2021\/07\/foto-promulgacion-ley-sinapred-1_optimized-768x512.jpg 768w, https:\/\/radiorevelacionfm.cl\/wp-content\/uploads\/2021\/07\/foto-promulgacion-ley-sinapred-1_optimized-705x470.jpg 705w, https:\/\/radiorevelacionfm.cl\/wp-content\/uploads\/2021\/07\/foto-promulgacion-ley-sinapred-1_optimized-600x400.jpg 600w\" sizes=\"(max-width: 900px) 100vw, 900px\" \/><\/div><\/div><\/div><\/div><div class=\"flex_column av_one_full  flex_column_div av-zero-column-padding first  avia-builder-el-2  el_after_av_one_full  el_before_av_one_full  column-top-margin\" style='border-radius:0px; '><section class=\"av_textblock_section \"  itemscope=\"itemscope\" itemtype=\"https:\/\/schema.org\/BlogPosting\" itemprop=\"blogPost\" ><div class='avia_textblock  '   itemprop=\"text\" ><p style=\"text-align: center;\"><span style=\"font-size: 18pt;\"><b><span lang=\"ES-CL\">Gobierno promulga ley que establece el nuevo Sistema Nacional de Prevenci\u00f3n y Respuesta ante Desastres<\/span><\/b><\/span><\/p>\n<div id=\"gtx-trans\" style=\"position: absolute; left: -50px; top: 4.31534px;\">\n<div class=\"gtx-trans-icon\"><\/div>\n<\/div>\n<\/div><\/section><\/div><div class=\"flex_column av_one_full  flex_column_div av-zero-column-padding first  avia-builder-el-4  el_after_av_one_full  el_before_av_hr  column-top-margin\" style='border-radius:0px; '><section class=\"av_textblock_section \"  itemscope=\"itemscope\" itemtype=\"https:\/\/schema.org\/BlogPosting\" itemprop=\"blogPost\" ><div class='avia_textblock  '   itemprop=\"text\" ><p style=\"text-align: justify;\">El Presidente de la Rep\u00fablica, Sebasti\u00e1n Pi\u00f1era, promulg\u00f3 el pasado martes la ley que establece el Sistema Nacional de Prevenci\u00f3n y Respuesta ante Desastres. La ley sustituye a la Oficina Nacional de Emergencia (ONEMI) por el Servicio Nacional de Prevenci\u00f3n y Respuesta ante Desastres (SENAPRED), el cual reconoce e incorpora todos los avances y desarrollos que se han logrado en funci\u00f3n de las buenas pr\u00e1cticas y lecciones aprendidas en esta \u00faltima d\u00e9cada por el actual sistema nacional de protecci\u00f3n civil y por la ONEMI.<\/p>\n<p style=\"text-align: justify;\"><span lang=\"ES-CL\">El\u00a0Delegado Presidencial (S), Juan Luis Amen\u00e1bar,\u00a0destac\u00f3 la promulgaci\u00f3n de esta nueva ley, que permitir\u00e1 ser mucho m\u00e1s preventivos frente a las contingencias naturales.\u00a0\u201cEl Gobierno del Presidente Sebasti\u00e1n Pi\u00f1era propuso cambiar la institucionalidad, crear una nueva instituci\u00f3n que tuviera m\u00e1s atribuciones, m\u00e1s facultades, m\u00e1s poderes y m\u00e1s potencia para prevenir, enfrentar y recuperarnos cuando la adversidad quisiera nuevamente mostrarnos su rostro, y hoy se da vida a esta ley muy necesaria para nuestro pa\u00eds, y en especial en nuestra Regi\u00f3n de Ays\u00e9n que, debido a\u00a0la diversidad y extensi\u00f3n de nuestro territorio, presentan variadas amenazas\u201d, expres\u00f3 la autoridad.<\/span><\/p>\n<p style=\"text-align: justify;\"><span lang=\"ES-CL\">El nuevo servicio, que asumir\u00e1 las obligaciones y derechos de la ONEMI, adem\u00e1s de nuevas funciones, ser\u00e1 una entidad descentralizada y desconcentrada territorialmente, a cargo de asesorar, coordinar, organizar, planificar y supervisar las actividades relacionadas a la Gesti\u00f3n del Riesgo de Desastres del pa\u00eds. El servicio estar\u00e1 a cargo de un Director Nacional, quien ser\u00e1 el jefe superior del Servicio, mientras que en cada regi\u00f3n habr\u00e1 una Direcci\u00f3n Regional del Servicio, a cargo de un Director Regional.<\/span><\/p>\n<p style=\"text-align: justify;\"><strong><span lang=\"ES-CL\">Marco normativo<\/span><\/strong><\/p>\n<p style=\"text-align: justify;\"><span lang=\"ES-CL\">La nueva ley introduce diferentes definiciones y disposiciones, creando un marco normativo mucho m\u00e1s s\u00f3lido para la gesti\u00f3n del riesgo de desastre en nuestro pa\u00eds, cuyas principales funciones son: asesorar al Comit\u00e9 Nacional, coordinar y supervisar la ejecuci\u00f3n de los Instrumentos de Gesti\u00f3n del Riesgo de Desastres (GRD) y, finalmente, asesorar y apoyar a los integrantes del Sistema en el desarrollo de capacidad para la GRD.<\/span><\/p>\n<\/div><\/section><\/div><div  style='height:50px' class='hr hr-invisible   avia-builder-el-6  el_after_av_one_full  el_before_av_social_share '><span class='hr-inner ' ><span class='hr-inner-style'><\/span><\/span><\/div><\/p>\n<div  class='av-social-sharing-box  avia-builder-el-7  el_after_av_hr  el_before_av_hr  '><div class='av-share-box'><h5 class='av-share-link-description av-no-toc '>Compartir esta noticia<\/h5><ul class='av-share-box-list noLightbox'><li class='av-share-link av-social-link-facebook' ><a target=\"_blank\" aria-label=\"Compartir en Facebook\" href='https:\/\/www.facebook.com\/sharer.php?u=https:\/\/radiorevelacionfm.cl\/?p=6795&#038;t=Gobierno%20promulga%20ley%20que%20establece%20el%20nuevo%20Sistema%20Nacional%20de%20Prevenci%C3%B3n%20y%20Respuesta%20ante%20Desastres' aria-hidden='false' data-av_icon='\ue8f3' data-av_iconfont='entypo-fontello' title='' data-avia-related-tooltip='Compartir en Facebook' rel=\"noopener\"><span class='avia_hidden_link_text'>Compartir en Facebook<\/span><\/a><\/li><li class='av-share-link av-social-link-twitter' ><a target=\"_blank\" aria-label=\"Compartir en Twitter\" href='https:\/\/twitter.com\/share?text=Gobierno%20promulga%20ley%20que%20establece%20el%20nuevo%20Sistema%20Nacional%20de%20Prevenci%C3%B3n%20y%20Respuesta%20ante%20Desastres&#038;url=https:\/\/radiorevelacionfm.cl\/?p=6795' aria-hidden='false' data-av_icon='\ue8f1' data-av_iconfont='entypo-fontello' title='' data-avia-related-tooltip='Compartir en Twitter' rel=\"noopener\"><span class='avia_hidden_link_text'>Compartir en Twitter<\/span><\/a><\/li><li class='av-share-link av-social-link-whatsapp' ><a target=\"_blank\" aria-label=\"Compartir en Whatsapp\" href='https:\/\/api.whatsapp.com\/send?text=https:\/\/radiorevelacionfm.cl\/?p=6795' aria-hidden='false' data-av_icon='\uf232' data-av_iconfont='entypo-fontello' title='' data-avia-related-tooltip='Compartir en Whatsapp' rel=\"noopener\"><span class='avia_hidden_link_text'>Compartir en Whatsapp<\/span><\/a><\/li><li class='av-share-link av-social-link-linkedin' ><a target=\"_blank\" aria-label=\"Compartir en LinkedIn\" href='https:\/\/linkedin.com\/shareArticle?mini=true&#038;title=Gobierno%20promulga%20ley%20que%20establece%20el%20nuevo%20Sistema%20Nacional%20de%20Prevenci%C3%B3n%20y%20Respuesta%20ante%20Desastres&#038;url=https:\/\/radiorevelacionfm.cl\/?p=6795' aria-hidden='false' data-av_icon='\ue8fc' data-av_iconfont='entypo-fontello' title='' data-avia-related-tooltip='Compartir en LinkedIn' rel=\"noopener\"><span class='avia_hidden_link_text'>Compartir en LinkedIn<\/span><\/a><\/li><li class='av-share-link av-social-link-mail' ><a  aria-label=\"Compartir por correo\" href='mailto:?subject=Gobierno%20promulga%20ley%20que%20establece%20el%20nuevo%20Sistema%20Nacional%20de%20Prevenci%C3%B3n%20y%20Respuesta%20ante%20Desastres&#038;body=https:\/\/radiorevelacionfm.cl\/?p=6795' aria-hidden='false' data-av_icon='\ue805' data-av_iconfont='entypo-fontello' title='' data-avia-related-tooltip='Compartir por correo'><span class='avia_hidden_link_text'>Compartir por correo<\/span><\/a><\/li><\/ul><\/div><\/div>\n<div  style='height:50px' class='hr hr-invisible   avia-builder-el-8  el_after_av_social_share  el_before_av_comments_list '><span class='hr-inner ' ><span class='hr-inner-style'><\/span><\/span><\/div>\n<div  class='av-buildercomment  av-blog-meta-html-info-disabled av-blog-meta-tag-disabled  '><\/div>\n","protected":false},"excerpt":{"rendered":"","protected":false},"author":1,"featured_media":6796,"comment_status":"open","ping_status":"open","sticky":false,"template":"","format":"standard","meta":{"footnotes":""},"categories":[38],"tags":[],"class_list":["post-6795","post","type-post","status-publish","format-standard","has-post-thumbnail","hentry","category-regional"],"jetpack_featured_media_url":"https:\/\/radiorevelacionfm.cl\/wp-content\/uploads\/2021\/07\/foto-promulgacion-ley-sinapred-1_optimized.jpg","_links":{"self":[{"href":"https:\/\/radiorevelacionfm.cl\/index.php?rest_route=\/wp\/v2\/posts\/6795","targetHints":{"allow":["GET"]}}],"collection":[{"href":"https:\/\/radiorevelacionfm.cl\/index.php?rest_route=\/wp\/v2\/posts"}],"about":[{"href":"https:\/\/radiorevelacionfm.cl\/index.php?rest_route=\/wp\/v2\/types\/post"}],"author":[{"embeddable":true,"href":"https:\/\/radiorevelacionfm.cl\/index.php?rest_route=\/wp\/v2\/users\/1"}],"replies":[{"embeddable":true,"href":"https:\/\/radiorevelacionfm.cl\/index.php?rest_route=%2Fwp%2Fv2%2Fcomments&post=6795"}],"version-history":[{"count":1,"href":"https:\/\/radiorevelacionfm.cl\/index.php?rest_route=\/wp\/v2\/posts\/6795\/revisions"}],"predecessor-version":[{"id":6797,"href":"https:\/\/radiorevelacionfm.cl\/index.php?rest_route=\/wp\/v2\/posts\/6795\/revisions\/6797"}],"wp:featuredmedia":[{"embeddable":true,"href":"https:\/\/radiorevelacionfm.cl\/index.php?rest_route=\/wp\/v2\/media\/6796"}],"wp:attachment":[{"href":"https:\/\/radiorevelacionfm.cl\/index.php?rest_route=%2Fwp%2Fv2%2Fmedia&parent=6795"}],"wp:term":[{"taxonomy":"category","embeddable":true,"href":"https:\/\/radiorevelacionfm.cl\/index.php?rest_route=%2Fwp%2Fv2%2Fcategories&post=6795"},{"taxonomy":"post_tag","embeddable":true,"href":"https:\/\/radiorevelacionfm.cl\/index.php?rest_route=%2Fwp%2Fv2%2Ftags&post=6795"}],"curies":[{"name":"wp","href":"https:\/\/api.w.org\/{rel}","templated":true}]}}