{"id":6789,"date":"2021-07-29T14:00:26","date_gmt":"2021-07-29T17:00:26","guid":{"rendered":"https:\/\/radiorevelacionfm.cl\/?p=6789"},"modified":"2021-07-29T16:09:37","modified_gmt":"2021-07-29T19:09:37","slug":"presidenta-de-la-corte-de-apelaciones-visito-a-ninos-y-ninas-del-centro-renuevito-de-coyhaique","status":"publish","type":"post","link":"https:\/\/radiorevelacionfm.cl\/?p=6789","title":{"rendered":"Presidenta de la Corte de Apelaciones visit\u00f3 a ni\u00f1os y ni\u00f1as del Centro Renuevito de Coyhaique"},"content":{"rendered":"<div class=\"flex_column av_one_full  flex_column_div av-zero-column-padding first  avia-builder-el-0  el_before_av_one_full  avia-builder-el-first  \" style='border-radius:0px; '><div  class='avia-image-container  av-styling-    avia-builder-el-1  avia-builder-el-no-sibling  avia-align-center '  itemprop=\"image\" itemscope=\"itemscope\" itemtype=\"https:\/\/schema.org\/ImageObject\"  ><div class='avia-image-container-inner'><div class='avia-image-overlay-wrap'><img decoding=\"async\" class='wp-image-6790 avia-img-lazy-loading-not-6790 avia_image' src=\"https:\/\/radiorevelacionfm.cl\/wp-content\/uploads\/2021\/07\/foto-residencia-1_optimized.jpg\" alt='' title='foto-residencia-(1)_optimized' height=\"600\" width=\"802\"  itemprop=\"thumbnailUrl\" srcset=\"https:\/\/radiorevelacionfm.cl\/wp-content\/uploads\/2021\/07\/foto-residencia-1_optimized.jpg 802w, https:\/\/radiorevelacionfm.cl\/wp-content\/uploads\/2021\/07\/foto-residencia-1_optimized-300x224.jpg 300w, https:\/\/radiorevelacionfm.cl\/wp-content\/uploads\/2021\/07\/foto-residencia-1_optimized-768x575.jpg 768w, https:\/\/radiorevelacionfm.cl\/wp-content\/uploads\/2021\/07\/foto-residencia-1_optimized-705x527.jpg 705w, https:\/\/radiorevelacionfm.cl\/wp-content\/uploads\/2021\/07\/foto-residencia-1_optimized-600x449.jpg 600w\" sizes=\"(max-width: 802px) 100vw, 802px\" \/><\/div><\/div><\/div><\/div><div class=\"flex_column av_one_full  flex_column_div av-zero-column-padding first  avia-builder-el-2  el_after_av_one_full  el_before_av_one_full  column-top-margin\" style='border-radius:0px; '><section class=\"av_textblock_section \"  itemscope=\"itemscope\" itemtype=\"https:\/\/schema.org\/BlogPosting\" itemprop=\"blogPost\" ><div class='avia_textblock  '   itemprop=\"text\" ><p style=\"text-align: center;\"><strong><span style=\"font-size: 18pt;\">Presidenta de la Corte de Apelaciones visit\u00f3 a ni\u00f1os y ni\u00f1as del Centro Renuevito de Coyhaique<\/span><\/strong><\/p>\n<div id=\"gtx-trans\" style=\"position: absolute; left: -50px; top: 4.31534px;\">\n<div class=\"gtx-trans-icon\"><\/div>\n<\/div>\n<\/div><\/section><\/div><div class=\"flex_column av_one_full  flex_column_div av-zero-column-padding first  avia-builder-el-4  el_after_av_one_full  el_before_av_hr  column-top-margin\" style='border-radius:0px; '><section class=\"av_textblock_section \"  itemscope=\"itemscope\" itemtype=\"https:\/\/schema.org\/BlogPosting\" itemprop=\"blogPost\" ><div class='avia_textblock  '   itemprop=\"text\" ><p style=\"font-weight: 400; text-align: justify;\">La presidenta de la Corte de Apelaciones de Coyhaique, Natalia Rencoret Oliva, visit\u00f3 a ni\u00f1os y ni\u00f1as que actualmente est\u00e1n bajo medidas proteccionales y de cuidados alternativos en el Centro Renuevito, en la ciudad.<\/p>\n<p style=\"font-weight: 400; text-align: justify;\">La instancia permiti\u00f3 -con los protocolos sanitarios- recorrer las dependencias e interactuar con los nueve menores de edad que actualmente habitan este centro y reciben los distintos procesos de intervenci\u00f3n, conociendo sus rutinas diarias, sus procesos pedag\u00f3gicos y acompa\u00f1amiento profesional, adem\u00e1s de los resguardos dada la actual pandemia.<\/p>\n<p style=\"font-weight: 400; text-align: justify;\">\u201cHemos visitado este centro para conocer la realidad de estos ni\u00f1os y ni\u00f1as, porque nos interesa saber que adem\u00e1s de la correcta aplicaci\u00f3n de las medidas de protecci\u00f3n que ordenan los juzgados de Familia, debemos velar porque todos los actores que integran este trabajo a favor de corregir las vulneraciones sufridas por ellos, est\u00e1n cumpliendo con sus responsabilidades\u201d, sostuvo la ministra Natalia Rencoret.<\/p>\n<p style=\"font-weight: 400; text-align: justify;\">En la visita, la presidenta del tribunal de alzada se reuni\u00f3 con la directora del centro, Roxana Nehue, quien entreg\u00f3 los antecedentes generales del funcionamiento de la residencia, situaci\u00f3n de salud de los ni\u00f1os, ni\u00f1as y coment\u00f3 el desempe\u00f1o escolar de los mismos.<\/p>\n<p style=\"font-weight: 400; text-align: justify;\">Al culminar su recorrido por las instalaciones, la ministra valor\u00f3 la capacidad comunicativa y de confianza expresada por los menores. \u201cAl conversar con los ni\u00f1os y ni\u00f1as, y con sus profesionales me quedo con una positiva percepci\u00f3n, vi a los menores entretenidos y felices en los distintos espacios de la residencia, donde se manten\u00edan en actividades l\u00fadicas y de conversaci\u00f3n con sus educadoras\u201d, expres\u00f3.<\/p>\n<p style=\"font-weight: 400; text-align: justify;\">Recordar que la ministra Rencoret preside la mesa interinstitucional por la infancia en la jurisdicci\u00f3n. Instancia que re\u00fane a los servicios p\u00fablicos que tienen que ver con la aplicaci\u00f3n de pol\u00edticas de la infancia y que durante este 2021 durante sus sesiones ha logrado planificar y coordinar a nivel regional iniciativas que acerquen y brinden una mejor atenci\u00f3n a los menores.<\/p>\n<p style=\"font-weight: 400; text-align: justify;\">\u201cComo mesa por la infancia se ha dado \u00e9nfasis al trabajo en torno a las medidas de protecci\u00f3n privilegiando espacios de coordinaci\u00f3n para la b\u00fasqueda de mayores complementos y mejoras en el quehacer en torno a las medidas de protecci\u00f3n que convoca al Poder Judicial e Instituciones colaboradoras. Es precisamente el trabajo colaborativo el que nos permite optimizar los procesos de reparaci\u00f3n\u00a0 o restituci\u00f3n de derechos de ni\u00f1os, ni\u00f1as y adolescentes que han sufrido vulneraci\u00f3n\u201d, concluy\u00f3.<\/p>\n<\/div><\/section><\/div><div  style='height:50px' class='hr hr-invisible   avia-builder-el-6  el_after_av_one_full  el_before_av_social_share '><span class='hr-inner ' ><span class='hr-inner-style'><\/span><\/span><\/div><\/p>\n<div  class='av-social-sharing-box  avia-builder-el-7  el_after_av_hr  el_before_av_hr  '><div class='av-share-box'><h5 class='av-share-link-description av-no-toc '>Compartir esta noticia<\/h5><ul class='av-share-box-list noLightbox'><li class='av-share-link av-social-link-facebook' ><a target=\"_blank\" aria-label=\"Compartir en Facebook\" href='https:\/\/www.facebook.com\/sharer.php?u=https:\/\/radiorevelacionfm.cl\/?p=6789&#038;t=Presidenta%20de%20la%20Corte%20de%20Apelaciones%20visit%C3%B3%20a%20ni%C3%B1os%20y%20ni%C3%B1as%20del%20Centro%20Renuevito%20de%20Coyhaique' aria-hidden='false' data-av_icon='\ue8f3' data-av_iconfont='entypo-fontello' title='' data-avia-related-tooltip='Compartir en Facebook' rel=\"noopener\"><span class='avia_hidden_link_text'>Compartir en Facebook<\/span><\/a><\/li><li class='av-share-link av-social-link-twitter' ><a target=\"_blank\" aria-label=\"Compartir en Twitter\" href='https:\/\/twitter.com\/share?text=Presidenta%20de%20la%20Corte%20de%20Apelaciones%20visit%C3%B3%20a%20ni%C3%B1os%20y%20ni%C3%B1as%20del%20Centro%20Renuevito%20de%20Coyhaique&#038;url=https:\/\/radiorevelacionfm.cl\/?p=6789' aria-hidden='false' data-av_icon='\ue8f1' data-av_iconfont='entypo-fontello' title='' data-avia-related-tooltip='Compartir en Twitter' rel=\"noopener\"><span class='avia_hidden_link_text'>Compartir en Twitter<\/span><\/a><\/li><li class='av-share-link av-social-link-whatsapp' ><a target=\"_blank\" aria-label=\"Compartir en Whatsapp\" href='https:\/\/api.whatsapp.com\/send?text=https:\/\/radiorevelacionfm.cl\/?p=6789' aria-hidden='false' data-av_icon='\uf232' data-av_iconfont='entypo-fontello' title='' data-avia-related-tooltip='Compartir en Whatsapp' rel=\"noopener\"><span class='avia_hidden_link_text'>Compartir en Whatsapp<\/span><\/a><\/li><li class='av-share-link av-social-link-linkedin' ><a target=\"_blank\" aria-label=\"Compartir en LinkedIn\" href='https:\/\/linkedin.com\/shareArticle?mini=true&#038;title=Presidenta%20de%20la%20Corte%20de%20Apelaciones%20visit%C3%B3%20a%20ni%C3%B1os%20y%20ni%C3%B1as%20del%20Centro%20Renuevito%20de%20Coyhaique&#038;url=https:\/\/radiorevelacionfm.cl\/?p=6789' aria-hidden='false' data-av_icon='\ue8fc' data-av_iconfont='entypo-fontello' title='' data-avia-related-tooltip='Compartir en LinkedIn' rel=\"noopener\"><span class='avia_hidden_link_text'>Compartir en LinkedIn<\/span><\/a><\/li><li class='av-share-link av-social-link-mail' ><a  aria-label=\"Compartir por correo\" href='mailto:?subject=Presidenta%20de%20la%20Corte%20de%20Apelaciones%20visit%C3%B3%20a%20ni%C3%B1os%20y%20ni%C3%B1as%20del%20Centro%20Renuevito%20de%20Coyhaique&#038;body=https:\/\/radiorevelacionfm.cl\/?p=6789' aria-hidden='false' data-av_icon='\ue805' data-av_iconfont='entypo-fontello' title='' data-avia-related-tooltip='Compartir por correo'><span class='avia_hidden_link_text'>Compartir por correo<\/span><\/a><\/li><\/ul><\/div><\/div>\n<div  style='height:50px' class='hr hr-invisible   avia-builder-el-8  el_after_av_social_share  el_before_av_comments_list '><span class='hr-inner ' ><span class='hr-inner-style'><\/span><\/span><\/div>\n<div  class='av-buildercomment  av-blog-meta-html-info-disabled av-blog-meta-tag-disabled  '><\/div>\n","protected":false},"excerpt":{"rendered":"","protected":false},"author":1,"featured_media":6790,"comment_status":"open","ping_status":"open","sticky":false,"template":"","format":"standard","meta":{"footnotes":""},"categories":[55],"tags":[],"class_list":["post-6789","post","type-post","status-publish","format-standard","has-post-thumbnail","hentry","category-justicia"],"jetpack_featured_media_url":"https:\/\/radiorevelacionfm.cl\/wp-content\/uploads\/2021\/07\/foto-residencia-1_optimized.jpg","_links":{"self":[{"href":"https:\/\/radiorevelacionfm.cl\/index.php?rest_route=\/wp\/v2\/posts\/6789","targetHints":{"allow":["GET"]}}],"collection":[{"href":"https:\/\/radiorevelacionfm.cl\/index.php?rest_route=\/wp\/v2\/posts"}],"about":[{"href":"https:\/\/radiorevelacionfm.cl\/index.php?rest_route=\/wp\/v2\/types\/post"}],"author":[{"embeddable":true,"href":"https:\/\/radiorevelacionfm.cl\/index.php?rest_route=\/wp\/v2\/users\/1"}],"replies":[{"embeddable":true,"href":"https:\/\/radiorevelacionfm.cl\/index.php?rest_route=%2Fwp%2Fv2%2Fcomments&post=6789"}],"version-history":[{"count":1,"href":"https:\/\/radiorevelacionfm.cl\/index.php?rest_route=\/wp\/v2\/posts\/6789\/revisions"}],"predecessor-version":[{"id":6791,"href":"https:\/\/radiorevelacionfm.cl\/index.php?rest_route=\/wp\/v2\/posts\/6789\/revisions\/6791"}],"wp:featuredmedia":[{"embeddable":true,"href":"https:\/\/radiorevelacionfm.cl\/index.php?rest_route=\/wp\/v2\/media\/6790"}],"wp:attachment":[{"href":"https:\/\/radiorevelacionfm.cl\/index.php?rest_route=%2Fwp%2Fv2%2Fmedia&parent=6789"}],"wp:term":[{"taxonomy":"category","embeddable":true,"href":"https:\/\/radiorevelacionfm.cl\/index.php?rest_route=%2Fwp%2Fv2%2Fcategories&post=6789"},{"taxonomy":"post_tag","embeddable":true,"href":"https:\/\/radiorevelacionfm.cl\/index.php?rest_route=%2Fwp%2Fv2%2Ftags&post=6789"}],"curies":[{"name":"wp","href":"https:\/\/api.w.org\/{rel}","templated":true}]}}