{"id":6787,"date":"2021-07-29T11:30:06","date_gmt":"2021-07-29T14:30:06","guid":{"rendered":"https:\/\/radiorevelacionfm.cl\/?p=6787"},"modified":"2021-07-29T11:30:06","modified_gmt":"2021-07-29T14:30:06","slug":"corte-de-coyhaique-rechaza-recurso-de-proteccion-por-extension-del-area-de-operaciones-de-buzos-de-los-lagos-a-zonas-contiguas-de-aysen","status":"publish","type":"post","link":"https:\/\/radiorevelacionfm.cl\/?p=6787","title":{"rendered":"Corte de Coyhaique rechaza recurso de protecci\u00f3n por extensi\u00f3n del \u00e1rea de operaciones de buzos de Los Lagos a Zonas Contiguas de Ays\u00e9n"},"content":{"rendered":"<div class=\"flex_column av_one_full  flex_column_div av-zero-column-padding first  avia-builder-el-0  el_before_av_one_full  avia-builder-el-first  \" style='border-radius:0px; '><div  class='avia-image-container  av-styling-    avia-builder-el-1  avia-builder-el-no-sibling  avia-align-center '  itemprop=\"image\" itemscope=\"itemscope\" itemtype=\"https:\/\/schema.org\/ImageObject\"  ><div class='avia-image-container-inner'><div class='avia-image-overlay-wrap'><img decoding=\"async\" class='wp-image-6281 avia-img-lazy-loading-not-6281 avia_image' src=\"https:\/\/radiorevelacionfm.cl\/wp-content\/uploads\/2021\/07\/Foto-02-Corte-Coyhaique-1-1.jpg\" alt='' title='Foto 02 Corte Coyhaique (1) (1)' height=\"600\" width=\"900\"  itemprop=\"thumbnailUrl\" srcset=\"https:\/\/radiorevelacionfm.cl\/wp-content\/uploads\/2021\/07\/Foto-02-Corte-Coyhaique-1-1.jpg 900w, https:\/\/radiorevelacionfm.cl\/wp-content\/uploads\/2021\/07\/Foto-02-Corte-Coyhaique-1-1-300x200.jpg 300w, https:\/\/radiorevelacionfm.cl\/wp-content\/uploads\/2021\/07\/Foto-02-Corte-Coyhaique-1-1-768x512.jpg 768w, https:\/\/radiorevelacionfm.cl\/wp-content\/uploads\/2021\/07\/Foto-02-Corte-Coyhaique-1-1-705x470.jpg 705w, https:\/\/radiorevelacionfm.cl\/wp-content\/uploads\/2021\/07\/Foto-02-Corte-Coyhaique-1-1-600x400.jpg 600w\" sizes=\"(max-width: 900px) 100vw, 900px\" \/><\/div><\/div><\/div><\/div><div class=\"flex_column av_one_full  flex_column_div av-zero-column-padding first  avia-builder-el-2  el_after_av_one_full  el_before_av_one_full  column-top-margin\" style='border-radius:0px; '><section class=\"av_textblock_section \"  itemscope=\"itemscope\" itemtype=\"https:\/\/schema.org\/BlogPosting\" itemprop=\"blogPost\" ><div class='avia_textblock  '   itemprop=\"text\" ><p style=\"text-align: center;\"><strong><span style=\"font-size: 18pt;\">Corte de Coyhaique rechaza recurso de protecci\u00f3n por extensi\u00f3n del \u00e1rea de operaciones de buzos de Los Lagos a Zonas Contiguas de Ays\u00e9n<\/span><\/strong><\/p>\n<div id=\"gtx-trans\" style=\"position: absolute; left: -50px; top: 4.31534px;\">\n<div class=\"gtx-trans-icon\"><\/div>\n<\/div>\n<\/div><\/section><\/div><div class=\"flex_column av_one_full  flex_column_div av-zero-column-padding first  avia-builder-el-4  el_after_av_one_full  el_before_av_hr  column-top-margin\" style='border-radius:0px; '><section class=\"av_textblock_section \"  itemscope=\"itemscope\" itemtype=\"https:\/\/schema.org\/BlogPosting\" itemprop=\"blogPost\" ><div class='avia_textblock  '   itemprop=\"text\" ><p style=\"font-weight: 400; text-align: justify;\">La\u00a0Corte\u00a0de Apelaciones de Coyhaique rechaz\u00f3 el\u00a0recurso\u00a0de\u00a0protecci\u00f3n\u00a0presentado en contra de la Subsecretar\u00eda de Pesca y Acuicultura, por la dictaci\u00f3n de la resoluci\u00f3n exenta que ampli\u00f3 el \u00e1rea de operaciones de buzos de la Regi\u00f3n de Los Lagos a zonas contiguas de la Regi\u00f3n de Ays\u00e9n.<\/p>\n<p style=\"font-weight: 400; text-align: justify;\">En fallo un\u00e1nime (causa rol 259-2021), la Primera Sala del tribunal de alzada \u2013integrada por los ministros Sergio Mora Vallejos, Pedro Castro Espinoza y Jos\u00e9 Ignacio Mora Trujillo\u2013 desestim\u00f3 el arbitrio por extempor\u00e1neo.<\/p>\n<p style=\"font-weight: 400; text-align: justify;\">\u201cSi bien aparece que el acto impugnado por la recurrente es la Resoluci\u00f3n Exenta 1380, de 10 de mayo de 2021, la cual hace expresa referencia a la Resoluci\u00f3n N.\u00ba 1265, consigna esta e informa el resultado del proceso de consulta, indicando que fue aprobada por los buzos de la mencionada regi\u00f3n por 70 votos a favor y 69 en contra, los que de esta manera han mostrado su conformidad con la medida de extensi\u00f3n del \u00e1rea de operaciones a los pescadores artesanales de la Regi\u00f3n de Los Lagos, procedi\u00f3 a resolver la extensi\u00f3n del \u00e1rea de operaciones de aquellos, limit\u00e1ndose esta \u00faltima a materializar o concretar la medida que fuera aprobada en la votaci\u00f3n efectuada, pero materialmente el acto arbitrario o ilegal que se atribuye a la recurrida, Subsecretar\u00eda de Pesca, se encuentra, al tenor de lo solicitado por quien recurre, es aquel que efectu\u00f3 el llamado a votaci\u00f3n para determinar la aprobaci\u00f3n o rechazo de la zona contigua que, como ya se se\u00f1al\u00f3, es de fecha anterior, de fecha 30 de abril de 2021, el que no fue objeto de impugnaci\u00f3n, habiendo transcurrido ya m\u00e1s de los 30 d\u00edas para reclamar del mismo a la fecha de interposici\u00f3n de este recurso de protecci\u00f3n, lo que aconteci\u00f3 el 8 de junio de 2021\u201d, sostiene el fallo.<\/p>\n<p style=\"font-weight: 400; text-align: justify;\">Por tanto, se resuelve que: \u201c<strong>SE RECHAZA<\/strong>, sin costas, por extempor\u00e1neo, el recurso de protecci\u00f3n deducido por Jos\u00e9 Ernesto Mayorga Navarro, chileno, armador pesquero artesanal, domiciliado en Guadal N.\u00ba 1148, Pedro Aguirre Cerda, Puerto Ays\u00e9n, en contra de la Subsecretar\u00eda de Pesca y Acuicultura, representada por Alicia Gallardo Lagno\u201d.<\/p>\n<\/div><\/section><\/div><div  style='height:50px' class='hr hr-invisible   avia-builder-el-6  el_after_av_one_full  el_before_av_social_share '><span class='hr-inner ' ><span class='hr-inner-style'><\/span><\/span><\/div><\/p>\n<div  class='av-social-sharing-box  avia-builder-el-7  el_after_av_hr  el_before_av_hr  '><div class='av-share-box'><h5 class='av-share-link-description av-no-toc '>Compartir esta noticia<\/h5><ul class='av-share-box-list noLightbox'><li class='av-share-link av-social-link-facebook' ><a target=\"_blank\" aria-label=\"Compartir en Facebook\" href='https:\/\/www.facebook.com\/sharer.php?u=https:\/\/radiorevelacionfm.cl\/?p=6787&#038;t=Corte%20de%20Coyhaique%20rechaza%20recurso%20de%20protecci%C3%B3n%20por%20extensi%C3%B3n%20del%20%C3%A1rea%20de%20operaciones%20de%20buzos%20de%20Los%20Lagos%20a%20Zonas%20Contiguas%20de%20Ays%C3%A9n' aria-hidden='false' data-av_icon='\ue8f3' data-av_iconfont='entypo-fontello' title='' data-avia-related-tooltip='Compartir en Facebook' rel=\"noopener\"><span class='avia_hidden_link_text'>Compartir en Facebook<\/span><\/a><\/li><li class='av-share-link av-social-link-twitter' ><a target=\"_blank\" aria-label=\"Compartir en Twitter\" href='https:\/\/twitter.com\/share?text=Corte%20de%20Coyhaique%20rechaza%20recurso%20de%20protecci%C3%B3n%20por%20extensi%C3%B3n%20del%20%C3%A1rea%20de%20operaciones%20de%20buzos%20de%20Los%20Lagos%20a%20Zonas%20Contiguas%20de%20Ays%C3%A9n&#038;url=https:\/\/radiorevelacionfm.cl\/?p=6787' aria-hidden='false' data-av_icon='\ue8f1' data-av_iconfont='entypo-fontello' title='' data-avia-related-tooltip='Compartir en Twitter' rel=\"noopener\"><span class='avia_hidden_link_text'>Compartir en Twitter<\/span><\/a><\/li><li class='av-share-link av-social-link-whatsapp' ><a target=\"_blank\" aria-label=\"Compartir en Whatsapp\" href='https:\/\/api.whatsapp.com\/send?text=https:\/\/radiorevelacionfm.cl\/?p=6787' aria-hidden='false' data-av_icon='\uf232' data-av_iconfont='entypo-fontello' title='' data-avia-related-tooltip='Compartir en Whatsapp' rel=\"noopener\"><span class='avia_hidden_link_text'>Compartir en Whatsapp<\/span><\/a><\/li><li class='av-share-link av-social-link-linkedin' ><a target=\"_blank\" aria-label=\"Compartir en LinkedIn\" href='https:\/\/linkedin.com\/shareArticle?mini=true&#038;title=Corte%20de%20Coyhaique%20rechaza%20recurso%20de%20protecci%C3%B3n%20por%20extensi%C3%B3n%20del%20%C3%A1rea%20de%20operaciones%20de%20buzos%20de%20Los%20Lagos%20a%20Zonas%20Contiguas%20de%20Ays%C3%A9n&#038;url=https:\/\/radiorevelacionfm.cl\/?p=6787' aria-hidden='false' data-av_icon='\ue8fc' data-av_iconfont='entypo-fontello' title='' data-avia-related-tooltip='Compartir en LinkedIn' rel=\"noopener\"><span class='avia_hidden_link_text'>Compartir en LinkedIn<\/span><\/a><\/li><li class='av-share-link av-social-link-mail' ><a  aria-label=\"Compartir por correo\" href='mailto:?subject=Corte%20de%20Coyhaique%20rechaza%20recurso%20de%20protecci%C3%B3n%20por%20extensi%C3%B3n%20del%20%C3%A1rea%20de%20operaciones%20de%20buzos%20de%20Los%20Lagos%20a%20Zonas%20Contiguas%20de%20Ays%C3%A9n&#038;body=https:\/\/radiorevelacionfm.cl\/?p=6787' aria-hidden='false' data-av_icon='\ue805' data-av_iconfont='entypo-fontello' title='' data-avia-related-tooltip='Compartir por correo'><span class='avia_hidden_link_text'>Compartir por correo<\/span><\/a><\/li><\/ul><\/div><\/div>\n<div  style='height:50px' class='hr hr-invisible   avia-builder-el-8  el_after_av_social_share  el_before_av_comments_list '><span class='hr-inner ' ><span class='hr-inner-style'><\/span><\/span><\/div>\n<div  class='av-buildercomment  av-blog-meta-html-info-disabled av-blog-meta-tag-disabled  '><\/div>\n","protected":false},"excerpt":{"rendered":"","protected":false},"author":1,"featured_media":6281,"comment_status":"open","ping_status":"open","sticky":false,"template":"","format":"standard","meta":{"footnotes":""},"categories":[55],"tags":[],"class_list":["post-6787","post","type-post","status-publish","format-standard","has-post-thumbnail","hentry","category-justicia"],"jetpack_featured_media_url":"https:\/\/radiorevelacionfm.cl\/wp-content\/uploads\/2021\/07\/Foto-02-Corte-Coyhaique-1-1.jpg","_links":{"self":[{"href":"https:\/\/radiorevelacionfm.cl\/index.php?rest_route=\/wp\/v2\/posts\/6787","targetHints":{"allow":["GET"]}}],"collection":[{"href":"https:\/\/radiorevelacionfm.cl\/index.php?rest_route=\/wp\/v2\/posts"}],"about":[{"href":"https:\/\/radiorevelacionfm.cl\/index.php?rest_route=\/wp\/v2\/types\/post"}],"author":[{"embeddable":true,"href":"https:\/\/radiorevelacionfm.cl\/index.php?rest_route=\/wp\/v2\/users\/1"}],"replies":[{"embeddable":true,"href":"https:\/\/radiorevelacionfm.cl\/index.php?rest_route=%2Fwp%2Fv2%2Fcomments&post=6787"}],"version-history":[{"count":1,"href":"https:\/\/radiorevelacionfm.cl\/index.php?rest_route=\/wp\/v2\/posts\/6787\/revisions"}],"predecessor-version":[{"id":6788,"href":"https:\/\/radiorevelacionfm.cl\/index.php?rest_route=\/wp\/v2\/posts\/6787\/revisions\/6788"}],"wp:featuredmedia":[{"embeddable":true,"href":"https:\/\/radiorevelacionfm.cl\/index.php?rest_route=\/wp\/v2\/media\/6281"}],"wp:attachment":[{"href":"https:\/\/radiorevelacionfm.cl\/index.php?rest_route=%2Fwp%2Fv2%2Fmedia&parent=6787"}],"wp:term":[{"taxonomy":"category","embeddable":true,"href":"https:\/\/radiorevelacionfm.cl\/index.php?rest_route=%2Fwp%2Fv2%2Fcategories&post=6787"},{"taxonomy":"post_tag","embeddable":true,"href":"https:\/\/radiorevelacionfm.cl\/index.php?rest_route=%2Fwp%2Fv2%2Ftags&post=6787"}],"curies":[{"name":"wp","href":"https:\/\/api.w.org\/{rel}","templated":true}]}}