{"id":6782,"date":"2021-07-29T10:53:58","date_gmt":"2021-07-29T13:53:58","guid":{"rendered":"https:\/\/radiorevelacionfm.cl\/?p=6782"},"modified":"2021-07-29T10:53:58","modified_gmt":"2021-07-29T13:53:58","slug":"bienes-nacionales-realiza-transferencia-de-inmueble-a-bomberos-de-caleta-tortel","status":"publish","type":"post","link":"https:\/\/radiorevelacionfm.cl\/?p=6782","title":{"rendered":"Bienes Nacionales realiza transferencia de inmueble a Bomberos de Caleta Tortel"},"content":{"rendered":"<div class=\"flex_column av_one_full  flex_column_div av-zero-column-padding first  avia-builder-el-0  el_before_av_one_full  avia-builder-el-first  \" style='border-radius:0px; '><div  class='avia-image-container  av-styling-    avia-builder-el-1  avia-builder-el-no-sibling  avia-align-center '  itemprop=\"image\" itemscope=\"itemscope\" itemtype=\"https:\/\/schema.org\/ImageObject\"  ><div class='avia-image-container-inner'><div class='avia-image-overlay-wrap'><img decoding=\"async\" class='wp-image-0 avia-img-lazy-loading-not-0 avia_image' src=\"https:\/\/radiorevelacionfm.cl\/wp-content\/uploads\/2021\/07\/img_1974-1_optimized.jpg\" alt='' title=''   itemprop=\"thumbnailUrl\"  \/><\/div><\/div><\/div><\/div><div class=\"flex_column av_one_full  flex_column_div av-zero-column-padding first  avia-builder-el-2  el_after_av_one_full  el_before_av_one_full  column-top-margin\" style='border-radius:0px; '><section class=\"av_textblock_section \"  itemscope=\"itemscope\" itemtype=\"https:\/\/schema.org\/BlogPosting\" itemprop=\"blogPost\" ><div class='avia_textblock  '   itemprop=\"text\" ><p style=\"text-align: center;\"><strong><span style=\"font-size: 18pt;\">Bienes Nacionales realiza transferencia de inmueble a Bomberos de Caleta Tortel<\/span><\/strong><\/p>\n<div id=\"gtx-trans\" style=\"position: absolute; left: -50px; top: 4.31534px;\">\n<div class=\"gtx-trans-icon\"><\/div>\n<\/div>\n<\/div><\/section><\/div><div class=\"flex_column av_one_full  flex_column_div av-zero-column-padding first  avia-builder-el-4  el_after_av_one_full  el_before_av_hr  column-top-margin\" style='border-radius:0px; '><section class=\"av_textblock_section \"  itemscope=\"itemscope\" itemtype=\"https:\/\/schema.org\/BlogPosting\" itemprop=\"blogPost\" ><div class='avia_textblock  '   itemprop=\"text\" ><p style=\"text-align: justify;\">El Cuerpo de Bomberos de Tortel cumple una funci\u00f3n primordial en el combate de incendios y emergencias en la comuna, y para poder continuar con su comprometido trabajo, el subsecretario de Bienes Nacionales, \u00c1lvaro Pillado, junto al Delegado Presidencial Provincia Prat, Gustavo M\u00e1rquez, integrantes del cuerpo de Bomberos de Cochrane y autoridades de la regi\u00f3n, llegaron hasta la comuna para hacer entrega de la Transferencia Gratuita del inmueble de 274,32 m2 que les permite regularizar la construcci\u00f3n del Proyecto \u201cReposici\u00f3n Cuartel de la Tercera compa\u00f1\u00eda de Bomberos Caleta Tortel\u201d.<\/p>\n<p style=\"text-align: justify;\">\u201cQuisimos venir hasta Caleta Tortel para entregar el inmueble donde funciona la \u201cTercera compa\u00f1\u00eda de Bomberos\u201d, a trav\u00e9s de la Transferencia Gratuita, a partir de hoy, pasan a ser due\u00f1os de la propiedad. Llevan m\u00e1s de 38 a\u00f1os sirviendo a la comunidad y para nosotros como Bienes Nacionales es un hito muy importante, estamos reconociendo el trabajo de Bomberos, no solo de aqu\u00ed, sino que de todo Chile\u201d, afirm\u00f3 el Subsecretario de Bienes Nacionales, \u00c1lvaro Pillado.<\/p>\n<p style=\"text-align: justify;\">Hay que recordar que en 2016 un incendio destruy\u00f3 por completo el antiguo cuartel, pero que, con mucho esfuerzo, trabajo y dedicaci\u00f3n, sus socios pudieron volver a levantar. De esta manera y con la infraestructura y equipamiento adecuado y con la Transferencia Gratuita, podr\u00e1n continuar apoyando y prestando servicio a los m\u00e1s de 600 habitantes de la comunidad, efectuando el trabajo bomberil, de guardias, capacitaciones y coordinaci\u00f3n de trabajos ante emergencias y actividades propias de la instituci\u00f3n.<\/p>\n<p style=\"text-align: justify;\">\u201cEs muy gratificante saber que un Cuerpo de Bomberos con una compa\u00f1\u00eda tan particular como la de Tortel, por su geograf\u00eda y compromiso con la comunidad, hoy est\u00e9 recibiendo la propiedad del terreno en el que tienen sus nuevas instalaciones. Nos alegra, porque significa un compromiso y nosotros los vamos a apoyar para que puedan continuar con su trabajo\u201d, asegur\u00f3 el Delegado Presidencial Provincia Prat, Gustavo M\u00e1rquez.<\/p>\n<p style=\"text-align: justify;\">La compa\u00f1\u00eda, que se fund\u00f3 en 1982 tras un incendio de grandes proporciones que afect\u00f3 a varias casas en Tortel, donde los pobladores tomaron la iniciativa de formar el cuerpo de bomberos. Uno de ellos Jos\u00e9 Maripillan, socio fundador de la entonces compa\u00f1\u00eda Bajo Pisagua. Hoy orgulloso asisti\u00f3 a la ceremonia a recibir la Transferencia.<\/p>\n<p style=\"text-align: justify;\">\u201cA m\u00ed este acto me llena de satisfacci\u00f3n, porque es una meta cumplida, de los sue\u00f1os que ten\u00edamos nosotros para poder mejorar nuestro servicio como Bomberos de Chile y en Caleta Tortel. Nuestra intenci\u00f3n siempre fue tener un lugar f\u00edsico donde poder hacer nuestro trabajo y as\u00ed prestar el servicio que Tortel se merece, tanto en territorio, como la parte mar\u00edtima y la parte de la Carretera Austral\u201d, asegur\u00f3 emocionado Jos\u00e9 Maripillan.<\/p>\n<\/div><\/section><\/div><\/p>\n<div  style='height:50px' class='hr hr-invisible   avia-builder-el-6  el_after_av_one_full  el_before_av_social_share '><span class='hr-inner ' ><span class='hr-inner-style'><\/span><\/span><\/div>\n<div  class='av-social-sharing-box  avia-builder-el-7  el_after_av_hr  el_before_av_hr  '><div class='av-share-box'><h5 class='av-share-link-description av-no-toc '>Compartir esta noticia<\/h5><ul class='av-share-box-list noLightbox'><li class='av-share-link av-social-link-facebook' ><a target=\"_blank\" aria-label=\"Compartir en Facebook\" href='https:\/\/www.facebook.com\/sharer.php?u=https:\/\/radiorevelacionfm.cl\/?p=6782&#038;t=Bienes%20Nacionales%20realiza%20transferencia%20de%20inmueble%20a%20Bomberos%20de%20Caleta%20Tortel' aria-hidden='false' data-av_icon='\ue8f3' data-av_iconfont='entypo-fontello' title='' data-avia-related-tooltip='Compartir en Facebook' rel=\"noopener\"><span class='avia_hidden_link_text'>Compartir en Facebook<\/span><\/a><\/li><li class='av-share-link av-social-link-twitter' ><a target=\"_blank\" aria-label=\"Compartir en Twitter\" href='https:\/\/twitter.com\/share?text=Bienes%20Nacionales%20realiza%20transferencia%20de%20inmueble%20a%20Bomberos%20de%20Caleta%20Tortel&#038;url=https:\/\/radiorevelacionfm.cl\/?p=6782' aria-hidden='false' data-av_icon='\ue8f1' data-av_iconfont='entypo-fontello' title='' data-avia-related-tooltip='Compartir en Twitter' rel=\"noopener\"><span class='avia_hidden_link_text'>Compartir en Twitter<\/span><\/a><\/li><li class='av-share-link av-social-link-whatsapp' ><a target=\"_blank\" aria-label=\"Compartir en Whatsapp\" href='https:\/\/api.whatsapp.com\/send?text=https:\/\/radiorevelacionfm.cl\/?p=6782' aria-hidden='false' data-av_icon='\uf232' data-av_iconfont='entypo-fontello' title='' data-avia-related-tooltip='Compartir en Whatsapp' rel=\"noopener\"><span class='avia_hidden_link_text'>Compartir en Whatsapp<\/span><\/a><\/li><li class='av-share-link av-social-link-linkedin' ><a target=\"_blank\" aria-label=\"Compartir en LinkedIn\" href='https:\/\/linkedin.com\/shareArticle?mini=true&#038;title=Bienes%20Nacionales%20realiza%20transferencia%20de%20inmueble%20a%20Bomberos%20de%20Caleta%20Tortel&#038;url=https:\/\/radiorevelacionfm.cl\/?p=6782' aria-hidden='false' data-av_icon='\ue8fc' data-av_iconfont='entypo-fontello' title='' data-avia-related-tooltip='Compartir en LinkedIn' rel=\"noopener\"><span class='avia_hidden_link_text'>Compartir en LinkedIn<\/span><\/a><\/li><li class='av-share-link av-social-link-mail' ><a  aria-label=\"Compartir por correo\" href='mailto:?subject=Bienes%20Nacionales%20realiza%20transferencia%20de%20inmueble%20a%20Bomberos%20de%20Caleta%20Tortel&#038;body=https:\/\/radiorevelacionfm.cl\/?p=6782' aria-hidden='false' data-av_icon='\ue805' data-av_iconfont='entypo-fontello' title='' data-avia-related-tooltip='Compartir por correo'><span class='avia_hidden_link_text'>Compartir por correo<\/span><\/a><\/li><\/ul><\/div><\/div>\n<div  style='height:50px' class='hr hr-invisible   avia-builder-el-8  el_after_av_social_share  el_before_av_comments_list '><span class='hr-inner ' ><span class='hr-inner-style'><\/span><\/span><\/div>\n<div  class='av-buildercomment  av-blog-meta-html-info-disabled av-blog-meta-tag-disabled  '><\/div>\n","protected":false},"excerpt":{"rendered":"","protected":false},"author":1,"featured_media":0,"comment_status":"open","ping_status":"open","sticky":false,"template":"","format":"standard","meta":{"footnotes":""},"categories":[38],"tags":[],"class_list":["post-6782","post","type-post","status-publish","format-standard","hentry","category-regional"],"jetpack_featured_media_url":"","_links":{"self":[{"href":"https:\/\/radiorevelacionfm.cl\/index.php?rest_route=\/wp\/v2\/posts\/6782","targetHints":{"allow":["GET"]}}],"collection":[{"href":"https:\/\/radiorevelacionfm.cl\/index.php?rest_route=\/wp\/v2\/posts"}],"about":[{"href":"https:\/\/radiorevelacionfm.cl\/index.php?rest_route=\/wp\/v2\/types\/post"}],"author":[{"embeddable":true,"href":"https:\/\/radiorevelacionfm.cl\/index.php?rest_route=\/wp\/v2\/users\/1"}],"replies":[{"embeddable":true,"href":"https:\/\/radiorevelacionfm.cl\/index.php?rest_route=%2Fwp%2Fv2%2Fcomments&post=6782"}],"version-history":[{"count":2,"href":"https:\/\/radiorevelacionfm.cl\/index.php?rest_route=\/wp\/v2\/posts\/6782\/revisions"}],"predecessor-version":[{"id":6786,"href":"https:\/\/radiorevelacionfm.cl\/index.php?rest_route=\/wp\/v2\/posts\/6782\/revisions\/6786"}],"wp:attachment":[{"href":"https:\/\/radiorevelacionfm.cl\/index.php?rest_route=%2Fwp%2Fv2%2Fmedia&parent=6782"}],"wp:term":[{"taxonomy":"category","embeddable":true,"href":"https:\/\/radiorevelacionfm.cl\/index.php?rest_route=%2Fwp%2Fv2%2Fcategories&post=6782"},{"taxonomy":"post_tag","embeddable":true,"href":"https:\/\/radiorevelacionfm.cl\/index.php?rest_route=%2Fwp%2Fv2%2Ftags&post=6782"}],"curies":[{"name":"wp","href":"https:\/\/api.w.org\/{rel}","templated":true}]}}