{"id":6776,"date":"2021-07-29T13:16:19","date_gmt":"2021-07-29T16:16:19","guid":{"rendered":"https:\/\/radiorevelacionfm.cl\/?p=6776"},"modified":"2021-07-29T13:16:19","modified_gmt":"2021-07-29T16:16:19","slug":"abren-convocatoria-que-repartira-4-mil-millones-para-apoyar-las-mejores-soluciones-de-innovacion-en-el-agro","status":"publish","type":"post","link":"https:\/\/radiorevelacionfm.cl\/?p=6776","title":{"rendered":"Abren convocatoria que repartir\u00e1 $4 mil millones para apoyar las mejores soluciones de innovaci\u00f3n en el agro"},"content":{"rendered":"<div class=\"flex_column av_one_full  flex_column_div av-zero-column-padding first  avia-builder-el-0  el_before_av_one_full  avia-builder-el-first  \" style='border-radius:0px; '><div  class='avia-image-container  av-styling-    avia-builder-el-1  avia-builder-el-no-sibling  avia-align-center '  itemprop=\"image\" itemscope=\"itemscope\" itemtype=\"https:\/\/schema.org\/ImageObject\"  ><div class='avia-image-container-inner'><div class='avia-image-overlay-wrap'><img decoding=\"async\" class='wp-image-0 avia-img-lazy-loading-not-0 avia_image' src=\"https:\/\/radiorevelacionfm.cl\/wp-content\/uploads\/2021\/07\/gif-apertura-tw_lk-0-1_optimized.jpg\" alt='' title=''   itemprop=\"thumbnailUrl\"  \/><\/div><\/div><\/div><\/div><div class=\"flex_column av_one_full  flex_column_div av-zero-column-padding first  avia-builder-el-2  el_after_av_one_full  el_before_av_one_full  column-top-margin\" style='border-radius:0px; '><section class=\"av_textblock_section \"  itemscope=\"itemscope\" itemtype=\"https:\/\/schema.org\/BlogPosting\" itemprop=\"blogPost\" ><div class='avia_textblock  '   itemprop=\"text\" ><p style=\"text-align: center;\"><span style=\"font-size: 18pt;\"><strong>Abren convocatoria que repartir<\/strong><strong>\u00e1 $4 mil millones para apoyar las mejores soluciones de innovaci\u00f3n en el agro<\/strong><\/span><\/p>\n<div id=\"gtx-trans\" style=\"position: absolute; left: -50px; top: 4.31534px;\">\n<div class=\"gtx-trans-icon\"><\/div>\n<\/div>\n<\/div><\/section><\/div><div class=\"flex_column av_one_full  flex_column_div av-zero-column-padding first  avia-builder-el-4  el_after_av_one_full  el_before_av_hr  column-top-margin\" style='border-radius:0px; '><section class=\"av_textblock_section \"  itemscope=\"itemscope\" itemtype=\"https:\/\/schema.org\/BlogPosting\" itemprop=\"blogPost\" ><div class='avia_textblock  '   itemprop=\"text\" ><p style=\"text-align: justify;\">Proyectos con fines de comercializaci\u00f3n (inter\u00e9s privado) o para implementaci\u00f3n de libre acceso (inter\u00e9s p\u00fablico) son los dos tipos de iniciativas de innovaci\u00f3n que apoyar\u00e1 la nueva convocatoria nacional de proyectos de la Fundaci\u00f3n para la Innovaci\u00f3n Agraria (FIA) del Ministerio de Agricultura, por un monto cercano a los $4 mil millones.<\/p>\n<p style=\"text-align: justify;\">\u201cPara asegurar el abastecimiento de alimentos sanos y frescos a la poblaci\u00f3n, el sector agr\u00edcola debe incorporar innovaciones que permitan enfrentar los desaf\u00edos de aumentar la producci\u00f3n con menor impacto en el medioambiente, de responder a las cambiantes tendencias de los mercados y de aprovechar las oportunidades que ofrecen las nuevas tecnolog\u00edas, tales como big data o inteligencia artificial\u201d, se\u00f1al\u00f3 la Ministra de Agricultura, Mar\u00eda Emilia Undurraga.<\/p>\n<p style=\"text-align: justify;\">El concurso \u2212que estar\u00e1 abierto hasta el 20 de agosto\u2212 tiene como objetivo apoyar el desarrollo de proyectos que aporten soluciones innovadoras a problemas u oportunidades en el sector silvoagropecuario y\/o la cadena agroalimentaria y que respondan a alguno de los tres desaf\u00edos estrat\u00e9gicos de FIA: eficiencia h\u00eddrica y adaptaci\u00f3n al cambio clim\u00e1tico, desarrollo de mercados y procesos innovadores.<\/p>\n<p style=\"text-align: justify;\">\u201cEste a\u00f1o hemos destinado los recursos para impulsar iniciativas en dos \u00e1reas, como lo son los proyectos con fines de comercializaci\u00f3n (inter\u00e9s privado) o para implementaci\u00f3n de libre acceso (inter\u00e9s p\u00fablico). De esta forma, buscamos focalizar el trabajo, haci\u00e9ndonos cargo de todo el ciclo que implicar el desarrollo de la innovaci\u00f3n en el agro y adem\u00e1s canalizar todo nuestro instrumental hacia soluciones innovadoras que contribuyan a la soluci\u00f3n eficiente los desaf\u00edos que nos demanda hoy nuestro sector\u201d, indic\u00f3 el director ejecutivo de FIA, \u00c1lvaro Eyzaguirre.<\/p>\n<p style=\"text-align: justify;\"><strong>Proceso de postulaci\u00f3<\/strong><strong>n<\/strong><\/p>\n<p style=\"text-align: justify;\">En la primera etapa, los postulantes solo deben presentar un perfil de proyecto de innovaci\u00f3n, donde se evaluar\u00e1 el potencial de la soluci\u00f3n innovadora a problemas y\/u oportunidades del sector. Luego, los perfiles seleccionados en la etapa 1, podr\u00e1n formular y postular el proyecto de innovaci\u00f3n completo en la etapa 2, donde la adjudicaci\u00f3n estar\u00e1 orientada a las iniciativas con alta probabilidad de \u00e9xito en su desarrollo.<\/p>\n<p style=\"text-align: justify;\">Pueden postular personas jur\u00eddicas constituidas legalmente en Chile, con o sin fines de lucro, que tengan un v\u00ednculo con el sector.<\/p>\n<p style=\"text-align: justify;\">En cuanto al financiamiento, el monto m\u00e1ximo de aporte FIA es de $150 millones dependiendo del avance del proyecto, financiando hasta el 70% u 80% del costo total de la iniciativa, en funci\u00f3n de si es un proyecto de inter\u00e9s privado (comercializaci\u00f3n) o de bien p\u00fablico (implementaci\u00f3n de libre acceso).<\/p>\n<p style=\"text-align: justify;\">Las bases se encuentran disponibles en el sitio web de FIA (www.fia.cl) y las postulaciones se deben presentar a trav\u00e9s de la plataforma de postulaci\u00f3n en l\u00ednea de la Fundaci\u00f3n (<u>convocatoria.fia.cl<\/u>) hasta el 20 de agosto a las 15 horas.<\/p>\n<p style=\"text-align: justify;\">Las consultas pueden realizarse hasta el 12 de agosto, por correo electr\u00f3nico a proyectos2021@fia.cl<\/p>\n<p style=\"text-align: justify;\"><strong>Ciclo de innovaci<\/strong><strong>\u00f3<\/strong><strong>n<\/strong><\/p>\n<p style=\"text-align: justify;\">Para apoyar el proceso de postulaci\u00f3n, se realizar\u00e1 un ciclo de webinars informativos donde se explicar\u00e1 la convocatoria en detalle y se responder\u00e1n dudas de los asistentes. El calendario es el siguiente:<\/p>\n<ul style=\"text-align: justify;\">\n<li>Jueves 22 julio: \u00bfQu\u00e9 buscas desarrollar, un proyecto de inter\u00e9s p\u00fablico o privado?<\/li>\n<li>Jueves 29 julio: Conoce el proceso completo de la Convocatoria Nacional<\/li>\n<li>Jueves 05 agosto: Paso a paso para postular<\/li>\n<\/ul>\n<p style=\"text-align: justify;\">Para participar, la inscripci\u00f3n se puede realizar a trav\u00e9s del sitio de FIA, <a href=\"http:\/\/www.fia.cl\">www.fia.cl<\/a>.<\/p>\n<p style=\"text-align: justify;\"><strong>Fomento a la innovaci\u00f3n en Ays\u00e9n<\/strong><\/p>\n<p style=\"text-align: justify;\">Desde el a\u00f1o 2018 se ha comprobado un aumento en las postulaciones a esta convocatoria por emprendedores, cooperativas, asociaciones gremiales, agricultores entre otros todos relacionados al mundo del Agro en la regi\u00f3n, las que en promedio por a\u00f1o estaban entre\u00a0 1 a 2 postulaciones, a diferencia de lo ocurrido el a\u00f1o reci\u00e9n pasado, las que fueron 11 iniciativas, de las cuales 7 pasaron a la segunda etapa de evaluaci\u00f3n y finalmente 2 estas fueron adjudicas y que actualmente se encuentran en el proceso de negociaci\u00f3n esperando comenzar su ejecuci\u00f3n con fondos nacionales de FIA durante el segundo semestre del presente a\u00f1o.<\/p>\n<p style=\"text-align: justify;\">\u201cNuestra Fundaci\u00f3n entiende la necesidad que los emprendedores y empresas del sector silvoagropecuario de la regi\u00f3n de Ays\u00e9n o relacionadas con este, participen de esta convocatoria, aprovechando la gran cantidad de oportunidades para innovar que existen en nuestro territorio relacionadas a las ventajas que el cambio clim\u00e1tico ofrece en rubros<\/p>\n<p style=\"text-align: justify;\">incipientes como el de las hortalizas, fruticultura mayor y menor, apicultura, papas\u00a0 entre otros\u201d sostuvo Leonardo Russo, representante Regional de la Fundaci\u00f3n para la innovaci\u00f3n Agraria.<\/p>\n<p style=\"text-align: justify;\">\u201cQueremos que todos los actores relacionados al mundo silvoagropecuario en la regi\u00f3n de Ays\u00e9n puedan conocer esta convocatoria que hace la Fundaci\u00f3n para la Innovaci\u00f3n Agraria, que a trav\u00e9s de la innovaci\u00f3n, promueve el desarrollo de iniciativas que \u00a0permitan diversificar la productividad regional y hacer una producci\u00f3n m\u00e1s sustentable.<\/p>\n<p style=\"text-align: justify;\">Desde que asumimos la administraci\u00f3n del Presidente Pi\u00f1era hemos hecho un gran esfuerzo en diversificaci\u00f3n e innovaci\u00f3n con un apoyo importante del Gobierno Regional de Ays\u00e9n y su Consejo, pero en este caso tambi\u00e9n desde el Ministerio a trav\u00e9s de la Fundaci\u00f3n Para la Innovaci\u00f3n Agraria, nos hemos esforzado de manera importante, poniendo aqu\u00ed en la regi\u00f3n de Ays\u00e9n por primera vez un agente macrozonal para poder orientar, para poder acompa\u00f1ar en los procesos de formulaci\u00f3n. Tambi\u00e9n se han se a modernizado el sistema de postulaci\u00f3n a estos proyectos, evitando complicaciones adicionales y haciendo mas llevadero el proceso para nuestros innovadores. As\u00ed que la invitaci\u00f3n est\u00e1 hecha, vis\u00edtenos en Avda. Ogana 1060 o cont\u00e1ctense con la Seremi de Agricultura de Ays\u00e9n para que podamos canalizarlos con Leonardo Russo y as\u00ed tengamos la mayor cantidad de proyectos financiados\u00a0 por la Fundaci\u00f3n en en la regi\u00f3n de Ays\u00e9n y sigamos diversificando y desarrollando nuestro mundo rural \u201c se\u00f1alo el Seremi de Agricultura Felipe Henr\u00edquez Raglianti<\/p>\n<p style=\"text-align: justify;\">Es por esto que reiteramos el llamado a presentar iniciativas regionales dirigidas a promover la Innovaci\u00f3n para el desarrollo agr\u00edcola y a la incorporaci\u00f3n de nuevas servicios o productos sustentables que fomenten la competitividad, agregando valor al sector silvoagropecuario Regional.<\/p>\n<\/div><\/section><\/div><div  style='height:50px' class='hr hr-invisible   avia-builder-el-6  el_after_av_one_full  el_before_av_social_share '><span class='hr-inner ' ><span class='hr-inner-style'><\/span><\/span><\/div><\/p>\n<div  class='av-social-sharing-box  avia-builder-el-7  el_after_av_hr  el_before_av_hr  '><div class='av-share-box'><h5 class='av-share-link-description av-no-toc '>Compartir esta noticia<\/h5><ul class='av-share-box-list noLightbox'><li class='av-share-link av-social-link-facebook' ><a target=\"_blank\" aria-label=\"Compartir en Facebook\" href='https:\/\/www.facebook.com\/sharer.php?u=https:\/\/radiorevelacionfm.cl\/?p=6776&#038;t=Abren%20convocatoria%20que%20repartir%C3%A1%20%244%20mil%20millones%20para%20apoyar%20las%20mejores%20soluciones%20de%20innovaci%C3%B3n%20en%20el%20agro' aria-hidden='false' data-av_icon='\ue8f3' data-av_iconfont='entypo-fontello' title='' data-avia-related-tooltip='Compartir en Facebook' rel=\"noopener\"><span class='avia_hidden_link_text'>Compartir en Facebook<\/span><\/a><\/li><li class='av-share-link av-social-link-twitter' ><a target=\"_blank\" aria-label=\"Compartir en Twitter\" href='https:\/\/twitter.com\/share?text=Abren%20convocatoria%20que%20repartir%C3%A1%20%244%20mil%20millones%20para%20apoyar%20las%20mejores%20soluciones%20de%20innovaci%C3%B3n%20en%20el%20agro&#038;url=https:\/\/radiorevelacionfm.cl\/?p=6776' aria-hidden='false' data-av_icon='\ue8f1' data-av_iconfont='entypo-fontello' title='' data-avia-related-tooltip='Compartir en Twitter' rel=\"noopener\"><span class='avia_hidden_link_text'>Compartir en Twitter<\/span><\/a><\/li><li class='av-share-link av-social-link-whatsapp' ><a target=\"_blank\" aria-label=\"Compartir en Whatsapp\" href='https:\/\/api.whatsapp.com\/send?text=https:\/\/radiorevelacionfm.cl\/?p=6776' aria-hidden='false' data-av_icon='\uf232' data-av_iconfont='entypo-fontello' title='' data-avia-related-tooltip='Compartir en Whatsapp' rel=\"noopener\"><span class='avia_hidden_link_text'>Compartir en Whatsapp<\/span><\/a><\/li><li class='av-share-link av-social-link-linkedin' ><a target=\"_blank\" aria-label=\"Compartir en LinkedIn\" href='https:\/\/linkedin.com\/shareArticle?mini=true&#038;title=Abren%20convocatoria%20que%20repartir%C3%A1%20%244%20mil%20millones%20para%20apoyar%20las%20mejores%20soluciones%20de%20innovaci%C3%B3n%20en%20el%20agro&#038;url=https:\/\/radiorevelacionfm.cl\/?p=6776' aria-hidden='false' data-av_icon='\ue8fc' data-av_iconfont='entypo-fontello' title='' data-avia-related-tooltip='Compartir en LinkedIn' rel=\"noopener\"><span class='avia_hidden_link_text'>Compartir en LinkedIn<\/span><\/a><\/li><li class='av-share-link av-social-link-mail' ><a  aria-label=\"Compartir por correo\" href='mailto:?subject=Abren%20convocatoria%20que%20repartir%C3%A1%20%244%20mil%20millones%20para%20apoyar%20las%20mejores%20soluciones%20de%20innovaci%C3%B3n%20en%20el%20agro&#038;body=https:\/\/radiorevelacionfm.cl\/?p=6776' aria-hidden='false' data-av_icon='\ue805' data-av_iconfont='entypo-fontello' title='' data-avia-related-tooltip='Compartir por correo'><span class='avia_hidden_link_text'>Compartir por correo<\/span><\/a><\/li><\/ul><\/div><\/div>\n<div  style='height:50px' class='hr hr-invisible   avia-builder-el-8  el_after_av_social_share  el_before_av_comments_list '><span class='hr-inner ' ><span class='hr-inner-style'><\/span><\/span><\/div>\n<div  class='av-buildercomment  av-blog-meta-html-info-disabled av-blog-meta-tag-disabled  '><\/div>\n","protected":false},"excerpt":{"rendered":"","protected":false},"author":1,"featured_media":0,"comment_status":"open","ping_status":"open","sticky":false,"template":"","format":"standard","meta":{"footnotes":""},"categories":[58],"tags":[],"class_list":["post-6776","post","type-post","status-publish","format-standard","hentry","category-agricultura"],"jetpack_featured_media_url":"","_links":{"self":[{"href":"https:\/\/radiorevelacionfm.cl\/index.php?rest_route=\/wp\/v2\/posts\/6776","targetHints":{"allow":["GET"]}}],"collection":[{"href":"https:\/\/radiorevelacionfm.cl\/index.php?rest_route=\/wp\/v2\/posts"}],"about":[{"href":"https:\/\/radiorevelacionfm.cl\/index.php?rest_route=\/wp\/v2\/types\/post"}],"author":[{"embeddable":true,"href":"https:\/\/radiorevelacionfm.cl\/index.php?rest_route=\/wp\/v2\/users\/1"}],"replies":[{"embeddable":true,"href":"https:\/\/radiorevelacionfm.cl\/index.php?rest_route=%2Fwp%2Fv2%2Fcomments&post=6776"}],"version-history":[{"count":1,"href":"https:\/\/radiorevelacionfm.cl\/index.php?rest_route=\/wp\/v2\/posts\/6776\/revisions"}],"predecessor-version":[{"id":6778,"href":"https:\/\/radiorevelacionfm.cl\/index.php?rest_route=\/wp\/v2\/posts\/6776\/revisions\/6778"}],"wp:attachment":[{"href":"https:\/\/radiorevelacionfm.cl\/index.php?rest_route=%2Fwp%2Fv2%2Fmedia&parent=6776"}],"wp:term":[{"taxonomy":"category","embeddable":true,"href":"https:\/\/radiorevelacionfm.cl\/index.php?rest_route=%2Fwp%2Fv2%2Fcategories&post=6776"},{"taxonomy":"post_tag","embeddable":true,"href":"https:\/\/radiorevelacionfm.cl\/index.php?rest_route=%2Fwp%2Fv2%2Ftags&post=6776"}],"curies":[{"name":"wp","href":"https:\/\/api.w.org\/{rel}","templated":true}]}}