{"id":6772,"date":"2021-07-29T13:51:44","date_gmt":"2021-07-29T16:51:44","guid":{"rendered":"https:\/\/radiorevelacionfm.cl\/?p=6772"},"modified":"2021-07-29T13:51:44","modified_gmt":"2021-07-29T16:51:44","slug":"mas-de-mil-sostenedores-han-solicitado-recursos-a-mineduc-para-un-retorno-seguro-a-clases","status":"publish","type":"post","link":"https:\/\/radiorevelacionfm.cl\/?p=6772","title":{"rendered":"M\u00e1s de mil sostenedores han solicitado recursos a Mineduc para un retorno seguro a clases"},"content":{"rendered":"<div class=\"flex_column av_one_full  flex_column_div av-zero-column-padding first  avia-builder-el-0  el_before_av_one_full  avia-builder-el-first  \" style='border-radius:0px; '><div  class='avia-image-container  av-styling-    avia-builder-el-1  avia-builder-el-no-sibling  avia-align-center '  itemprop=\"image\" itemscope=\"itemscope\" itemtype=\"https:\/\/schema.org\/ImageObject\"  ><div class='avia-image-container-inner'><div class='avia-image-overlay-wrap'><img decoding=\"async\" class='wp-image-6773 avia-img-lazy-loading-not-6773 avia_image' src=\"https:\/\/radiorevelacionfm.cl\/wp-content\/uploads\/2021\/07\/Fondos-COVID-1-1.jpg\" alt='' title='Fondos COVID (1) (1)' height=\"600\" width=\"1239\"  itemprop=\"thumbnailUrl\" srcset=\"https:\/\/radiorevelacionfm.cl\/wp-content\/uploads\/2021\/07\/Fondos-COVID-1-1.jpg 1239w, https:\/\/radiorevelacionfm.cl\/wp-content\/uploads\/2021\/07\/Fondos-COVID-1-1-300x145.jpg 300w, https:\/\/radiorevelacionfm.cl\/wp-content\/uploads\/2021\/07\/Fondos-COVID-1-1-1030x499.jpg 1030w, https:\/\/radiorevelacionfm.cl\/wp-content\/uploads\/2021\/07\/Fondos-COVID-1-1-768x372.jpg 768w, https:\/\/radiorevelacionfm.cl\/wp-content\/uploads\/2021\/07\/Fondos-COVID-1-1-705x341.jpg 705w, https:\/\/radiorevelacionfm.cl\/wp-content\/uploads\/2021\/07\/Fondos-COVID-1-1-600x291.jpg 600w\" sizes=\"(max-width: 1239px) 100vw, 1239px\" \/><\/div><\/div><\/div><\/div><div class=\"flex_column av_one_full  flex_column_div av-zero-column-padding first  avia-builder-el-2  el_after_av_one_full  el_before_av_one_full  column-top-margin\" style='border-radius:0px; '><section class=\"av_textblock_section \"  itemscope=\"itemscope\" itemtype=\"https:\/\/schema.org\/BlogPosting\" itemprop=\"blogPost\" ><div class='avia_textblock  '   itemprop=\"text\" ><p style=\"text-align: center;\"><strong><span style=\"font-size: 18pt;\">M\u00e1s de mil sostenedores han solicitado recursos a Mineduc para un retorno seguro a clases<\/span><\/strong><\/p>\n<div id=\"gtx-trans\" style=\"position: absolute; left: -50px; top: 4.31534px;\">\n<div class=\"gtx-trans-icon\"><\/div>\n<\/div>\n<\/div><\/section><\/div><div class=\"flex_column av_one_full  flex_column_div av-zero-column-padding first  avia-builder-el-4  el_after_av_one_full  el_before_av_hr  column-top-margin\" style='border-radius:0px; '><section class=\"av_textblock_section \"  itemscope=\"itemscope\" itemtype=\"https:\/\/schema.org\/BlogPosting\" itemprop=\"blogPost\" ><div class='avia_textblock  '   itemprop=\"text\" ><p class=\"v1MsoNormal\" style=\"text-align: justify;\"><span lang=\"ES\">Ya son 1.468 los sostenedores que han solicitado los recursos que el Ministerio de Educaci\u00f3n est\u00e1 entregando para seguir apoyando el retorno seguro a clases presenciales. Se trata de un fondo de $25 mil millones que est\u00e1 a disposici\u00f3n de los establecimientos para\u00a0<\/span>la protecci\u00f3n de todos los miembros de la comunidad educativa.<\/p>\n<p class=\"v1MsoNormal\" style=\"text-align: justify;\">Estos nuevos recursos se suman al importante incremento en los fondos de infraestructura que ha impulsado el Mineduc, pasando de 84 mil millones en 2018 a m\u00e1s de 186 mil millones para este a\u00f1o, aumentando en m\u00e1s del doble la inversi\u00f3n en infraestructura escolar; al plan Yo Conf\u00edo en mi Escuela que entreg\u00f3 $13 mil millones a todos los establecimientos que postularon para mejorar su infraestructura para la vuelta a clases; y a la flexibilizaci\u00f3n del uso de recursos SEP para invertir en elementos que permitan enfrentar la pandemia, la que pone a disposici\u00f3n de los establecimientos alrededor de $10 mil millones cada mes.<\/p>\n<p class=\"v1MsoNormal\" style=\"text-align: justify;\">\u201cYa son muchos los colegios y jardines que han solicitado estos recursos para el retorno seguro, pero a\u00fan quedan muchos sostenedores que no los han solicitado para sus establecimientos, por lo que hacemos un llamado a todos los alcaldes y sostenedores que a\u00fan no han llenado el formulario a hacerlo, el proceso de solicitud es muy simple y es a trav\u00e9s de internet\u201d coment\u00f3 el Subsecretario de Educaci\u00f3n, Jorge Poblete.<\/p>\n<p class=\"v1MsoNormal\" style=\"text-align: justify;\">Todos los sostenedores tienen como\u00a0<b>plazo m\u00e1ximo el pr\u00f3ximo jueves 5 de agosto<\/b>\u00a0para solicitar los fondos, siguiendo los siguientes pasos:<\/p>\n<p style=\"text-align: justify;\"><span lang=\"ES\">El sostenedor, director o persona que el sostenedor disponga para el tr\u00e1mite tendr\u00e1 que ingresar a\u00a0<\/span><a href=\"https:\/\/tramites.mineduc.cl\/\" target=\"_blank\" rel=\"noopener noreferrer\"><span lang=\"ES-MX\">https:\/\/tramites.mineduc.cl\/<\/span><\/a>\u00a0e iniciar sesi\u00f3n con su Clave \u00danica.<\/p>\n<p style=\"text-align: justify;\"><span lang=\"ES\">Luego debe hace click en el cuadro que dice \u201cSolicitud Recursos Retorno Seguro\u201d y completar los datos que solicita el formulario -como correo institucional, rut y nombre del sostenedor-. Tras rellenar todos los antecedentes se emitir\u00e1 un certificado, donde se indica que se ha completado el tr\u00e1mite y la informaci\u00f3n ha sido cargada con \u00e9xito.<\/span><\/p>\n<p class=\"v1MsoNormal\" style=\"text-align: left;\"><b>\u00bfQu\u00e9 implementos pueden adquirir los establecimientos con estos recursos?<\/b><\/p>\n<p><span lang=\"ES\">-Elementos para cuidado de alumnos y cuerpo docente y administrativo, tales como:<\/span><\/p>\n<p class=\"v1MsoNormal\" style=\"text-align: left;\"><span lang=\"ES\">o\u00a0\u00a0\u00a0<\/span><span lang=\"ES\">mascarilla por cada estudiante, docente y asistente<\/span><\/p>\n<p class=\"v1MsoNormal\" style=\"text-align: left;\"><span lang=\"ES\">o\u00a0\u00a0\u00a0<\/span><span lang=\"ES\">escudo facial por cada docente y asistente<\/span><\/p>\n<p class=\"v1MsoNormal\" style=\"text-align: left;\"><span lang=\"ES\">o\u00a0\u00a0\u00a0<\/span><span lang=\"ES\">term\u00f3metros<\/span><\/p>\n<p class=\"v1MsoNormal\" style=\"text-align: left;\"><span lang=\"ES\">o\u00a0\u00a0\u00a0<\/span><span lang=\"ES\">alcohol gel por sala<\/span><\/p>\n<p class=\"v1MsoNormal\" style=\"text-align: left;\"><span lang=\"ES\">o\u00a0\u00a0\u00a0<\/span><span lang=\"ES\">set de limpieza para salas (cloro, guantes, esponja, pa\u00f1o, traje)<\/span><\/p>\n<p class=\"v1MsoNormal\" style=\"text-align: left;\"><span lang=\"ES\">o\u00a0\u00a0\u00a0<\/span><span lang=\"ES\">Medidores CO2<\/span><\/p>\n<p class=\"v1MsoNormal\" style=\"text-align: left;\"><span lang=\"ES\">\u00a0&#8211;<\/span><span lang=\"ES\">Implementaci\u00f3n de adecuaciones f\u00edsicas, tales como:<\/span><\/p>\n<p class=\"v1MsoNormal\" style=\"text-align: left;\"><span lang=\"ES\">o\u00a0\u00a0\u00a0<\/span><span lang=\"ES\">Separadores de espacios<\/span><\/p>\n<p class=\"v1MsoNormal\" style=\"text-align: left;\"><span lang=\"ES\">o\u00a0\u00a0\u00a0<\/span><span lang=\"ES\">Filtros de aire<\/span><\/p>\n<p class=\"v1MsoNormal\" style=\"text-align: left;\"><span lang=\"ES\">o\u00a0\u00a0\u00a0<\/span><span lang=\"ES\">Letreros y se\u00f1al\u00e9tica<\/span><\/p>\n<\/div><\/section><\/div><div  style='height:50px' class='hr hr-invisible   avia-builder-el-6  el_after_av_one_full  el_before_av_social_share '><span class='hr-inner ' ><span class='hr-inner-style'><\/span><\/span><\/div><\/p>\n<div  class='av-social-sharing-box  avia-builder-el-7  el_after_av_hr  el_before_av_hr  '><div class='av-share-box'><h5 class='av-share-link-description av-no-toc '>Compartir esta noticia<\/h5><ul class='av-share-box-list noLightbox'><li class='av-share-link av-social-link-facebook' ><a target=\"_blank\" aria-label=\"Compartir en Facebook\" href='https:\/\/www.facebook.com\/sharer.php?u=https:\/\/radiorevelacionfm.cl\/?p=6772&#038;t=M%C3%A1s%20de%20mil%20sostenedores%20han%20solicitado%20recursos%20a%20Mineduc%20para%20un%20retorno%20seguro%20a%20clases' aria-hidden='false' data-av_icon='\ue8f3' data-av_iconfont='entypo-fontello' title='' data-avia-related-tooltip='Compartir en Facebook' rel=\"noopener\"><span class='avia_hidden_link_text'>Compartir en Facebook<\/span><\/a><\/li><li class='av-share-link av-social-link-twitter' ><a target=\"_blank\" aria-label=\"Compartir en Twitter\" href='https:\/\/twitter.com\/share?text=M%C3%A1s%20de%20mil%20sostenedores%20han%20solicitado%20recursos%20a%20Mineduc%20para%20un%20retorno%20seguro%20a%20clases&#038;url=https:\/\/radiorevelacionfm.cl\/?p=6772' aria-hidden='false' data-av_icon='\ue8f1' data-av_iconfont='entypo-fontello' title='' data-avia-related-tooltip='Compartir en Twitter' rel=\"noopener\"><span class='avia_hidden_link_text'>Compartir en Twitter<\/span><\/a><\/li><li class='av-share-link av-social-link-whatsapp' ><a target=\"_blank\" aria-label=\"Compartir en Whatsapp\" href='https:\/\/api.whatsapp.com\/send?text=https:\/\/radiorevelacionfm.cl\/?p=6772' aria-hidden='false' data-av_icon='\uf232' data-av_iconfont='entypo-fontello' title='' data-avia-related-tooltip='Compartir en Whatsapp' rel=\"noopener\"><span class='avia_hidden_link_text'>Compartir en Whatsapp<\/span><\/a><\/li><li class='av-share-link av-social-link-linkedin' ><a target=\"_blank\" aria-label=\"Compartir en LinkedIn\" href='https:\/\/linkedin.com\/shareArticle?mini=true&#038;title=M%C3%A1s%20de%20mil%20sostenedores%20han%20solicitado%20recursos%20a%20Mineduc%20para%20un%20retorno%20seguro%20a%20clases&#038;url=https:\/\/radiorevelacionfm.cl\/?p=6772' aria-hidden='false' data-av_icon='\ue8fc' data-av_iconfont='entypo-fontello' title='' data-avia-related-tooltip='Compartir en LinkedIn' rel=\"noopener\"><span class='avia_hidden_link_text'>Compartir en LinkedIn<\/span><\/a><\/li><li class='av-share-link av-social-link-mail' ><a  aria-label=\"Compartir por correo\" href='mailto:?subject=M%C3%A1s%20de%20mil%20sostenedores%20han%20solicitado%20recursos%20a%20Mineduc%20para%20un%20retorno%20seguro%20a%20clases&#038;body=https:\/\/radiorevelacionfm.cl\/?p=6772' aria-hidden='false' data-av_icon='\ue805' data-av_iconfont='entypo-fontello' title='' data-avia-related-tooltip='Compartir por correo'><span class='avia_hidden_link_text'>Compartir por correo<\/span><\/a><\/li><\/ul><\/div><\/div>\n<div  style='height:50px' class='hr hr-invisible   avia-builder-el-8  el_after_av_social_share  el_before_av_comments_list '><span class='hr-inner ' ><span class='hr-inner-style'><\/span><\/span><\/div>\n<div  class='av-buildercomment  av-blog-meta-html-info-disabled av-blog-meta-tag-disabled  '><\/div>\n","protected":false},"excerpt":{"rendered":"","protected":false},"author":1,"featured_media":6773,"comment_status":"open","ping_status":"open","sticky":false,"template":"","format":"standard","meta":{"footnotes":""},"categories":[49],"tags":[],"class_list":["post-6772","post","type-post","status-publish","format-standard","has-post-thumbnail","hentry","category-educacion"],"jetpack_featured_media_url":"https:\/\/radiorevelacionfm.cl\/wp-content\/uploads\/2021\/07\/Fondos-COVID-1-1.jpg","_links":{"self":[{"href":"https:\/\/radiorevelacionfm.cl\/index.php?rest_route=\/wp\/v2\/posts\/6772","targetHints":{"allow":["GET"]}}],"collection":[{"href":"https:\/\/radiorevelacionfm.cl\/index.php?rest_route=\/wp\/v2\/posts"}],"about":[{"href":"https:\/\/radiorevelacionfm.cl\/index.php?rest_route=\/wp\/v2\/types\/post"}],"author":[{"embeddable":true,"href":"https:\/\/radiorevelacionfm.cl\/index.php?rest_route=\/wp\/v2\/users\/1"}],"replies":[{"embeddable":true,"href":"https:\/\/radiorevelacionfm.cl\/index.php?rest_route=%2Fwp%2Fv2%2Fcomments&post=6772"}],"version-history":[{"count":1,"href":"https:\/\/radiorevelacionfm.cl\/index.php?rest_route=\/wp\/v2\/posts\/6772\/revisions"}],"predecessor-version":[{"id":6774,"href":"https:\/\/radiorevelacionfm.cl\/index.php?rest_route=\/wp\/v2\/posts\/6772\/revisions\/6774"}],"wp:featuredmedia":[{"embeddable":true,"href":"https:\/\/radiorevelacionfm.cl\/index.php?rest_route=\/wp\/v2\/media\/6773"}],"wp:attachment":[{"href":"https:\/\/radiorevelacionfm.cl\/index.php?rest_route=%2Fwp%2Fv2%2Fmedia&parent=6772"}],"wp:term":[{"taxonomy":"category","embeddable":true,"href":"https:\/\/radiorevelacionfm.cl\/index.php?rest_route=%2Fwp%2Fv2%2Fcategories&post=6772"},{"taxonomy":"post_tag","embeddable":true,"href":"https:\/\/radiorevelacionfm.cl\/index.php?rest_route=%2Fwp%2Fv2%2Ftags&post=6772"}],"curies":[{"name":"wp","href":"https:\/\/api.w.org\/{rel}","templated":true}]}}