{"id":6766,"date":"2021-07-29T10:35:09","date_gmt":"2021-07-29T13:35:09","guid":{"rendered":"https:\/\/radiorevelacionfm.cl\/?p=6766"},"modified":"2021-07-29T16:30:31","modified_gmt":"2021-07-29T19:30:31","slug":"casa-sinergia-invita-a-participar-en-seminario-web-uso-de-marcas-territoriales","status":"publish","type":"post","link":"https:\/\/radiorevelacionfm.cl\/?p=6766","title":{"rendered":"Casa Sinergia invita a participar en Seminario Web Uso de Marcas Territoriales"},"content":{"rendered":"<div class=\"flex_column av_one_full  flex_column_div av-zero-column-padding first  avia-builder-el-0  el_before_av_one_full  avia-builder-el-first  \" style='border-radius:0px; '><div  class='avia-image-container  av-styling-    avia-builder-el-1  avia-builder-el-no-sibling  avia-align-center '  itemprop=\"image\" itemscope=\"itemscope\" itemtype=\"https:\/\/schema.org\/ImageObject\"  ><div class='avia-image-container-inner'><div class='avia-image-overlay-wrap'><img decoding=\"async\" class='wp-image-6770 avia-img-lazy-loading-not-6770 avia_image' src=\"https:\/\/radiorevelacionfm.cl\/wp-content\/uploads\/2021\/07\/Casa-Sinergia-1-1.jpg\" alt='' title='Casa Sinergia (1) (1)' height=\"600\" width=\"600\"  itemprop=\"thumbnailUrl\" srcset=\"https:\/\/radiorevelacionfm.cl\/wp-content\/uploads\/2021\/07\/Casa-Sinergia-1-1.jpg 600w, https:\/\/radiorevelacionfm.cl\/wp-content\/uploads\/2021\/07\/Casa-Sinergia-1-1-300x300.jpg 300w, https:\/\/radiorevelacionfm.cl\/wp-content\/uploads\/2021\/07\/Casa-Sinergia-1-1-80x80.jpg 80w, https:\/\/radiorevelacionfm.cl\/wp-content\/uploads\/2021\/07\/Casa-Sinergia-1-1-36x36.jpg 36w, https:\/\/radiorevelacionfm.cl\/wp-content\/uploads\/2021\/07\/Casa-Sinergia-1-1-180x180.jpg 180w, https:\/\/radiorevelacionfm.cl\/wp-content\/uploads\/2021\/07\/Casa-Sinergia-1-1-100x100.jpg 100w\" sizes=\"(max-width: 600px) 100vw, 600px\" \/><\/div><\/div><\/div><\/div><div class=\"flex_column av_one_full  flex_column_div av-zero-column-padding first  avia-builder-el-2  el_after_av_one_full  el_before_av_one_full  column-top-margin\" style='border-radius:0px; '><section class=\"av_textblock_section \"  itemscope=\"itemscope\" itemtype=\"https:\/\/schema.org\/BlogPosting\" itemprop=\"blogPost\" ><div class='avia_textblock  '   itemprop=\"text\" ><p style=\"text-align: center;\"><strong><span style=\"font-size: 18pt;\">Casa Sinergia invita a participar en Seminario Web Uso de Marcas Territoriales<\/span><\/strong><\/p>\n<div id=\"gtx-trans\" style=\"position: absolute; left: -50px; top: 4.31534px;\">\n<div class=\"gtx-trans-icon\"><\/div>\n<\/div>\n<\/div><\/section><\/div><\/p>\n<div class=\"flex_column av_one_full  flex_column_div av-zero-column-padding first  avia-builder-el-4  el_after_av_one_full  el_before_av_hr  column-top-margin\" style='border-radius:0px; '><section class=\"av_textblock_section \"  itemscope=\"itemscope\" itemtype=\"https:\/\/schema.org\/BlogPosting\" itemprop=\"blogPost\" ><div class='avia_textblock  '   itemprop=\"text\" ><p style=\"text-align: justify;\">Con el objetivo de conocer las oportunidades que genera la utilizaci\u00f3n de marcas territoriales para aumentar la competitividad de las empresas regionales, se realizar\u00e1 este viernes 30 de Julio a las 10:00 am a trav\u00e9s de plataforma zoom, el webinar \u201cUso de Marcas Territoriales: Desaf\u00edos y Oportunidades\u201d, seminario organizado por el cowork Casa Sinergia.<\/p>\n<p style=\"text-align: justify;\">La actividad cuenta con expositores de las instituciones que coordinan programas de uso de marca en distintos niveles, como INAPI a trav\u00e9s de su programa Sello de Origen, el programa Uso Marca Chile, y el programa Marca Ays\u00e9n Patagonia del Gobierno Regional de Ays\u00e9n, adem\u00e1s de un empresario regional que expondr\u00e1 sobre su experiencia en la utilizaci\u00f3n de un programa de marca.<\/p>\n<p style=\"text-align: justify;\">Manuel Vivar, director de Casa Sinergia, destac\u00f3 la iniciativa \u201cen el trabajo junto a los emprendimientos que participan con nosotros, nos dimos cuenta de la necesidad de conocer m\u00e1s antecedentes de los programas de marca territorial y as\u00ed aprovechar las oportunidades que tienen nuestras empresas regionales de estar situadas en este tremendo entorno. Estar en la regi\u00f3n de Ays\u00e9n, si bien presenta desaf\u00edos log\u00edsticos que dificultan a veces los emprendimientos, tambi\u00e9n nos entrega oportunidades para diferenciarse y acceder a otros mercados, eso es lo que buscamos visibilizar con esta actividad\u201d.<\/p>\n<p style=\"text-align: justify;\">La actividad se enmarca en el desarrollo del programa Despega en Ays\u00e9n que ejecuta Casa Sinergia en colaboraci\u00f3n con\u00a0IncubatecUFRO\u00a0y Red de Mentores de Impacto, y apoyado por Corfo a trav\u00e9s de su l\u00ednea Potencia Asociativo, donde uno de los objetivos es realizar actividades de fortalecimiento del Ecosistema. Las inscripciones est\u00e1n disponibles a trav\u00e9s de redes sociales de Casa Sinergia y en <a href=\"http:\/\/www.despegaenaysen.cl\">www.despegaenaysen.cl<\/a><\/p>\n<\/div><\/section><\/div>\n<div  style='height:50px' class='hr hr-invisible   avia-builder-el-6  el_after_av_one_full  el_before_av_social_share '><span class='hr-inner ' ><span class='hr-inner-style'><\/span><\/span><\/div>\n<div  class='av-social-sharing-box  avia-builder-el-7  el_after_av_hr  el_before_av_hr  '><div class='av-share-box'><h5 class='av-share-link-description av-no-toc '>Compartir esta noticia<\/h5><ul class='av-share-box-list noLightbox'><li class='av-share-link av-social-link-facebook' ><a target=\"_blank\" aria-label=\"Compartir en Facebook\" href='https:\/\/www.facebook.com\/sharer.php?u=https:\/\/radiorevelacionfm.cl\/?p=6766&#038;t=Casa%20Sinergia%20invita%20a%20participar%20en%20Seminario%20Web%20Uso%20de%20Marcas%20Territoriales' aria-hidden='false' data-av_icon='\ue8f3' data-av_iconfont='entypo-fontello' title='' data-avia-related-tooltip='Compartir en Facebook' rel=\"noopener\"><span class='avia_hidden_link_text'>Compartir en Facebook<\/span><\/a><\/li><li class='av-share-link av-social-link-twitter' ><a target=\"_blank\" aria-label=\"Compartir en Twitter\" href='https:\/\/twitter.com\/share?text=Casa%20Sinergia%20invita%20a%20participar%20en%20Seminario%20Web%20Uso%20de%20Marcas%20Territoriales&#038;url=https:\/\/radiorevelacionfm.cl\/?p=6766' aria-hidden='false' data-av_icon='\ue8f1' data-av_iconfont='entypo-fontello' title='' data-avia-related-tooltip='Compartir en Twitter' rel=\"noopener\"><span class='avia_hidden_link_text'>Compartir en Twitter<\/span><\/a><\/li><li class='av-share-link av-social-link-whatsapp' ><a target=\"_blank\" aria-label=\"Compartir en Whatsapp\" href='https:\/\/api.whatsapp.com\/send?text=https:\/\/radiorevelacionfm.cl\/?p=6766' aria-hidden='false' data-av_icon='\uf232' data-av_iconfont='entypo-fontello' title='' data-avia-related-tooltip='Compartir en Whatsapp' rel=\"noopener\"><span class='avia_hidden_link_text'>Compartir en Whatsapp<\/span><\/a><\/li><li class='av-share-link av-social-link-linkedin' ><a target=\"_blank\" aria-label=\"Compartir en LinkedIn\" href='https:\/\/linkedin.com\/shareArticle?mini=true&#038;title=Casa%20Sinergia%20invita%20a%20participar%20en%20Seminario%20Web%20Uso%20de%20Marcas%20Territoriales&#038;url=https:\/\/radiorevelacionfm.cl\/?p=6766' aria-hidden='false' data-av_icon='\ue8fc' data-av_iconfont='entypo-fontello' title='' data-avia-related-tooltip='Compartir en LinkedIn' rel=\"noopener\"><span class='avia_hidden_link_text'>Compartir en LinkedIn<\/span><\/a><\/li><li class='av-share-link av-social-link-mail' ><a  aria-label=\"Compartir por correo\" href='mailto:?subject=Casa%20Sinergia%20invita%20a%20participar%20en%20Seminario%20Web%20Uso%20de%20Marcas%20Territoriales&#038;body=https:\/\/radiorevelacionfm.cl\/?p=6766' aria-hidden='false' data-av_icon='\ue805' data-av_iconfont='entypo-fontello' title='' data-avia-related-tooltip='Compartir por correo'><span class='avia_hidden_link_text'>Compartir por correo<\/span><\/a><\/li><\/ul><\/div><\/div>\n<div  style='height:50px' class='hr hr-invisible   avia-builder-el-8  el_after_av_social_share  el_before_av_comments_list '><span class='hr-inner ' ><span class='hr-inner-style'><\/span><\/span><\/div>\n<div  class='av-buildercomment  av-blog-meta-html-info-disabled av-blog-meta-tag-disabled  '><\/div>\n","protected":false},"excerpt":{"rendered":"","protected":false},"author":1,"featured_media":6805,"comment_status":"open","ping_status":"open","sticky":false,"template":"","format":"standard","meta":{"footnotes":""},"categories":[37],"tags":[],"class_list":["post-6766","post","type-post","status-publish","format-standard","has-post-thumbnail","hentry","category-economia"],"jetpack_featured_media_url":"https:\/\/radiorevelacionfm.cl\/wp-content\/uploads\/2021\/07\/casa-sinergia-v2_optimized.jpg","_links":{"self":[{"href":"https:\/\/radiorevelacionfm.cl\/index.php?rest_route=\/wp\/v2\/posts\/6766","targetHints":{"allow":["GET"]}}],"collection":[{"href":"https:\/\/radiorevelacionfm.cl\/index.php?rest_route=\/wp\/v2\/posts"}],"about":[{"href":"https:\/\/radiorevelacionfm.cl\/index.php?rest_route=\/wp\/v2\/types\/post"}],"author":[{"embeddable":true,"href":"https:\/\/radiorevelacionfm.cl\/index.php?rest_route=\/wp\/v2\/users\/1"}],"replies":[{"embeddable":true,"href":"https:\/\/radiorevelacionfm.cl\/index.php?rest_route=%2Fwp%2Fv2%2Fcomments&post=6766"}],"version-history":[{"count":2,"href":"https:\/\/radiorevelacionfm.cl\/index.php?rest_route=\/wp\/v2\/posts\/6766\/revisions"}],"predecessor-version":[{"id":6771,"href":"https:\/\/radiorevelacionfm.cl\/index.php?rest_route=\/wp\/v2\/posts\/6766\/revisions\/6771"}],"wp:featuredmedia":[{"embeddable":true,"href":"https:\/\/radiorevelacionfm.cl\/index.php?rest_route=\/wp\/v2\/media\/6805"}],"wp:attachment":[{"href":"https:\/\/radiorevelacionfm.cl\/index.php?rest_route=%2Fwp%2Fv2%2Fmedia&parent=6766"}],"wp:term":[{"taxonomy":"category","embeddable":true,"href":"https:\/\/radiorevelacionfm.cl\/index.php?rest_route=%2Fwp%2Fv2%2Fcategories&post=6766"},{"taxonomy":"post_tag","embeddable":true,"href":"https:\/\/radiorevelacionfm.cl\/index.php?rest_route=%2Fwp%2Fv2%2Ftags&post=6766"}],"curies":[{"name":"wp","href":"https:\/\/api.w.org\/{rel}","templated":true}]}}