{"id":6763,"date":"2021-07-29T10:31:11","date_gmt":"2021-07-29T13:31:11","guid":{"rendered":"https:\/\/radiorevelacionfm.cl\/?p=6763"},"modified":"2021-07-29T10:31:11","modified_gmt":"2021-07-29T13:31:11","slug":"proponen-zona-de-servicio-para-mejorar-frecuencias-de-transporte-en-la-ruta-chacabuco-puerto-aysen","status":"publish","type":"post","link":"https:\/\/radiorevelacionfm.cl\/?p=6763","title":{"rendered":"Proponen zona de servicio para mejorar frecuencias de transporte en la ruta Chacabuco \u2013 Puerto Ays\u00e9n"},"content":{"rendered":"<div class=\"flex_column av_one_full  flex_column_div av-zero-column-padding first  avia-builder-el-0  el_before_av_one_full  avia-builder-el-first  \" style='border-radius:0px; '><div  class='avia-image-container  av-styling-    avia-builder-el-1  avia-builder-el-no-sibling  avia-align-center '  itemprop=\"image\" itemscope=\"itemscope\" itemtype=\"https:\/\/schema.org\/ImageObject\"  ><div class='avia-image-container-inner'><div class='avia-image-overlay-wrap'><img decoding=\"async\" class='wp-image-6764 avia-img-lazy-loading-not-6764 avia_image' src=\"https:\/\/radiorevelacionfm.cl\/wp-content\/uploads\/2021\/07\/DSC_4669-1-1.jpg\" alt='' title='DSC_4669 (1) (1)' height=\"600\" width=\"903\"  itemprop=\"thumbnailUrl\" srcset=\"https:\/\/radiorevelacionfm.cl\/wp-content\/uploads\/2021\/07\/DSC_4669-1-1.jpg 903w, https:\/\/radiorevelacionfm.cl\/wp-content\/uploads\/2021\/07\/DSC_4669-1-1-300x199.jpg 300w, https:\/\/radiorevelacionfm.cl\/wp-content\/uploads\/2021\/07\/DSC_4669-1-1-768x510.jpg 768w, https:\/\/radiorevelacionfm.cl\/wp-content\/uploads\/2021\/07\/DSC_4669-1-1-705x468.jpg 705w, https:\/\/radiorevelacionfm.cl\/wp-content\/uploads\/2021\/07\/DSC_4669-1-1-600x399.jpg 600w\" sizes=\"(max-width: 903px) 100vw, 903px\" \/><\/div><\/div><\/div><\/div><div class=\"flex_column av_one_full  flex_column_div av-zero-column-padding first  avia-builder-el-2  el_after_av_one_full  el_before_av_one_full  column-top-margin\" style='border-radius:0px; '><section class=\"av_textblock_section \"  itemscope=\"itemscope\" itemtype=\"https:\/\/schema.org\/BlogPosting\" itemprop=\"blogPost\" ><div class='avia_textblock  '   itemprop=\"text\" ><p style=\"text-align: center;\"><strong><span style=\"font-size: 18pt;\">Proponen zona de servicio para mejorar frecuencias de transporte en la ruta Chacabuco \u2013 Puerto Ays\u00e9n<\/span><\/strong><\/p>\n<div id=\"gtx-trans\" style=\"position: absolute; left: -50px; top: 4.31534px;\">\n<div class=\"gtx-trans-icon\"><\/div>\n<\/div>\n<\/div><\/section><\/div><div class=\"flex_column av_one_full  flex_column_div av-zero-column-padding first  avia-builder-el-4  el_after_av_one_full  el_before_av_hr  column-top-margin\" style='border-radius:0px; '><section class=\"av_textblock_section \"  itemscope=\"itemscope\" itemtype=\"https:\/\/schema.org\/BlogPosting\" itemprop=\"blogPost\" ><div class='avia_textblock  '   itemprop=\"text\" ><p style=\"font-weight: 400; text-align: justify;\">A fin de resolver las demandas de transporte p\u00fabico de los habitantes de Puerto Chacabuco, el ministerio de Transportes y Telecomunicaciones inici\u00f3 el dise\u00f1o de una zona de servicio entre dicha localidad y la capital comunal, Puerto Ays\u00e9n. Esta iniciativa consiste en licitar esta ruta para un solo operador de transporte, el cual tendr\u00e1 que cumplir con frecuencias, horarios de atenci\u00f3n, tarifas establecidas y m\u00e1quinas que cumplan con est\u00e1ndares de calidad y capacidad de pasajeros.<\/p>\n<p style=\"font-weight: 400; text-align: justify;\">El seremiTT Fabi\u00e1n Rojas dio cuenta de la situaci\u00f3n que hoy viven los vecinos del sector porte\u00f1o y c\u00f3mo se pretende solucionar con un sistema de movilizaci\u00f3n m\u00e1s eficiente: \u201cEn el \u00faltimo tiempo se ha vivido una falta de servicio, de atenci\u00f3n y la falta de frecuencia en los servicios de transporte p\u00fablico. Por ejemplo, sabemos que hay muchos trabajadores y estudiantes que vienen de Chacabuco a Coyhaique y que llegan a altas horas de la noche y tenemos que asegurarles un servicio de transporte. El compromiso del ministerio y del Gobierno ha sido sacar adelante este proyecto que va a ser la primera zona de servicio de la regi\u00f3n de Ays\u00e9n\u201d.<\/p>\n<p style=\"font-weight: 400; text-align: justify;\">En una exposici\u00f3n a dirigentes vecinales de Puerto Chacabuco, \u00e9stos pudieron conocer las caracter\u00edsticas generales de la propuesta, cuya inversi\u00f3n se estima en m\u00e1s de 250 millones de pesos anuales.<\/p>\n<p style=\"font-weight: 400; text-align: justify;\">\u201cAgradecemos que hayan venido a informarnos esta excelente noticia, como le dec\u00eda al seremi esto es un sue\u00f1o que ojal\u00e1 se cumpla lo m\u00e1s pronto posible\u201d, intervino Marina Cariman, presidenta de la Junta de Vecinos Los Pioneros de Puerto Chacabuco.<\/p>\n<p style=\"font-weight: 400; text-align: justify;\">Ismael Huenteo, dirigente de la comunidad tambi\u00e9n expres\u00f3 la necesidad de poder hacer realidad esta zona de servicio. \u201cPodr\u00edamos decir que ya est\u00e1 m\u00e1s cerca de poder concretarse este proyecto, que va a generar un notable cambio para todos los vecinos de nuestra comuna y de nuestra gente de Ays\u00e9n tambi\u00e9n\u201d, indic\u00f3.<\/p>\n<p style=\"font-weight: 400; text-align: justify;\">El dise\u00f1o se encuentra culminando la etapa de an\u00e1lisis, por lo que se espera proceder pr\u00f3ximamente al proceso de elaboraci\u00f3n de bases de licitaci\u00f3n p\u00fablica para posterior convocatoria.<\/p>\n<\/div><\/section><\/div><div  style='height:50px' class='hr hr-invisible   avia-builder-el-6  el_after_av_one_full  el_before_av_social_share '><span class='hr-inner ' ><span class='hr-inner-style'><\/span><\/span><\/div><\/p>\n<div  class='av-social-sharing-box  avia-builder-el-7  el_after_av_hr  el_before_av_hr  '><div class='av-share-box'><h5 class='av-share-link-description av-no-toc '>Compartir esta noticia<\/h5><ul class='av-share-box-list noLightbox'><li class='av-share-link av-social-link-facebook' ><a target=\"_blank\" aria-label=\"Compartir en Facebook\" href='https:\/\/www.facebook.com\/sharer.php?u=https:\/\/radiorevelacionfm.cl\/?p=6763&#038;t=Proponen%20zona%20de%20servicio%20para%20mejorar%20frecuencias%20de%20transporte%20en%20la%20ruta%20Chacabuco%20%E2%80%93%20Puerto%20Ays%C3%A9n' aria-hidden='false' data-av_icon='\ue8f3' data-av_iconfont='entypo-fontello' title='' data-avia-related-tooltip='Compartir en Facebook' rel=\"noopener\"><span class='avia_hidden_link_text'>Compartir en Facebook<\/span><\/a><\/li><li class='av-share-link av-social-link-twitter' ><a target=\"_blank\" aria-label=\"Compartir en Twitter\" href='https:\/\/twitter.com\/share?text=Proponen%20zona%20de%20servicio%20para%20mejorar%20frecuencias%20de%20transporte%20en%20la%20ruta%20Chacabuco%20%E2%80%93%20Puerto%20Ays%C3%A9n&#038;url=https:\/\/radiorevelacionfm.cl\/?p=6763' aria-hidden='false' data-av_icon='\ue8f1' data-av_iconfont='entypo-fontello' title='' data-avia-related-tooltip='Compartir en Twitter' rel=\"noopener\"><span class='avia_hidden_link_text'>Compartir en Twitter<\/span><\/a><\/li><li class='av-share-link av-social-link-whatsapp' ><a target=\"_blank\" aria-label=\"Compartir en Whatsapp\" href='https:\/\/api.whatsapp.com\/send?text=https:\/\/radiorevelacionfm.cl\/?p=6763' aria-hidden='false' data-av_icon='\uf232' data-av_iconfont='entypo-fontello' title='' data-avia-related-tooltip='Compartir en Whatsapp' rel=\"noopener\"><span class='avia_hidden_link_text'>Compartir en Whatsapp<\/span><\/a><\/li><li class='av-share-link av-social-link-linkedin' ><a target=\"_blank\" aria-label=\"Compartir en LinkedIn\" href='https:\/\/linkedin.com\/shareArticle?mini=true&#038;title=Proponen%20zona%20de%20servicio%20para%20mejorar%20frecuencias%20de%20transporte%20en%20la%20ruta%20Chacabuco%20%E2%80%93%20Puerto%20Ays%C3%A9n&#038;url=https:\/\/radiorevelacionfm.cl\/?p=6763' aria-hidden='false' data-av_icon='\ue8fc' data-av_iconfont='entypo-fontello' title='' data-avia-related-tooltip='Compartir en LinkedIn' rel=\"noopener\"><span class='avia_hidden_link_text'>Compartir en LinkedIn<\/span><\/a><\/li><li class='av-share-link av-social-link-mail' ><a  aria-label=\"Compartir por correo\" href='mailto:?subject=Proponen%20zona%20de%20servicio%20para%20mejorar%20frecuencias%20de%20transporte%20en%20la%20ruta%20Chacabuco%20%E2%80%93%20Puerto%20Ays%C3%A9n&#038;body=https:\/\/radiorevelacionfm.cl\/?p=6763' aria-hidden='false' data-av_icon='\ue805' data-av_iconfont='entypo-fontello' title='' data-avia-related-tooltip='Compartir por correo'><span class='avia_hidden_link_text'>Compartir por correo<\/span><\/a><\/li><\/ul><\/div><\/div>\n<div  style='height:50px' class='hr hr-invisible   avia-builder-el-8  el_after_av_social_share  el_before_av_comments_list '><span class='hr-inner ' ><span class='hr-inner-style'><\/span><\/span><\/div>\n<div  class='av-buildercomment  av-blog-meta-html-info-disabled av-blog-meta-tag-disabled  '><\/div>\n","protected":false},"excerpt":{"rendered":"","protected":false},"author":1,"featured_media":6764,"comment_status":"open","ping_status":"open","sticky":false,"template":"","format":"standard","meta":{"footnotes":""},"categories":[59],"tags":[],"class_list":["post-6763","post","type-post","status-publish","format-standard","has-post-thumbnail","hentry","category-transporte"],"jetpack_featured_media_url":"https:\/\/radiorevelacionfm.cl\/wp-content\/uploads\/2021\/07\/DSC_4669-1-1.jpg","_links":{"self":[{"href":"https:\/\/radiorevelacionfm.cl\/index.php?rest_route=\/wp\/v2\/posts\/6763","targetHints":{"allow":["GET"]}}],"collection":[{"href":"https:\/\/radiorevelacionfm.cl\/index.php?rest_route=\/wp\/v2\/posts"}],"about":[{"href":"https:\/\/radiorevelacionfm.cl\/index.php?rest_route=\/wp\/v2\/types\/post"}],"author":[{"embeddable":true,"href":"https:\/\/radiorevelacionfm.cl\/index.php?rest_route=\/wp\/v2\/users\/1"}],"replies":[{"embeddable":true,"href":"https:\/\/radiorevelacionfm.cl\/index.php?rest_route=%2Fwp%2Fv2%2Fcomments&post=6763"}],"version-history":[{"count":1,"href":"https:\/\/radiorevelacionfm.cl\/index.php?rest_route=\/wp\/v2\/posts\/6763\/revisions"}],"predecessor-version":[{"id":6765,"href":"https:\/\/radiorevelacionfm.cl\/index.php?rest_route=\/wp\/v2\/posts\/6763\/revisions\/6765"}],"wp:featuredmedia":[{"embeddable":true,"href":"https:\/\/radiorevelacionfm.cl\/index.php?rest_route=\/wp\/v2\/media\/6764"}],"wp:attachment":[{"href":"https:\/\/radiorevelacionfm.cl\/index.php?rest_route=%2Fwp%2Fv2%2Fmedia&parent=6763"}],"wp:term":[{"taxonomy":"category","embeddable":true,"href":"https:\/\/radiorevelacionfm.cl\/index.php?rest_route=%2Fwp%2Fv2%2Fcategories&post=6763"},{"taxonomy":"post_tag","embeddable":true,"href":"https:\/\/radiorevelacionfm.cl\/index.php?rest_route=%2Fwp%2Fv2%2Ftags&post=6763"}],"curies":[{"name":"wp","href":"https:\/\/api.w.org\/{rel}","templated":true}]}}